{"id":448017,"date":"2021-05-04T10:47:12","date_gmt":"2021-05-04T08:47:12","guid":{"rendered":"https:\/\/hashtag.al\/?p=448017"},"modified":"2021-05-04T10:48:19","modified_gmt":"2021-05-04T08:48:19","slug":"ilir-meta-shqiperia-do-ta-justifikoje-deri-ne-fund-besimin-e-madh-nga-nato","status":"publish","type":"post","link":"https:\/\/www.hashtag.al\/index.php\/2021\/05\/04\/ilir-meta-shqiperia-do-ta-justifikoje-deri-ne-fund-besimin-e-madh-nga-nato\/","title":{"rendered":"Ilir Meta: Shqip\u00ebria do ta justifikoj\u00eb deri n\u00eb fund besimin e madh nga NATO","gt_translate_keys":[{"key":"rendered","format":"text"}]},"content":{"rendered":"<p><a href=\"https:\/\/hashtag.al\/wp-content\/uploads\/2021\/05\/METa.jpg\"><img loading=\"lazy\" decoding=\"async\" class=\"aligncenter size-full wp-image-448012\" src=\"https:\/\/hashtag.al\/wp-content\/uploads\/2021\/05\/METa.jpg\" alt=\"\" width=\"997\" height=\"532\" srcset=\"https:\/\/www.hashtag.al\/wp-content\/uploads\/2021\/05\/METa.jpg 997w, https:\/\/www.hashtag.al\/wp-content\/uploads\/2021\/05\/METa-300x160.jpg 300w, https:\/\/www.hashtag.al\/wp-content\/uploads\/2021\/05\/METa-768x410.jpg 768w\" sizes=\"auto, (max-width: 997px) 100vw, 997px\" \/><\/a><\/p>\n<p><span style=\"color: #000000;\">N\u00eb fjal\u00ebn e tij n\u00eb ceremonin\u00eb e nisjes s\u00eb st\u00ebrvitjes \u201cDefender Europe 21\u201d, presidenti Ilir Meta, p\u00ebrs\u00ebriti th\u00ebnien q\u00eb p\u00ebr shqiptar\u00ebt \u201cSht\u00ebpia \u00ebsht\u00eb e Zotit dhe e mikut\u201d, duke i shprehur mir\u00ebseardhjen aleat\u00ebve amerikan\u00eb dhe t\u00eb NATO-s n\u00eb vend.<\/span><\/p>\n<p><span style=\"color: #000000;\">Gjat\u00eb fjal\u00ebs s\u00eb tij, Meta tha se Shqip\u00ebria \u00ebsht\u00eb e aft\u00eb p\u00ebr t\u00eb p\u00ebrballuar me rigozitet t\u00eb plot\u00eb t\u00eb gjitha sfidat q\u00eb do t\u2019i ofroj\u00eb st\u00ebrvitja shum\u00ebkomb\u00ebshe. Ai po ashtu u shpreh se \u00ebsht\u00eb angazhuar q\u00eb t\u00eb plot\u00ebsohen t\u00eb gjitha kushtet e siguris\u00eb, sa i p\u00ebrket s\u00ebmundjeve infektive si COVID-19.<\/span><\/p>\n<p><span style=\"color: #000000;\">Meta tha se Shqip\u00ebria do ta plot\u00ebsoj\u00eb deri n\u00eb fund k\u00ebt\u00eb besim t\u00eb madh t\u00eb dh\u00ebn\u00eb nga aleat\u00ebt, duke e lejuar t\u00eb b\u00ebhet vendi prit\u00ebs p\u00ebr k\u00ebt\u00eb st\u00ebrvitje.<\/span><\/p>\n<p><em><span style=\"color: #000000;\">\u00a0\u201cZoti Kryetari i Kuvendit, zoti Kryeminist\u00ebr, zoti Minist\u00ebr i Mbrojtjes, zonja Yuri Kim. T\u00eb nd\u00ebrtuar gjeneral Begaj, ambasador\u00eb dhe ju pjes\u00ebmarr\u00ebs n\u00eb k\u00ebt\u00eb st\u00ebrvitje historike. Kjo st\u00ebrvitje \u00ebsht\u00eb nj\u00eb pjes\u00eb e shum\u00ebs s\u00eb madhe t\u00eb koduar Defender Europe 21. Kjo st\u00ebrvitje q\u00eb drejtohet nga komanda e NATO-s n\u00eb Evrop\u00eb, \u00ebsht\u00eb hera e par\u00eb q\u00eb do t\u00eb zhvillohet n\u00eb Shqip\u00ebri dhe ndihet e nderuar.<\/span><\/em><\/p>\n<p><em><span style=\"color: #000000;\">Shqip\u00ebria si vend an\u00ebtar i NATO-s, ndihet shum\u00eb e vler\u00ebsuar p\u00ebr faktin se i \u00ebsht\u00eb besuar kjo p\u00ebrgjegj\u00ebsi madhore e vendit prit\u00ebs p\u00ebr nj\u00eb nga st\u00ebrvitjet m\u00eb madhore, t\u00eb cilin vendi yn\u00eb, Forcat tona t\u00eb Armatosura dhe gjith\u00eb strukturat tona shtet\u00ebrore, jam i bindur se do ta justifikojn\u00eb plot\u00ebsisht.\u00a0<\/span><\/em><\/p>\n<p><em><span style=\"color: #000000;\">NATO \u00ebsht\u00eb aleanca m\u00eb e madhe e liris\u00eb n\u00eb bot\u00eb, mb\u00ebshtetja ndaj saj \u00ebsht\u00eb unanime si\u00e7 \u00ebsht\u00eb vokacioni dhe p\u00ebrkat\u00ebsia jon\u00eb europiane. Kjo st\u00ebrvitje \u00ebsht\u00eb shum\u00ebkomb\u00ebshe dhe zhvillohet me pjes\u00ebmarrje t\u00eb madhe trupash. Forcat tona t\u00eb armatosura do t\u00eb jen\u00eb t\u00eb angazhuara prej 1 mij\u00eb trupash. Kjo st\u00ebrvitje i jep mund\u00ebsi forcave tona p\u00ebr t\u00eb rritur nivelin e p\u00ebrgatitjes p\u00ebr p\u00ebrmbushjen Kushtetuese ndaj aleanc\u00ebs. Si President i Republik\u00ebs, jam i bindur n\u00eb p\u00ebrmbushjen e detyrimeve t\u00eb Forcave t\u00eb Armatosura, p\u00ebrfshir\u00eb edhe ato t\u00eb s\u00ebmundjeve, fus k\u00ebtu COVID-19.<\/span><\/em><\/p>\n<p><em><span style=\"color: #000000;\">T\u00eb gjith\u00eb pjes\u00ebmarr\u00ebsit e k\u00ebtij ushtrimi do t\u00eb mbeten n\u00eb p\u00ebrshtypjet mbres\u00ebl\u00ebn\u00ebse, sepse sht\u00ebpia e shqiptarit, \u00ebsht\u00eb e mikut dhe e Zotit. T\u00eb nderuar SHBA miq\u00ebsia mes dy kombeve tona \u00ebsht\u00eb e hershme.<\/span><\/em><\/p>\n<p><span style=\"color: #000000;\"><em>Ajo daton edhe p\u00ebrpara sesa poeti i madh amerikan Fellow, t\u00eb thurte nj\u00eb nga poemat e tij p\u00ebr heroin komb\u00ebtar, Gjergj Kastrioti Sk\u00ebnderbeut. Nj\u00eb garanci e forc\u00eb \u00ebsht\u00eb garancia jon\u00eb n\u00eb aleanc\u00ebn Euroatlantike, jam i sigurt q\u00eb p\u00ebrmes k\u00ebsaj st\u00ebrvitje do t\u00eb tregojm\u00eb q\u00eb jemi t\u00eb gatsh\u00ebm t\u00eb mbrojm\u00eb vlerat e demokracis\u00eb n\u00eb Evrop\u00eb dhe n\u00eb t\u00eb gjith\u00eb hap\u00ebsir\u00ebn Euroatlantike.\u201d<\/em>&#8211; tha Meta.<\/span><\/p>\n","protected":false,"gt_translate_keys":[{"key":"rendered","format":"html"}]},"excerpt":{"rendered":"<p>N\u00eb fjal\u00ebn e tij n\u00eb ceremonin\u00eb e nisjes s\u00eb st\u00ebrvitjes \u201cDefender Europe 21\u201d, presidenti Ilir Meta, p\u00ebrs\u00ebriti th\u00ebnien q\u00eb p\u00ebr shqiptar\u00ebt \u201cSht\u00ebpia \u00ebsht\u00eb e Zotit dhe e mikut\u201d, duke i shprehur mir\u00ebseardhjen aleat\u00ebve amerikan\u00eb dhe t\u00eb NATO-s n\u00eb vend. Gjat\u00eb fjal\u00ebs s\u00eb tij, Meta tha se Shqip\u00ebria \u00ebsht\u00eb e aft\u00eb p\u00ebr t\u00eb p\u00ebrballuar me rigozitet [&hellip;]<\/p>\n","protected":false,"gt_translate_keys":[{"key":"rendered","format":"html"}]},"author":30,"featured_media":448012,"comment_status":"open","ping_status":"open","sticky":false,"template":"","format":"standard","meta":{"footnotes":""},"categories":[65,13],"tags":[],"class_list":["post-448017","post","type-post","status-publish","format-standard","has-post-thumbnail","hentry","category-lajme","category-te-fundit"],"gt_translate_keys":[{"key":"link","format":"url"}],"_links":{"self":[{"href":"https:\/\/www.hashtag.al\/index.php\/wp-json\/wp\/v2\/posts\/448017","targetHints":{"allow":["GET"]}}],"collection":[{"href":"https:\/\/www.hashtag.al\/index.php\/wp-json\/wp\/v2\/posts"}],"about":[{"href":"https:\/\/www.hashtag.al\/index.php\/wp-json\/wp\/v2\/types\/post"}],"author":[{"embeddable":true,"href":"https:\/\/www.hashtag.al\/index.php\/wp-json\/wp\/v2\/users\/30"}],"replies":[{"embeddable":true,"href":"https:\/\/www.hashtag.al\/index.php\/wp-json\/wp\/v2\/comments?post=448017"}],"version-history":[{"count":0,"href":"https:\/\/www.hashtag.al\/index.php\/wp-json\/wp\/v2\/posts\/448017\/revisions"}],"wp:featuredmedia":[{"embeddable":true,"href":"https:\/\/www.hashtag.al\/index.php\/wp-json\/wp\/v2\/media\/448012"}],"wp:attachment":[{"href":"https:\/\/www.hashtag.al\/index.php\/wp-json\/wp\/v2\/media?parent=448017"}],"wp:term":[{"taxonomy":"category","embeddable":true,"href":"https:\/\/www.hashtag.al\/index.php\/wp-json\/wp\/v2\/categories?post=448017"},{"taxonomy":"post_tag","embeddable":true,"href":"https:\/\/www.hashtag.al\/index.php\/wp-json\/wp\/v2\/tags?post=448017"}],"curies":[{"name":"wp","href":"https:\/\/api.w.org\/{rel}","templated":true}]}}