{"id":447977,"date":"2021-05-04T09:10:55","date_gmt":"2021-05-04T07:10:55","guid":{"rendered":"https:\/\/hashtag.al\/?p=447977"},"modified":"2021-05-04T09:10:55","modified_gmt":"2021-05-04T07:10:55","slug":"sot-mbahet-seanca-e-pare-ne-kuvend-pas-25-prillit-kryefjale-kerkesa-per-shkarkimin-e-metes","status":"publish","type":"post","link":"https:\/\/www.hashtag.al\/index.php\/2021\/05\/04\/sot-mbahet-seanca-e-pare-ne-kuvend-pas-25-prillit-kryefjale-kerkesa-per-shkarkimin-e-metes\/","title":{"rendered":"Sot mbahet seanca e par\u00eb n\u00eb Kuvend pas 25 prillit, kryefjal\u00eb k\u00ebrkesa p\u00ebr shkarkimin e Met\u00ebs","gt_translate_keys":[{"key":"rendered","format":"text"}]},"content":{"rendered":"<p><a href=\"https:\/\/hashtag.al\/wp-content\/uploads\/2020\/10\/kuvendi.jpg\"><img loading=\"lazy\" decoding=\"async\" class=\"aligncenter size-full wp-image-403853\" src=\"https:\/\/hashtag.al\/wp-content\/uploads\/2020\/10\/kuvendi.jpg\" alt=\"\" width=\"1280\" height=\"853\" srcset=\"https:\/\/www.hashtag.al\/wp-content\/uploads\/2020\/10\/kuvendi.jpg 1280w, https:\/\/www.hashtag.al\/wp-content\/uploads\/2020\/10\/kuvendi-300x200.jpg 300w, https:\/\/www.hashtag.al\/wp-content\/uploads\/2020\/10\/kuvendi-768x512.jpg 768w, https:\/\/www.hashtag.al\/wp-content\/uploads\/2020\/10\/kuvendi-1024x682.jpg 1024w\" sizes=\"auto, (max-width: 1280px) 100vw, 1280px\" \/><\/a><\/p>\n<p><span style=\"color: #000000;\">Sot Kuvendi i Shqip\u00ebris\u00eb do t\u00eb mblidhet p\u00ebr her\u00eb t\u00eb par\u00eb q\u00eb pas zgjedhjeve t\u00eb 25 Prillit.<\/span><\/p>\n<p><span style=\"color: #000000;\">N\u00eb seanc\u00ebn q\u00eb pritet t\u00eb nis\u00eb n\u00eb or\u00ebn 10:00, n\u00ebn drejtimin e kreut t\u00eb Kuvendit, Gramoz Ru\u00e7i, tema kryesore \u00ebsht\u00eb shkarkimi i presidentit Ilir Meta. Nj\u00eb grup deputet\u00ebsh nga PS-ja, kan\u00eb ngritur k\u00ebrkes\u00ebn p\u00ebr ngritjen e nj\u00eb Komisioni Hetimor ndaj presidentit, pasi ai sipas socialist\u00ebve ka kryer shkelje t\u00eb r\u00ebnda t\u00eb Kushtetut\u00ebs para, gjat\u00eb dhe pas fushat\u00ebs zgjedhore t\u00eb 25 prillit.<\/span><\/p>\n<p><span style=\"color: #000000;\">N\u00eb rendin e dit\u00ebs s\u00eb sotme jan\u00eb futur p\u00ebr votime mes t\u00eb tjerave edhe disa projekt-ligje t\u00eb kthyera nga Presidenti Meta\u00a0si dhe akte normative t\u00eb qeveris\u00eb q\u00eb lidhen me marr\u00ebveshje p\u00ebr sigurimin e vaksinave.<\/span><\/p>\n<p><span style=\"color: #000000;\">Kujtojm\u00eb se mandati i deputet\u00ebve aktual\u00eb n\u00eb Kuvendin e Shqip\u00ebris\u00eb p\u00ebrfundon n\u00eb muajin shtator, koh\u00eb kur pritet q\u00eb t\u00eb b\u00ebhet edhe betimi i deputet\u00ebve t\u00eb rinj.<\/span><\/p>\n","protected":false,"gt_translate_keys":[{"key":"rendered","format":"html"}]},"excerpt":{"rendered":"<p>Sot Kuvendi i Shqip\u00ebris\u00eb do t\u00eb mblidhet p\u00ebr her\u00eb t\u00eb par\u00eb q\u00eb pas zgjedhjeve t\u00eb 25 Prillit. N\u00eb seanc\u00ebn q\u00eb pritet t\u00eb nis\u00eb n\u00eb or\u00ebn 10:00, n\u00ebn drejtimin e kreut t\u00eb Kuvendit, Gramoz Ru\u00e7i, tema kryesore \u00ebsht\u00eb shkarkimi i presidentit Ilir Meta. Nj\u00eb grup deputet\u00ebsh nga PS-ja, kan\u00eb ngritur k\u00ebrkes\u00ebn p\u00ebr ngritjen e nj\u00eb Komisioni [&hellip;]<\/p>\n","protected":false,"gt_translate_keys":[{"key":"rendered","format":"html"}]},"author":30,"featured_media":403853,"comment_status":"open","ping_status":"open","sticky":false,"template":"","format":"standard","meta":{"footnotes":""},"categories":[22,65,13],"tags":[],"class_list":["post-447977","post","type-post","status-publish","format-standard","has-post-thumbnail","hentry","category-ballina","category-lajme","category-te-fundit"],"gt_translate_keys":[{"key":"link","format":"url"}],"_links":{"self":[{"href":"https:\/\/www.hashtag.al\/index.php\/wp-json\/wp\/v2\/posts\/447977","targetHints":{"allow":["GET"]}}],"collection":[{"href":"https:\/\/www.hashtag.al\/index.php\/wp-json\/wp\/v2\/posts"}],"about":[{"href":"https:\/\/www.hashtag.al\/index.php\/wp-json\/wp\/v2\/types\/post"}],"author":[{"embeddable":true,"href":"https:\/\/www.hashtag.al\/index.php\/wp-json\/wp\/v2\/users\/30"}],"replies":[{"embeddable":true,"href":"https:\/\/www.hashtag.al\/index.php\/wp-json\/wp\/v2\/comments?post=447977"}],"version-history":[{"count":0,"href":"https:\/\/www.hashtag.al\/index.php\/wp-json\/wp\/v2\/posts\/447977\/revisions"}],"wp:featuredmedia":[{"embeddable":true,"href":"https:\/\/www.hashtag.al\/index.php\/wp-json\/wp\/v2\/media\/403853"}],"wp:attachment":[{"href":"https:\/\/www.hashtag.al\/index.php\/wp-json\/wp\/v2\/media?parent=447977"}],"wp:term":[{"taxonomy":"category","embeddable":true,"href":"https:\/\/www.hashtag.al\/index.php\/wp-json\/wp\/v2\/categories?post=447977"},{"taxonomy":"post_tag","embeddable":true,"href":"https:\/\/www.hashtag.al\/index.php\/wp-json\/wp\/v2\/tags?post=447977"}],"curies":[{"name":"wp","href":"https:\/\/api.w.org\/{rel}","templated":true}]}}