{"id":447910,"date":"2021-05-04T09:00:29","date_gmt":"2021-05-04T07:00:29","guid":{"rendered":"https:\/\/hashtag.al\/?p=447910"},"modified":"2021-05-03T18:34:26","modified_gmt":"2021-05-03T16:34:26","slug":"sot-skadon-afati-i-netanyahut-per-te-formuar-qeverine-e-re","status":"publish","type":"post","link":"https:\/\/www.hashtag.al\/index.php\/2021\/05\/04\/sot-skadon-afati-i-netanyahut-per-te-formuar-qeverine-e-re\/","title":{"rendered":"Sot skadon afati i Netanyahut p\u00ebr t\u00eb formuar qeverin\u00eb \u00a0e re","gt_translate_keys":[{"key":"rendered","format":"text"}]},"content":{"rendered":"<p><img loading=\"lazy\" decoding=\"async\" class=\"aligncenter size-full wp-image-447911\" src=\"https:\/\/hashtag.al\/wp-content\/uploads\/2021\/05\/netanyahu.jpg\" alt=\"\" width=\"864\" height=\"486\" srcset=\"https:\/\/www.hashtag.al\/wp-content\/uploads\/2021\/05\/netanyahu.jpg 864w, https:\/\/www.hashtag.al\/wp-content\/uploads\/2021\/05\/netanyahu-300x169.jpg 300w, https:\/\/www.hashtag.al\/wp-content\/uploads\/2021\/05\/netanyahu-768x432.jpg 768w\" sizes=\"auto, (max-width: 864px) 100vw, 864px\" \/>Afati 28-ditor q\u00eb presidenti izraelit Reuven Rivlin i dha \u200b\u200bdrejtuesit t\u00eb Partis\u00eb Likud dhe kryeministrit t\u00eb p\u00ebrkohsh\u00ebm Benjamin Netanyahu p\u00ebr t\u00eb formuar nj\u00eb qeveri t\u00eb re skadon t\u00eb mart\u00ebn n\u00eb mbr\u00ebmje.<\/p>\n<p>N\u00ebse Netanyahu nuk arrin t\u00eb mbledh\u00eb mb\u00ebshtetje t\u00eb mjaftueshme nga partit\u00eb e tjera, Rivlin do t\u00eb ngarkoj\u00eb Yair Lapid, nj\u00eb an\u00ebtar i Knesset dhe udh\u00ebheq\u00ebs i partis\u00eb t\u00eb qendr\u00ebs s\u00eb majt\u00eb Yesh Atid, me formimin e qeveris\u00eb brenda 28 dit\u00ebve.<\/p>\n<p>Formimi i qeveris\u00eb k\u00ebrkon mb\u00ebshtetjen e t\u00eb pakt\u00ebn 61 prej 120 an\u00ebtar\u00ebve t\u00eb Knesset (parlamenti i Izraelit), di\u00e7ka q\u00eb Netanyahu aktualisht po lufton p\u00ebr ta arritur.<\/p>\n<p>Netanyahu, aktualisht kryeministri me jet\u00eb m\u00eb t\u00eb gjat\u00eb n\u00eb vend, nuk ka arritur t\u00eb fitoj\u00eb mb\u00ebshtetjen e Partis\u00eb s\u00eb Shpres\u00ebs s\u00eb Re t\u00eb krahut t\u00eb djatht\u00eb t\u00eb udh\u00ebhequr nga ish-udh\u00ebheq\u00ebsi i Likud, Gideon Sa&#8217;ar.<\/p>\n<p>P\u00ebr m\u00eb tep\u00ebr, kreu i Partis\u00eb s\u00eb Djatht\u00eb t\u00eb Re (Yamina), Naftali Bennett, nuk e ka ndar\u00eb ende mendjen n\u00ebse duhet t\u00eb mb\u00ebshtes\u00eb Netanyahun apo t\u00eb mb\u00ebshtes\u00eb Lapid, i pari n\u00eb radh\u00eb p\u00ebr t\u00eb formuar qeverin\u00eb n\u00ebse Netanyahu d\u00ebshton.<\/p>\n<p>Sipas ligjit izraelit, n\u00eb rast se personi i dyt\u00eb i ngarkuar me formimin e qeveris\u00eb d\u00ebshton, presidenti izraelit do t&#8217;i referoj\u00eb detyr\u00ebn Knesset, e cila duhet t\u00eb b\u00ebj\u00eb nj\u00eb rekomandim zyrtar t\u00eb nj\u00eb deputeti me mb\u00ebshtetjen e t\u00eb pakt\u00ebn 61 deputet\u00ebve ose t\u00eb th\u00ebrras\u00eb zgjedhje t\u00eb reja .<\/p>\n","protected":false,"gt_translate_keys":[{"key":"rendered","format":"html"}]},"excerpt":{"rendered":"<p>Afati 28-ditor q\u00eb presidenti izraelit Reuven Rivlin i dha \u200b\u200bdrejtuesit t\u00eb Partis\u00eb Likud dhe kryeministrit t\u00eb p\u00ebrkohsh\u00ebm Benjamin Netanyahu p\u00ebr t\u00eb formuar nj\u00eb qeveri t\u00eb re skadon t\u00eb mart\u00ebn n\u00eb mbr\u00ebmje. N\u00ebse Netanyahu nuk arrin t\u00eb mbledh\u00eb mb\u00ebshtetje t\u00eb mjaftueshme nga partit\u00eb e tjera, Rivlin do t\u00eb ngarkoj\u00eb Yair Lapid, nj\u00eb an\u00ebtar i Knesset dhe [&hellip;]<\/p>\n","protected":false,"gt_translate_keys":[{"key":"rendered","format":"html"}]},"author":51,"featured_media":447911,"comment_status":"open","ping_status":"open","sticky":false,"template":"","format":"standard","meta":{"footnotes":""},"categories":[6],"tags":[],"class_list":["post-447910","post","type-post","status-publish","format-standard","has-post-thumbnail","hentry","category-nderkombetare"],"gt_translate_keys":[{"key":"link","format":"url"}],"_links":{"self":[{"href":"https:\/\/www.hashtag.al\/index.php\/wp-json\/wp\/v2\/posts\/447910","targetHints":{"allow":["GET"]}}],"collection":[{"href":"https:\/\/www.hashtag.al\/index.php\/wp-json\/wp\/v2\/posts"}],"about":[{"href":"https:\/\/www.hashtag.al\/index.php\/wp-json\/wp\/v2\/types\/post"}],"author":[{"embeddable":true,"href":"https:\/\/www.hashtag.al\/index.php\/wp-json\/wp\/v2\/users\/51"}],"replies":[{"embeddable":true,"href":"https:\/\/www.hashtag.al\/index.php\/wp-json\/wp\/v2\/comments?post=447910"}],"version-history":[{"count":0,"href":"https:\/\/www.hashtag.al\/index.php\/wp-json\/wp\/v2\/posts\/447910\/revisions"}],"wp:featuredmedia":[{"embeddable":true,"href":"https:\/\/www.hashtag.al\/index.php\/wp-json\/wp\/v2\/media\/447911"}],"wp:attachment":[{"href":"https:\/\/www.hashtag.al\/index.php\/wp-json\/wp\/v2\/media?parent=447910"}],"wp:term":[{"taxonomy":"category","embeddable":true,"href":"https:\/\/www.hashtag.al\/index.php\/wp-json\/wp\/v2\/categories?post=447910"},{"taxonomy":"post_tag","embeddable":true,"href":"https:\/\/www.hashtag.al\/index.php\/wp-json\/wp\/v2\/tags?post=447910"}],"curies":[{"name":"wp","href":"https:\/\/api.w.org\/{rel}","templated":true}]}}