{"id":447529,"date":"2021-05-02T09:00:11","date_gmt":"2021-05-02T07:00:11","guid":{"rendered":"https:\/\/hashtag.al\/?p=447529"},"modified":"2021-05-02T09:04:27","modified_gmt":"2021-05-02T07:04:27","slug":"mbi-gjysma-e-francezeve-mbeshtesin-paralajmerimin-e-gjeneraleve-se-franca-po-shperbehet-e-po-rreshqet-me-shpejtesi-drejt-luftes-civile","status":"publish","type":"post","link":"https:\/\/www.hashtag.al\/index.php\/2021\/05\/02\/mbi-gjysma-e-francezeve-mbeshtesin-paralajmerimin-e-gjeneraleve-se-franca-po-shperbehet-e-po-rreshqet-me-shpejtesi-drejt-luftes-civile\/","title":{"rendered":"Mbi gjysma e francez\u00ebve mb\u00ebshtesin paralajm\u00ebrimin e gjeneral\u00ebve se Franca po \u2018shp\u00ebrb\u00ebhet\u2019 e po rr\u00ebshqet me shpejt\u00ebsi drejt Luft\u00ebs Civile","gt_translate_keys":[{"key":"rendered","format":"text"}]},"content":{"rendered":"<p><span style=\"color: #000000;\"><img loading=\"lazy\" decoding=\"async\" class=\"aligncenter size-full wp-image-447541\" src=\"https:\/\/hashtag.al\/wp-content\/uploads\/2021\/05\/macron.jpg\" alt=\"\" width=\"828\" height=\"552\" srcset=\"https:\/\/www.hashtag.al\/wp-content\/uploads\/2021\/05\/macron.jpg 828w, https:\/\/www.hashtag.al\/wp-content\/uploads\/2021\/05\/macron-300x200.jpg 300w, https:\/\/www.hashtag.al\/wp-content\/uploads\/2021\/05\/macron-768x512.jpg 768w\" sizes=\"auto, (max-width: 828px) 100vw, 828px\" \/><\/span><\/p>\n<p>&nbsp;<\/p>\n<p><span style=\"color: #000000;\">Nj\u00eb paralajm\u00ebrim nga gjeneral\u00ebt n\u00eb pension se Franca po &#8220;shp\u00ebrb\u00ebhet&#8221; dhe rrezikon luft\u00ebn civile, teksa islamist\u00ebt shk\u00ebpusin pjes\u00eb t\u00eb kombit \u00ebsht\u00eb larg nga nj\u00eb pik\u00ebpamje n\u00eb zgrip. N\u00eb fakt, nj\u00eb sondazh i ri tregon se 58% e francez\u00ebve mb\u00ebshtesin \u2018thirrjen p\u00ebr nder\u2019.<\/span><\/p>\n<p><span style=\"color: #000000;\">Megjith\u00ebse kryeministri Jean Castex d\u00ebnoi letr\u00ebn ndaj Presidentit Emmanuel Macron k\u00ebt\u00eb jav\u00eb dhe n\u00ebnshkruesit tani p\u00ebrballen me sanksione disiplinore, sondazhi i LCI TV i kryer nga Harris Interactive sugjeron q\u00eb francez\u00ebt jan\u00eb me 20 gjeneral\u00ebt n\u00eb pension. Sipas sondazhit, i cili u raportua nga revista Valeurs Actuelles, 73% ishin dakord me vler\u00ebsimin se vendi \u00ebsht\u00eb &#8220;duke u shp\u00ebrb\u00ebr\u00eb&#8221;, dhe 84% ran\u00eb dakord q\u00eb dhuna po rritet n\u00eb shoq\u00ebrin\u00eb franceze.<\/span><\/p>\n<p><span style=\"color: #000000;\"><em>&#8220;Koha nuk pret&#8221;<\/em>, thuhej n\u00eb let\u00ebr. <em>&#8220;Franca \u00ebsht\u00eb n\u00eb rrezik&#8221;<\/em>. Ish-gjeneral\u00ebt i k\u00ebrkuan Macron-it dhe udh\u00ebheq\u00ebsve t\u00eb tjer\u00eb t\u00eb \u2018gjenin guximin e nevojsh\u00ebm p\u00ebr t\u00eb zhdukur k\u00ebto rreziqe\u2019, duke paralajm\u00ebruar se p\u00ebrndryshe, \u2018lufta civile mund t&#8217;i jap\u00eb fund kaosit n\u00eb rritje\u2019. N\u00ebnshkruesit shtuan se Macron do t\u00eb ishte p\u00ebrgjegj\u00ebs p\u00ebr mij\u00ebra vdekje n\u00ebse shtynte zvarritjen e zgjidhjes s\u00eb problemit.<\/span><\/p>\n<p><span style=\"color: #000000;\">Letra u botua nga Valeurs Actuelles n\u00eb 21 Prill, q\u00eb ndodhi t\u00eb ishte 60 vjetori i nj\u00eb grushti t\u00eb d\u00ebshtuar ushtarak. Kryetarja e partis\u00eb nacionaliste \u2018Rally National, Marine Le Pen, nj\u00eb kandidate n\u00eb zgjedhjet presidenciale t\u00eb Franc\u00ebs 2022, ra dakord me \u2018thirrjen p\u00ebr nder\u2019, duke th\u00ebn\u00eb se patriot\u00ebt kan\u00eb p\u00ebr detyr\u00eb t\u00eb luftojn\u00eb p\u00ebr \u2018shp\u00ebtimin e vendit\u2019.<\/span><\/p>\n<p><span style=\"color: #000000;\">Sondazhi zbuloi se 58% e t\u00eb anketuarve \u2018mb\u00ebshtesin fjal\u00ebt e ushtar\u00ebve\u2019, nd\u00ebrsa 49% besojn\u00eb se ushtria duhet t\u00eb nd\u00ebrhyj\u00eb, edhe pa nj\u00eb k\u00ebrkes\u00eb t\u00eb qeveris\u00eb, p\u00ebr t\u00eb rivendosur rendin kur \u00ebsht\u00eb e nevojshme, t\u00eb tilla si gjat\u00eb trazirave t\u00eb Jelek\u00ebve t\u00eb Verdh\u00eb. Rreth 74% e pjes\u00ebmarr\u00ebsve ran\u00eb dakord se nismat e supozuara anti-raciz\u00ebm po japin efektin e kund\u00ebrt, duke sulmuar simbolet e Franc\u00ebs dhe duke krijuar m\u00eb shum\u00eb ndarje n\u00eb shoq\u00ebri.<\/span><\/p>\n<p><span style=\"color: #000000;\">Vet\u00ebm nj\u00eb e treta e t\u00eb anketuarve than\u00eb q\u00eb gjeneral\u00ebt dhe t\u00eb tjer\u00ebt q\u00eb n\u00ebnshkruan letr\u00ebn duhet t\u00eb nd\u00ebshkohen. Por kjo \u00ebsht\u00eb ajo ku qeveria me sa duket po shkon me veprimet e saj teksa administrata e Macron po kund\u00ebrp\u00ebrgjigjet kund\u00ebr paralajm\u00ebrimit t\u00eb zymt\u00eb. <\/span><\/p>\n<p><span style=\"color: #000000;\">Shefi i Shtabit t\u00eb forcave t\u00eb armatosura, Gjenerali Francois Lecointre, thuhet se tha t\u00eb enjten se 18 ushtarak\u00eb n\u00eb detyr\u00eb aktive t\u00eb cil\u00ebt u identifikuan si n\u00ebnshkrues t\u00eb letr\u00ebs do t\u00eb p\u00ebrballen me sanksione t\u00eb mundshme disiplinore p\u00ebrpara nj\u00eb gjykate t\u00eb lart\u00eb ushtarake.<\/span><\/p>\n<p><span style=\"color: #000000;\">Q\u00eb nga viti 2015, sulmet terroriste kan\u00eb vrar\u00eb m\u00eb shum\u00eb se 260 persona dhe kan\u00eb plagosur m\u00eb shum\u00eb se 900 n\u00eb Franc\u00eb. Viktima e fundit ishte nj\u00eb punonj\u00ebs policie 49-vje\u00e7ar, i cili u ther me thik\u00eb n\u00eb hyrjen e stacionit t\u00eb policis\u00eb Rambouillet t\u00eb premten e kaluar.<\/span><\/p>\n<p><span style=\"color: #000000;\">P\u00ebrtej incidenteve t\u00eb profilit t\u00eb lart\u00eb terrorist, islamist\u00ebt kan\u00eb krijuar geto ku qytetar\u00ebt vendas francez\u00eb jan\u00eb nj\u00eb pakic\u00eb dhe policia thuhet se ka frik\u00eb t\u00eb shkel\u00eb. N\u00eb sondazhin e LCI, 86% e t\u00eb anketuarve than\u00eb se ligjet e vendit nuk zbatohen n\u00eb disa qytete.<\/span><\/p>\n<p><span style=\"color: #000000;\"><span style=\"color: #ff0000;\"><strong>VINI RE<\/strong><\/span>: Ky material \u00ebsht\u00eb pron\u00ebsi intelektuale e <a href=\"https:\/\/www.rt.com\/news\/522646-france-poll-country-disintegrating\/?fbclid=IwAR3xWz_r1jRHJylZpHek_Q-28H8LaZhvb_ekCzq8MZISKlJFkQHDIAe4cdc\"><span style=\"color: #0000ff;\">RT<\/span><\/a><\/span><\/p>\n","protected":false,"gt_translate_keys":[{"key":"rendered","format":"html"}]},"excerpt":{"rendered":"<p>&nbsp; Nj\u00eb paralajm\u00ebrim nga gjeneral\u00ebt n\u00eb pension se Franca po &#8220;shp\u00ebrb\u00ebhet&#8221; dhe rrezikon luft\u00ebn civile, teksa islamist\u00ebt shk\u00ebpusin pjes\u00eb t\u00eb kombit \u00ebsht\u00eb larg nga nj\u00eb pik\u00ebpamje n\u00eb zgrip. N\u00eb fakt, nj\u00eb sondazh i ri tregon se 58% e francez\u00ebve mb\u00ebshtesin \u2018thirrjen p\u00ebr nder\u2019. Megjith\u00ebse kryeministri Jean Castex d\u00ebnoi letr\u00ebn ndaj Presidentit Emmanuel Macron k\u00ebt\u00eb jav\u00eb [&hellip;]<\/p>\n","protected":false,"gt_translate_keys":[{"key":"rendered","format":"html"}]},"author":51,"featured_media":447541,"comment_status":"open","ping_status":"open","sticky":false,"template":"","format":"standard","meta":{"footnotes":""},"categories":[22,6],"tags":[],"class_list":["post-447529","post","type-post","status-publish","format-standard","has-post-thumbnail","hentry","category-ballina","category-nderkombetare"],"gt_translate_keys":[{"key":"link","format":"url"}],"_links":{"self":[{"href":"https:\/\/www.hashtag.al\/index.php\/wp-json\/wp\/v2\/posts\/447529","targetHints":{"allow":["GET"]}}],"collection":[{"href":"https:\/\/www.hashtag.al\/index.php\/wp-json\/wp\/v2\/posts"}],"about":[{"href":"https:\/\/www.hashtag.al\/index.php\/wp-json\/wp\/v2\/types\/post"}],"author":[{"embeddable":true,"href":"https:\/\/www.hashtag.al\/index.php\/wp-json\/wp\/v2\/users\/51"}],"replies":[{"embeddable":true,"href":"https:\/\/www.hashtag.al\/index.php\/wp-json\/wp\/v2\/comments?post=447529"}],"version-history":[{"count":0,"href":"https:\/\/www.hashtag.al\/index.php\/wp-json\/wp\/v2\/posts\/447529\/revisions"}],"wp:featuredmedia":[{"embeddable":true,"href":"https:\/\/www.hashtag.al\/index.php\/wp-json\/wp\/v2\/media\/447541"}],"wp:attachment":[{"href":"https:\/\/www.hashtag.al\/index.php\/wp-json\/wp\/v2\/media?parent=447529"}],"wp:term":[{"taxonomy":"category","embeddable":true,"href":"https:\/\/www.hashtag.al\/index.php\/wp-json\/wp\/v2\/categories?post=447529"},{"taxonomy":"post_tag","embeddable":true,"href":"https:\/\/www.hashtag.al\/index.php\/wp-json\/wp\/v2\/tags?post=447529"}],"curies":[{"name":"wp","href":"https:\/\/api.w.org\/{rel}","templated":true}]}}