{"id":447177,"date":"2021-04-29T22:47:43","date_gmt":"2021-04-29T20:47:43","guid":{"rendered":"https:\/\/hashtag.al\/?p=447177"},"modified":"2021-04-29T22:49:22","modified_gmt":"2021-04-29T20:49:22","slug":"salianji-shpjegon-procesin-qe-do-ndjeke-pd-ja-per-te-faktuar-masakren-zgjedhore","status":"publish","type":"post","link":"https:\/\/www.hashtag.al\/index.php\/2021\/04\/29\/salianji-shpjegon-procesin-qe-do-ndjeke-pd-ja-per-te-faktuar-masakren-zgjedhore\/","title":{"rendered":"Salianji shpjegon procesin q\u00eb do ndjek\u00eb PD-ja p\u00ebr t\u00eb faktuar \u201cmasakr\u00ebn zgjedhore\u201d","gt_translate_keys":[{"key":"rendered","format":"text"}]},"content":{"rendered":"<p><span style=\"color: #000000;\"><img loading=\"lazy\" decoding=\"async\" class=\"aligncenter size-full wp-image-447178\" src=\"https:\/\/hashtag.al\/wp-content\/uploads\/2021\/04\/salianji.png\" alt=\"\" width=\"1016\" height=\"575\" srcset=\"https:\/\/www.hashtag.al\/wp-content\/uploads\/2021\/04\/salianji.png 1016w, https:\/\/www.hashtag.al\/wp-content\/uploads\/2021\/04\/salianji-300x170.png 300w, https:\/\/www.hashtag.al\/wp-content\/uploads\/2021\/04\/salianji-768x435.png 768w\" sizes=\"auto, (max-width: 1016px) 100vw, 1016px\" \/><\/span><\/p>\n<p><span style=\"color: #000000;\">Kandidati p\u00ebr deputet i Partis\u00eb Demokratike, Ervin Salianji n\u00eb nj\u00eb intervist\u00eb p\u00ebr emisionin \u201cOpen\u201d shpjegoi rrug\u00ebn q\u00eb do ndjek\u00eb opozita p\u00ebr shtremb\u00ebrimin e pretenduar t\u00eb rezultatit t\u00eb zgjedhjeve.<\/span><\/p>\n<p><span style=\"color: #000000;\">Salianji tha se procesi do ankimohet ligj\u00ebrisht\u00eb n\u00eb t\u00eb gjitha hallkat e gjyq\u00ebsorit.<\/span><\/p>\n<p><span style=\"color: #000000;\">M\u00eb tej, PD-ja do dal\u00eb me vendime hap pas hapi.<\/span><\/p>\n<p><span style=\"color: #000000;\">\u201c<em>Ne do e ankimojm\u00eb nga pik\u00ebpamja ligjore. Do e ankimojm\u00eb n\u00eb t\u00eb gjitha instancat, n\u00eb KQZ, n\u00eb KAS, n\u00eb Kolegj Zgjedhor pastaj duke marr\u00eb t\u00eb gjith\u00eb pjes\u00ebn e dokumentacionit, t\u00eb pamjeve filmike, t\u00eb gjitha procesit.<\/em><\/span><\/p>\n<p><span style=\"color: #000000;\"><em>Ne do b\u00ebjm\u00eb gjith\u00e7ka nga pik\u00ebpamja ligjore dhe n\u00ebse nuk funksionon, pa diskutim q\u00eb do marrim vendime hap pas hapi. Jemi akoma pa p\u00ebrfunduar procesin, ju thoni \u00e7far\u00eb do b\u00ebj\u00eb opozita<\/em>\u201d-tha Salianji.<\/span><\/p>\n","protected":false,"gt_translate_keys":[{"key":"rendered","format":"html"}]},"excerpt":{"rendered":"<p>Kandidati p\u00ebr deputet i Partis\u00eb Demokratike, Ervin Salianji n\u00eb nj\u00eb intervist\u00eb p\u00ebr emisionin \u201cOpen\u201d shpjegoi rrug\u00ebn q\u00eb do ndjek\u00eb opozita p\u00ebr shtremb\u00ebrimin e pretenduar t\u00eb rezultatit t\u00eb zgjedhjeve. Salianji tha se procesi do ankimohet ligj\u00ebrisht\u00eb n\u00eb t\u00eb gjitha hallkat e gjyq\u00ebsorit. M\u00eb tej, PD-ja do dal\u00eb me vendime hap pas hapi. \u201cNe do e ankimojm\u00eb [&hellip;]<\/p>\n","protected":false,"gt_translate_keys":[{"key":"rendered","format":"html"}]},"author":32,"featured_media":447178,"comment_status":"open","ping_status":"open","sticky":false,"template":"","format":"standard","meta":{"footnotes":""},"categories":[65,13],"tags":[],"class_list":["post-447177","post","type-post","status-publish","format-standard","has-post-thumbnail","hentry","category-lajme","category-te-fundit"],"gt_translate_keys":[{"key":"link","format":"url"}],"_links":{"self":[{"href":"https:\/\/www.hashtag.al\/index.php\/wp-json\/wp\/v2\/posts\/447177","targetHints":{"allow":["GET"]}}],"collection":[{"href":"https:\/\/www.hashtag.al\/index.php\/wp-json\/wp\/v2\/posts"}],"about":[{"href":"https:\/\/www.hashtag.al\/index.php\/wp-json\/wp\/v2\/types\/post"}],"author":[{"embeddable":true,"href":"https:\/\/www.hashtag.al\/index.php\/wp-json\/wp\/v2\/users\/32"}],"replies":[{"embeddable":true,"href":"https:\/\/www.hashtag.al\/index.php\/wp-json\/wp\/v2\/comments?post=447177"}],"version-history":[{"count":0,"href":"https:\/\/www.hashtag.al\/index.php\/wp-json\/wp\/v2\/posts\/447177\/revisions"}],"wp:featuredmedia":[{"embeddable":true,"href":"https:\/\/www.hashtag.al\/index.php\/wp-json\/wp\/v2\/media\/447178"}],"wp:attachment":[{"href":"https:\/\/www.hashtag.al\/index.php\/wp-json\/wp\/v2\/media?parent=447177"}],"wp:term":[{"taxonomy":"category","embeddable":true,"href":"https:\/\/www.hashtag.al\/index.php\/wp-json\/wp\/v2\/categories?post=447177"},{"taxonomy":"post_tag","embeddable":true,"href":"https:\/\/www.hashtag.al\/index.php\/wp-json\/wp\/v2\/tags?post=447177"}],"curies":[{"name":"wp","href":"https:\/\/api.w.org\/{rel}","templated":true}]}}