{"id":446726,"date":"2021-04-28T11:53:05","date_gmt":"2021-04-28T09:53:05","guid":{"rendered":"https:\/\/hashtag.al\/?p=446726"},"modified":"2021-04-28T12:36:50","modified_gmt":"2021-04-28T10:36:50","slug":"monika-kryemadhi-uroj-bandat-e-oligarket-per-fitoren-dhe-vucicin-per-sondazhet-e-sakta-i-kerkoj-falje-metes","status":"publish","type":"post","link":"https:\/\/www.hashtag.al\/index.php\/2021\/04\/28\/monika-kryemadhi-uroj-bandat-e-oligarket-per-fitoren-dhe-vucicin-per-sondazhet-e-sakta-i-kerkoj-falje-metes\/","title":{"rendered":"Monika Kryemadhi: Uroj bandat e oligark\u00ebt p\u00ebr fitoren dhe Vu\u00e7i\u00e7in p\u00ebr sondazhet e sakta, i k\u00ebrkoj falje Met\u00ebs","gt_translate_keys":[{"key":"rendered","format":"text"}]},"content":{"rendered":"<p><a href=\"https:\/\/hashtag.al\/wp-content\/uploads\/2021\/04\/Kryemadhi-8.jpg\"><img loading=\"lazy\" decoding=\"async\" class=\"aligncenter size-full wp-image-446727\" src=\"https:\/\/hashtag.al\/wp-content\/uploads\/2021\/04\/Kryemadhi-8.jpg\" alt=\"\" width=\"945\" height=\"522\" srcset=\"https:\/\/www.hashtag.al\/wp-content\/uploads\/2021\/04\/Kryemadhi-8.jpg 945w, https:\/\/www.hashtag.al\/wp-content\/uploads\/2021\/04\/Kryemadhi-8-300x166.jpg 300w, https:\/\/www.hashtag.al\/wp-content\/uploads\/2021\/04\/Kryemadhi-8-768x424.jpg 768w, https:\/\/www.hashtag.al\/wp-content\/uploads\/2021\/04\/Kryemadhi-8-750x415.jpg 750w\" sizes=\"auto, (max-width: 945px) 100vw, 945px\" \/><\/a><\/p>\n<p><span style=\"color: #000000;\">Kryetarja e LSI-s\u00eb Monika Kryemadhi ka b\u00ebr\u00eb reagimin e par\u00eb zyrtar pas humbjes s\u00eb thell\u00eb t\u00eb zgjedhjeve t\u00eb 25 Prillit.<\/span><\/p>\n<p><span style=\"color: #000000;\">Ajo tha se kjo ishte fitore e bandave dhe e oligark\u00ebve q\u00eb sipas saj kan\u00eb vjedhur votat. Ajo pranoi se opozita e Bashkuar ka ndjekur nj\u00eb strategji t\u00eb gabuar sa i takon djegies s\u00eb mandateve dhe mosmarrjes pjes\u00eb n\u00eb zgjedhjet lokale.<\/span><\/p>\n<p><em><span style=\"color: #000000;\">\u201cT\u00eb dashur miq, ju falenderoj nga zemra p\u00ebr gjith\u00eb suportin q\u00eb i keni dh\u00ebn\u00eb kandidat\u00ebve t\u00eb LSI-s\u00eb dhe LSI-s\u00eb.<\/span><\/em><\/p>\n<p><em><span style=\"color: #000000;\">S\u00eb pari dua t\u00eb uroj fitoren e oligark\u00ebve dhe bandave sepse ata jan\u00eb fituesit e v\u00ebrtet\u00eb t\u00eb k\u00ebtyre zgjedhjeve.<\/span><\/em><\/p>\n<p><em><span style=\"color: #000000;\">S\u00eb dyti uroj presidentin Vu\u00e7i\u00e7 p\u00ebr sondazhet e sakta q\u00eb dha p\u00ebr Shqip\u00ebrin\u00eb.<\/span><\/em><\/p>\n<p><em><span style=\"color: #000000;\">Sot u mbyll\u00ebn rezultatet e zgjedhjeve, dua t\u00eb falenderoj 170 mij\u00eb votuesit e vlefsh\u00ebm dhe 81 mij\u00eb votuesit e pavlefsh\u00ebm ku 71% e tyre jan\u00eb t\u00eb LSI-s\u00eb.<\/span><\/em><\/p>\n<p><em><span style=\"color: #000000;\">Falenderoj qytetar\u00ebt e ndersh\u00ebm q\u00eb nuk pranuan t\u00eb intimidohen as t\u00eb shiten por vazhduan luft\u00ebn deri n\u00eb fund.<\/span><\/em><\/p>\n<p><em><span style=\"color: #000000;\">Zbatuam nj\u00eb strategji q\u00eb pati pasoja n\u00eb k\u00ebt\u00eb rezultat dhe nuk refletoi vullnetin e qytetar\u00ebve p\u00ebr ndryshim, duke nisur nga djegia e mandateve, mosmarrja pjes\u00eb n\u00eb zgjedhjet lokale ku dashje pa dashje i dham\u00eb t\u00eb gjitha pushtetet n\u00eb dor\u00eb Edi Ram\u00ebs, bandave dhe oligark\u00ebve.<\/span><\/em><\/p>\n<p><span style=\"color: #000000;\"><em>Kjo gj\u00eb, koha dhe ky rezultat tregoi se shqet\u00ebsimi i presidentit ishte i drejt\u00eb dhe n\u00eb em\u00ebr t\u00eb LSI-s\u00eb dhe timin personal dua t\u2019i k\u00ebrkoj falje p\u00ebr k\u00ebt\u00eb \u00e7ast, veprim, q\u00ebndrim q\u00eb nuk solli at\u00eb q\u00eb 70% e shqiptar\u00ebve donin- ndryshimin, por solli vet\u00ebm rr\u00ebmbimin e pushtetit nga bandat e oligark\u00ebt.\u201d-<\/em> deklaroi Kryemadhi.<\/span><\/p>\n","protected":false,"gt_translate_keys":[{"key":"rendered","format":"html"}]},"excerpt":{"rendered":"<p>Kryetarja e LSI-s\u00eb Monika Kryemadhi ka b\u00ebr\u00eb reagimin e par\u00eb zyrtar pas humbjes s\u00eb thell\u00eb t\u00eb zgjedhjeve t\u00eb 25 Prillit. Ajo tha se kjo ishte fitore e bandave dhe e oligark\u00ebve q\u00eb sipas saj kan\u00eb vjedhur votat. Ajo pranoi se opozita e Bashkuar ka ndjekur nj\u00eb strategji t\u00eb gabuar sa i takon djegies s\u00eb mandateve [&hellip;]<\/p>\n","protected":false,"gt_translate_keys":[{"key":"rendered","format":"html"}]},"author":30,"featured_media":446727,"comment_status":"open","ping_status":"open","sticky":false,"template":"","format":"standard","meta":{"footnotes":""},"categories":[22,65,13],"tags":[],"class_list":["post-446726","post","type-post","status-publish","format-standard","has-post-thumbnail","hentry","category-ballina","category-lajme","category-te-fundit"],"gt_translate_keys":[{"key":"link","format":"url"}],"_links":{"self":[{"href":"https:\/\/www.hashtag.al\/index.php\/wp-json\/wp\/v2\/posts\/446726","targetHints":{"allow":["GET"]}}],"collection":[{"href":"https:\/\/www.hashtag.al\/index.php\/wp-json\/wp\/v2\/posts"}],"about":[{"href":"https:\/\/www.hashtag.al\/index.php\/wp-json\/wp\/v2\/types\/post"}],"author":[{"embeddable":true,"href":"https:\/\/www.hashtag.al\/index.php\/wp-json\/wp\/v2\/users\/30"}],"replies":[{"embeddable":true,"href":"https:\/\/www.hashtag.al\/index.php\/wp-json\/wp\/v2\/comments?post=446726"}],"version-history":[{"count":0,"href":"https:\/\/www.hashtag.al\/index.php\/wp-json\/wp\/v2\/posts\/446726\/revisions"}],"wp:featuredmedia":[{"embeddable":true,"href":"https:\/\/www.hashtag.al\/index.php\/wp-json\/wp\/v2\/media\/446727"}],"wp:attachment":[{"href":"https:\/\/www.hashtag.al\/index.php\/wp-json\/wp\/v2\/media?parent=446726"}],"wp:term":[{"taxonomy":"category","embeddable":true,"href":"https:\/\/www.hashtag.al\/index.php\/wp-json\/wp\/v2\/categories?post=446726"},{"taxonomy":"post_tag","embeddable":true,"href":"https:\/\/www.hashtag.al\/index.php\/wp-json\/wp\/v2\/tags?post=446726"}],"curies":[{"name":"wp","href":"https:\/\/api.w.org\/{rel}","templated":true}]}}