{"id":446548,"date":"2021-04-27T16:37:00","date_gmt":"2021-04-27T14:37:00","guid":{"rendered":"https:\/\/hashtag.al\/?p=446548"},"modified":"2021-04-27T16:39:10","modified_gmt":"2021-04-27T14:39:10","slug":"brenda-mjetit-ne-elbasan-u-gjeten-fotokopje-kartash-identiteti-u-qellua-nga-drejtime-te-ndryshme-berisha-nxjerr-raportin-e-prokurorise-e-akuzon-veliun","status":"publish","type":"post","link":"https:\/\/www.hashtag.al\/index.php\/2021\/04\/27\/brenda-mjetit-ne-elbasan-u-gjeten-fotokopje-kartash-identiteti-u-qellua-nga-drejtime-te-ndryshme-berisha-nxjerr-raportin-e-prokurorise-e-akuzon-veliun\/","title":{"rendered":"\u201cBrenda mjetit n\u00eb Elbasan u gjet\u00ebn fotokopje kartash identiteti, u q\u00ebllua nga drejtime t\u00eb ndryshme\u201d \u2013 Berisha nxjerr raportin e prokuroris\u00eb e akuzon Veliun","gt_translate_keys":[{"key":"rendered","format":"text"}]},"content":{"rendered":"<p><span style=\"color: #000000;\"><img loading=\"lazy\" decoding=\"async\" class=\"aligncenter size-full wp-image-446558\" src=\"https:\/\/hashtag.al\/wp-content\/uploads\/2021\/04\/elbasanxhuvani.jpg\" alt=\"\" width=\"2000\" height=\"1000\" srcset=\"https:\/\/www.hashtag.al\/wp-content\/uploads\/2021\/04\/elbasanxhuvani.jpg 2000w, https:\/\/www.hashtag.al\/wp-content\/uploads\/2021\/04\/elbasanxhuvani-300x150.jpg 300w, https:\/\/www.hashtag.al\/wp-content\/uploads\/2021\/04\/elbasanxhuvani-768x384.jpg 768w, https:\/\/www.hashtag.al\/wp-content\/uploads\/2021\/04\/elbasanxhuvani-1024x512.jpg 1024w\" sizes=\"auto, (max-width: 2000px) 100vw, 2000px\" \/><\/span><\/p>\n<p><span style=\"color: #000000;\">Sipas procesverbalit t\u00eb prokuroris\u00eb s\u00eb Elbasanit lidhur me p\u00ebrplasjen me arm\u00eb ku mbeti i vdekur Pjerin Xhuvani e u plagos\u00ebn kat\u00ebr persona t\u00eb tjer\u00eb mes t\u00eb cil\u00ebve edhe nj\u00eb police, n\u00eb nj\u00eb makin\u00eb pran\u00eb vendit t\u00eb ngjarjes jan\u00eb gjetur kopje kartash identiteti e pasaportash t\u00eb shtetasve t\u00eb ndrysh\u00ebm, pes\u00eb flet\u00eb formati me emra e numra t\u00eb kartave t\u00eb identitetit t\u00eb shtetasve t\u00eb ndrysh\u00ebm.<\/span><\/p>\n<p><span style=\"color: #000000;\"> N\u00eb raportin prej gjasht\u00eb faqesh, ku p\u00ebrshkruhet dinamika e ngjarjes s\u00eb r\u00ebnd\u00eb q\u00eb ndodhi para zgjedhjeve t\u00eb 25 prillit, thuhet gjithashtu se n\u00eb vendin e ngjarjes \u00ebsht\u00eb gjuajtur me arm\u00eb nga drejtime t\u00eb ndryshme dhe se jan\u00eb gjetur lloje t\u00eb ndryshme g\u00ebzhojash.<\/span><\/p>\n<p><span style=\"color: #000000;\">Raporti \u00ebsht\u00eb publikuar nga ish-kryeministri Berisha n\u00eb Facebook, ku ai akuzon drejtorin e Policis\u00eb s\u00eb Shtetit, Veliu, se g\u00ebnjeu n\u00eb deklarat\u00ebn e tij nj\u00eb dit\u00eb pas ngjarjes s\u00eb r\u00ebnd\u00eb.<\/span><\/p>\n<p><span style=\"color: #000000;\"><em>Breakin News!<\/em><\/span><\/p>\n<p><span style=\"color: #000000;\"><em>Raporti zyrtar mbi ngjarjen tragjike ne Elbasan! Trafikanti Ardi Veliu ka mashtruar publikisht shqiptaret.<\/em><\/span><\/p>\n<p><span style=\"color: #000000;\"><em>Ne makinen e banditeve,trafikantit Greca dhe vrasesit Klement Xhaferi sipas raportit zyrtar qe policia i ka dorzuar Veliut dhe prokurorise\u00a0 u gjenden dhjetra karta identiteti, pasaporta biometrike, flete votimi, bllok pagesash deri dhe shkop gome policie.<\/em><\/span><\/p>\n<p><span style=\"color: #000000;\"><em>Ndersa kryehorri i pafytyre ne krye te narkopolicise u tha shqiptareve se ne makinat e bandes nuk u gjenden materiale zgjedhore.<\/em><\/span><\/p>\n<p><span style=\"color: #000000;\"><em>Perve\u00e7 kesaj ne raportin oficereve te policise ne vend ngjarje drejtuar kryehorrit ne krye te narkopolicise dhe narkoprokurorit te Elbasanit thuhet se u gjeten 3 lloj gezhojash cka tregon se ne drejtim te aktivisteve te Pd u qellua nga dy gryka zjarri, Ardi Veliu mashtroi duke thene se u gjeten dy lloj gezhojash.<\/em><\/span><\/p>\n<p><span style=\"color: #000000;\"><em>Ketu me poshte keni raportin e dy oficereve te policise gjyqsore per ngjarjen qe pergjaku Elbasanin, i cili deshmon vertetsine e plote te deshmive te veprimtareve te PD per ngjarjen tragjike dhe manipulimin e ngjarjes nga autori i vrasjes se vertet Edi Rama dhe puthadori i tij Ardi Veliu! sb<\/em><\/span><\/p>\n<p><span style=\"color: #000000;\"><img loading=\"lazy\" decoding=\"async\" class=\"aligncenter size-full wp-image-446549\" src=\"https:\/\/hashtag.al\/wp-content\/uploads\/2021\/04\/elbasan6.jpg\" alt=\"\" width=\"768\" height=\"1024\" srcset=\"https:\/\/www.hashtag.al\/wp-content\/uploads\/2021\/04\/elbasan6.jpg 768w, https:\/\/www.hashtag.al\/wp-content\/uploads\/2021\/04\/elbasan6-225x300.jpg 225w\" sizes=\"auto, (max-width: 768px) 100vw, 768px\" \/><img loading=\"lazy\" decoding=\"async\" class=\"aligncenter size-full wp-image-446550\" src=\"https:\/\/hashtag.al\/wp-content\/uploads\/2021\/04\/elbasan5.jpg\" alt=\"\" width=\"768\" height=\"1024\" srcset=\"https:\/\/www.hashtag.al\/wp-content\/uploads\/2021\/04\/elbasan5.jpg 768w, https:\/\/www.hashtag.al\/wp-content\/uploads\/2021\/04\/elbasan5-225x300.jpg 225w\" sizes=\"auto, (max-width: 768px) 100vw, 768px\" \/><img loading=\"lazy\" decoding=\"async\" class=\"aligncenter size-full wp-image-446551\" src=\"https:\/\/hashtag.al\/wp-content\/uploads\/2021\/04\/elbasan4.jpg\" alt=\"\" width=\"768\" height=\"1024\" srcset=\"https:\/\/www.hashtag.al\/wp-content\/uploads\/2021\/04\/elbasan4.jpg 768w, https:\/\/www.hashtag.al\/wp-content\/uploads\/2021\/04\/elbasan4-225x300.jpg 225w\" sizes=\"auto, (max-width: 768px) 100vw, 768px\" \/><img loading=\"lazy\" decoding=\"async\" class=\"aligncenter size-full wp-image-446552\" src=\"https:\/\/hashtag.al\/wp-content\/uploads\/2021\/04\/elbasan3.jpg\" alt=\"\" width=\"768\" height=\"1024\" srcset=\"https:\/\/www.hashtag.al\/wp-content\/uploads\/2021\/04\/elbasan3.jpg 768w, https:\/\/www.hashtag.al\/wp-content\/uploads\/2021\/04\/elbasan3-225x300.jpg 225w\" sizes=\"auto, (max-width: 768px) 100vw, 768px\" \/><img loading=\"lazy\" decoding=\"async\" class=\"aligncenter size-full wp-image-446553\" src=\"https:\/\/hashtag.al\/wp-content\/uploads\/2021\/04\/elbasan1.jpg\" alt=\"\" width=\"768\" height=\"1024\" srcset=\"https:\/\/www.hashtag.al\/wp-content\/uploads\/2021\/04\/elbasan1.jpg 768w, https:\/\/www.hashtag.al\/wp-content\/uploads\/2021\/04\/elbasan1-225x300.jpg 225w\" sizes=\"auto, (max-width: 768px) 100vw, 768px\" \/><img loading=\"lazy\" decoding=\"async\" class=\"aligncenter size-full wp-image-446554\" src=\"https:\/\/hashtag.al\/wp-content\/uploads\/2021\/04\/elbasan2.jpg\" alt=\"\" width=\"768\" height=\"1024\" srcset=\"https:\/\/www.hashtag.al\/wp-content\/uploads\/2021\/04\/elbasan2.jpg 768w, https:\/\/www.hashtag.al\/wp-content\/uploads\/2021\/04\/elbasan2-225x300.jpg 225w\" sizes=\"auto, (max-width: 768px) 100vw, 768px\" \/><img loading=\"lazy\" decoding=\"async\" class=\"aligncenter size-full wp-image-446556\" src=\"https:\/\/hashtag.al\/wp-content\/uploads\/2021\/04\/ardiveliu1.jpg\" alt=\"\" width=\"768\" height=\"1024\" srcset=\"https:\/\/www.hashtag.al\/wp-content\/uploads\/2021\/04\/ardiveliu1.jpg 768w, https:\/\/www.hashtag.al\/wp-content\/uploads\/2021\/04\/ardiveliu1-225x300.jpg 225w\" sizes=\"auto, (max-width: 768px) 100vw, 768px\" \/><\/span><\/p>\n","protected":false,"gt_translate_keys":[{"key":"rendered","format":"html"}]},"excerpt":{"rendered":"<p>Sipas procesverbalit t\u00eb prokuroris\u00eb s\u00eb Elbasanit lidhur me p\u00ebrplasjen me arm\u00eb ku mbeti i vdekur Pjerin Xhuvani e u plagos\u00ebn kat\u00ebr persona t\u00eb tjer\u00eb mes t\u00eb cil\u00ebve edhe nj\u00eb police, n\u00eb nj\u00eb makin\u00eb pran\u00eb vendit t\u00eb ngjarjes jan\u00eb gjetur kopje kartash identiteti e pasaportash t\u00eb shtetasve t\u00eb ndrysh\u00ebm, pes\u00eb flet\u00eb formati me emra e numra [&hellip;]<\/p>\n","protected":false,"gt_translate_keys":[{"key":"rendered","format":"html"}]},"author":51,"featured_media":446558,"comment_status":"open","ping_status":"open","sticky":false,"template":"","format":"standard","meta":{"footnotes":""},"categories":[65,13],"tags":[],"class_list":["post-446548","post","type-post","status-publish","format-standard","has-post-thumbnail","hentry","category-lajme","category-te-fundit"],"gt_translate_keys":[{"key":"link","format":"url"}],"_links":{"self":[{"href":"https:\/\/www.hashtag.al\/index.php\/wp-json\/wp\/v2\/posts\/446548","targetHints":{"allow":["GET"]}}],"collection":[{"href":"https:\/\/www.hashtag.al\/index.php\/wp-json\/wp\/v2\/posts"}],"about":[{"href":"https:\/\/www.hashtag.al\/index.php\/wp-json\/wp\/v2\/types\/post"}],"author":[{"embeddable":true,"href":"https:\/\/www.hashtag.al\/index.php\/wp-json\/wp\/v2\/users\/51"}],"replies":[{"embeddable":true,"href":"https:\/\/www.hashtag.al\/index.php\/wp-json\/wp\/v2\/comments?post=446548"}],"version-history":[{"count":0,"href":"https:\/\/www.hashtag.al\/index.php\/wp-json\/wp\/v2\/posts\/446548\/revisions"}],"wp:featuredmedia":[{"embeddable":true,"href":"https:\/\/www.hashtag.al\/index.php\/wp-json\/wp\/v2\/media\/446558"}],"wp:attachment":[{"href":"https:\/\/www.hashtag.al\/index.php\/wp-json\/wp\/v2\/media?parent=446548"}],"wp:term":[{"taxonomy":"category","embeddable":true,"href":"https:\/\/www.hashtag.al\/index.php\/wp-json\/wp\/v2\/categories?post=446548"},{"taxonomy":"post_tag","embeddable":true,"href":"https:\/\/www.hashtag.al\/index.php\/wp-json\/wp\/v2\/tags?post=446548"}],"curies":[{"name":"wp","href":"https:\/\/api.w.org\/{rel}","templated":true}]}}