{"id":446531,"date":"2021-04-27T15:24:37","date_gmt":"2021-04-27T13:24:37","guid":{"rendered":"https:\/\/hashtag.al\/?p=446531"},"modified":"2021-04-27T15:24:37","modified_gmt":"2021-04-27T13:24:37","slug":"tre-kandidatet-e-vetevendosjes-terheqin-vezhguesit-japin-10-arsye-deformim-masiv-i-votes","status":"publish","type":"post","link":"https:\/\/www.hashtag.al\/index.php\/2021\/04\/27\/tre-kandidatet-e-vetevendosjes-terheqin-vezhguesit-japin-10-arsye-deformim-masiv-i-votes\/","title":{"rendered":"Tre kandidat\u00ebt e Vet\u00ebvendosjes t\u00ebrheqin v\u00ebzhguesit, japin 10 arsye : Deformim masiv i vot\u00ebs","gt_translate_keys":[{"key":"rendered","format":"text"}]},"content":{"rendered":"<p><span style=\"color: #000000;\"><img loading=\"lazy\" decoding=\"async\" class=\"aligncenter size-full wp-image-446532\" src=\"https:\/\/hashtag.al\/wp-content\/uploads\/2021\/04\/abazshehumerxhani.jpg\" alt=\"\" width=\"2407\" height=\"1226\" srcset=\"https:\/\/www.hashtag.al\/wp-content\/uploads\/2021\/04\/abazshehumerxhani.jpg 2407w, https:\/\/www.hashtag.al\/wp-content\/uploads\/2021\/04\/abazshehumerxhani-300x153.jpg 300w, https:\/\/www.hashtag.al\/wp-content\/uploads\/2021\/04\/abazshehumerxhani-768x391.jpg 768w, https:\/\/www.hashtag.al\/wp-content\/uploads\/2021\/04\/abazshehumerxhani-1024x522.jpg 1024w, https:\/\/www.hashtag.al\/wp-content\/uploads\/2021\/04\/abazshehumerxhani-568x290.jpg 568w\" sizes=\"auto, (max-width: 2407px) 100vw, 2407px\" \/><\/span><\/p>\n<p><span style=\"color: #000000;\">Tre kandidat\u00ebt e L\u00ebvizjes Vet\u00ebvendosje n\u00eb zgjedhjet\u00a0 25 prillit kan\u00eb t\u00ebrhequr m\u00ebngjesin e sot\u00ebm t\u00eb gjith\u00eb v\u00ebzhguesit e tyre t\u00eb certifikuar nga procesi i monitorimit t\u00eb votave n\u00eb tre qarqet ku kan\u00eb garuar.<\/span><\/p>\n<p><span style=\"color: #000000;\"> Boiken Abazi n\u00eb Tiran\u00eb, Iliaz Shehu n\u00eb Lezh\u00eb dhe Kreshnik Merxhani n\u00eb Gjirokast\u00ebr kan\u00eb theksuar n\u00eb nj\u00eb deklarat\u00eb zyrtare se shkak p\u00ebr k\u00ebt\u00eb jan\u00eb v\u00ebr\u00eb shkeljet ligjore t\u00eb p\u00ebrs\u00ebritura dhe deformimi i vot\u00ebs s\u00eb tyre. <\/span><\/p>\n<p><span style=\"color: #000000;\">Ata kan\u00eb cekur nj\u00eb s\u00ebr\u00eb arsyesh mbi vendimin e marr\u00eb. Dit\u00ebn e djeshme, Abazi denoncoi me video e foto veprimet e komisioner\u00ebve n\u00eb disa qendra duke pretenduar se votat e tij po b\u00ebheshin t\u00eb pavlefshme.<\/span><\/p>\n<p><span style=\"color: #000000;\"><strong>Deklarata<\/strong><\/span><\/p>\n<p><span style=\"color: #000000;\"><em>V\u00ebzhgim i vjedhjes e i deformimit t\u00eb vot\u00ebs<\/em><\/span><\/p>\n<p><span style=\"color: #000000;\"><em>Boiken Abazi n\u00eb Qarkun Tiran\u00eb, Iliaz Shehu n\u00eb Qarkun e Lezh\u00ebs dhe Kreshnik Merxhani n\u00eb Qarkun e Gjirokastr\u00ebs, tre kandidat\u00ebt e pavarur t\u00eb mb\u00ebshtetur nga L\u00ebvizja VET\u00cbVENDOSJE!, kan\u00eb t\u00ebrhequr sot n\u00eb or\u00ebt e para t\u00eb m\u00ebngjesit t\u00eb gjith\u00eb v\u00ebzhguesit e tyre t\u00eb certifikuar nga procesi i monitorimit t\u00eb num\u00ebrimit t\u00eb votave n\u00eb tre qarqet ku ata garojn\u00eb.<\/em><\/span><\/p>\n<p><span style=\"color: #000000;\"><em>Ky vendim ka ardhur pas shkeljeve ligjore t\u00eb p\u00ebrs\u00ebritura n\u00ebp\u00ebr qendrat e num\u00ebrimit. K\u00ebto shkelje kan\u00eb p\u00ebrfshir\u00eb:<\/em><\/span><\/p>\n<p><span style=\"color: #000000;\"><em>-Vendime p\u00ebr t\u00eb mos lejuar v\u00ebzhguesit e tre kandidat\u00ebve t\u00eb pavarur t\u00eb hyn\u00eb n\u00eb disa prej\u00a0 qendrave t\u00eb num\u00ebrimit, ve\u00e7an\u00ebrisht gjat\u00eb procesit t\u00eb hapjes s\u00eb kutive.<\/em><\/span><\/p>\n<p><span style=\"color: #000000;\"><em>-Presioni dhe k\u00ebrc\u00ebnimet drejtuar v\u00ebzhguesve p\u00ebr t\u00eb mos dokumentuar me fotografi dhe video krimin elektoral q\u00eb ka ndodhur brenda qendrave t\u00eb num\u00ebrimit.<\/em><\/span><\/p>\n<p><span style=\"color: #000000;\"><em>-Pengesat direkte edhe t\u00eb kandidat\u00ebve p\u00ebr t\u00eb hyr\u00eb n\u00eb disa prej qendrave t\u00eb num\u00ebrimit, si n\u00eb rastin e Shkoll\u00ebs \u201cBajram Curri\u201d n\u00eb Tiran\u00eb.<\/em><\/span><\/p>\n<p><span style=\"color: #000000;\"><em>-Mosreagimin dhe moskok\u00eb\u00e7arjen prej komisioneve t\u00eb num\u00ebrimit t\u00eb votave, ndaj k\u00ebrkesave legjitime t\u00eb v\u00ebzhguesve t\u00eb tre kandidat\u00ebve t\u00eb pavarur.<\/em><\/span><\/p>\n<p><span style=\"color: #000000;\"><em>-Eliminimi nga procesverbali i raportimit t\u00eb votave n\u00eb \u201cShkoll\u00ebn e Kuqe\u201d n\u00eb Tiran\u00eb p\u00ebr kandidatin Boiken Abazi n\u00eb dat\u00ebn 26 prill 2021.<\/em><\/span><\/p>\n<p><span style=\"color: #000000;\"><em>-Dhuna e pajustifikuar q\u00eb shp\u00ebrtheu brenda dhe jasht\u00eb shkoll\u00ebs \u201c1 Maji\u201d n\u00eb Tiran\u00eb nga komisioner\u00ebt si dhe nga forcat e policis\u00eb, duke i shtuar brutalitet atmosfer\u00ebs k\u00ebrc\u00ebnuese, e duke rr\u00ebnuar procesin zgjedhor.<\/em><\/span><\/p>\n<p><span style=\"color: #000000;\"><em>-P\u00ebrs\u00ebritja e fenomenit t\u00eb vjedhjes dhe\/ose shpalljes s\u00eb vot\u00ebs si t\u00eb pavlefshme nga ana e komisioner\u00ebve p\u00ebrmes vendosjes s\u00eb nj\u00eb \u201cX\u201d t\u00eb dyt\u00eb n\u00eb shum\u00eb flet\u00ebvotime ku ka patur votim t\u00eb kandidat\u00ebve t\u00eb pavarur. Kjo gj\u00eb \u00ebsht\u00eb dokumentuar gjer\u00ebsisht n\u00eb raportet me shkrim q\u00eb kemi nga v\u00ebzhguesit tan\u00eb, por edhe n\u00eb fotografi, madje edhe n\u00eb nj\u00eb video t\u00eb ardhur nga Qarku Gjirokast\u00ebr.<\/em><\/span><\/p>\n<p><span style=\"color: #000000;\"><em>-N\u00eb tavolinat e num\u00ebruesve ka patur vazhdimisht stilolaps\u00eb t\u00eb t\u00eb nj\u00ebjt\u00ebs ngjyr\u00eb me at\u00eb q\u00eb \u00ebsht\u00eb p\u00ebrdorur n\u00eb qendrat e votimeve p\u00ebr t\u00eb votuar. Kemi raportime nga v\u00ebzhguesit p\u00ebr raste kur komisioner\u00ebt kan\u00eb sh\u00ebnuar n\u00eb flet\u00ebt e votimit demonstrativisht me ata stilolaps\u00eb, dhe kur v\u00ebzhguesit jan\u00eb p\u00ebrpjekur t\u00eb b\u00ebjn\u00eb fotografi apo video, komisioner\u00ebt u kan\u00eb k\u00ebrkuar forcave t\u00eb rendit t\u00eb nxjerrin jasht\u00eb ambienteve t\u00eb qendrave t\u00eb num\u00ebrimit v\u00ebzhguesit.<\/em><\/span><\/p>\n<p><span style=\"color: #000000;\"><em>-N\u00eb disa Qendra Num\u00ebrimi ka patur kuti me m\u00eb pak flet\u00ebvotime se sa votues t\u00eb regjistruar, sic ka ndodhur edhe e anasjellta, ku ka patur m\u00eb shum\u00eb flet\u00ebvotime se sa votues t\u00eb regjistruar.<\/em><\/span><\/p>\n<p><span style=\"color: #000000;\"><em>-Keqp\u00ebrdorimi i Policis\u00eb s\u00eb Shtetit duke e vendosur n\u00eb sh\u00ebrbim t\u00eb zbatimit t\u00eb urdhrave t\u00eb jasht\u00ebligjsh\u00ebm q\u00eb jan\u00eb dh\u00ebn\u00eb n\u00eb disa raste prej disa prej kryetar\u00ebve t\u00eb qendrave t\u00eb num\u00ebrimit.<\/em><\/span><\/p>\n<p><span style=\"color: #000000;\"><em>Ekipi ligjor i L\u00ebvizjes VET\u00cbVENDOSJE! \u00ebsht\u00eb duke grumbulluar t\u00eb gjitha provat dhe d\u00ebshmit\u00eb me shkrim, fotografi dhe pamje filmike p\u00ebr t\u00eb dor\u00ebzuar ankesat tona pran\u00eb organeve p\u00ebrkat\u00ebse t\u00eb KQZ-s\u00eb dhe organeve t\u00eb drejt\u00ebsis\u00eb.<\/em><\/span><\/p>\n<p><span style=\"color: #000000;\"><em>Ky nuk ka qen\u00eb proces num\u00ebrimi votash. Ky ka qen\u00eb nj\u00eb proces i deformimit masiv e t\u00eb mir\u00eborkestruar t\u00eb vot\u00ebs, n\u00eb funksion t\u00eb pushtetit dhe t\u00eb subjekteve q\u00eb blen\u00eb vota.\u00a0<\/em><\/span><\/p>\n<p><span style=\"color: #000000;\"><em>Tiran\u00eb, 27 prill 2021<\/em><\/span><\/p>\n","protected":false,"gt_translate_keys":[{"key":"rendered","format":"html"}]},"excerpt":{"rendered":"<p>Tre kandidat\u00ebt e L\u00ebvizjes Vet\u00ebvendosje n\u00eb zgjedhjet\u00a0 25 prillit kan\u00eb t\u00ebrhequr m\u00ebngjesin e sot\u00ebm t\u00eb gjith\u00eb v\u00ebzhguesit e tyre t\u00eb certifikuar nga procesi i monitorimit t\u00eb votave n\u00eb tre qarqet ku kan\u00eb garuar. Boiken Abazi n\u00eb Tiran\u00eb, Iliaz Shehu n\u00eb Lezh\u00eb dhe Kreshnik Merxhani n\u00eb Gjirokast\u00ebr kan\u00eb theksuar n\u00eb nj\u00eb deklarat\u00eb zyrtare se shkak p\u00ebr [&hellip;]<\/p>\n","protected":false,"gt_translate_keys":[{"key":"rendered","format":"html"}]},"author":51,"featured_media":446532,"comment_status":"open","ping_status":"open","sticky":false,"template":"","format":"standard","meta":{"footnotes":""},"categories":[65,13],"tags":[],"class_list":["post-446531","post","type-post","status-publish","format-standard","has-post-thumbnail","hentry","category-lajme","category-te-fundit"],"gt_translate_keys":[{"key":"link","format":"url"}],"_links":{"self":[{"href":"https:\/\/www.hashtag.al\/index.php\/wp-json\/wp\/v2\/posts\/446531","targetHints":{"allow":["GET"]}}],"collection":[{"href":"https:\/\/www.hashtag.al\/index.php\/wp-json\/wp\/v2\/posts"}],"about":[{"href":"https:\/\/www.hashtag.al\/index.php\/wp-json\/wp\/v2\/types\/post"}],"author":[{"embeddable":true,"href":"https:\/\/www.hashtag.al\/index.php\/wp-json\/wp\/v2\/users\/51"}],"replies":[{"embeddable":true,"href":"https:\/\/www.hashtag.al\/index.php\/wp-json\/wp\/v2\/comments?post=446531"}],"version-history":[{"count":0,"href":"https:\/\/www.hashtag.al\/index.php\/wp-json\/wp\/v2\/posts\/446531\/revisions"}],"wp:featuredmedia":[{"embeddable":true,"href":"https:\/\/www.hashtag.al\/index.php\/wp-json\/wp\/v2\/media\/446532"}],"wp:attachment":[{"href":"https:\/\/www.hashtag.al\/index.php\/wp-json\/wp\/v2\/media?parent=446531"}],"wp:term":[{"taxonomy":"category","embeddable":true,"href":"https:\/\/www.hashtag.al\/index.php\/wp-json\/wp\/v2\/categories?post=446531"},{"taxonomy":"post_tag","embeddable":true,"href":"https:\/\/www.hashtag.al\/index.php\/wp-json\/wp\/v2\/tags?post=446531"}],"curies":[{"name":"wp","href":"https:\/\/api.w.org\/{rel}","templated":true}]}}