{"id":446492,"date":"2021-04-27T12:53:07","date_gmt":"2021-04-27T10:53:07","guid":{"rendered":"https:\/\/hashtag.al\/?p=446492"},"modified":"2021-04-27T12:58:22","modified_gmt":"2021-04-27T10:58:22","slug":"kandidati-i-vetevedosjes-boiken-abazi-publikon-fotot-si-mu-vodhen-votat-nga-komisioneret-e-ps-se","status":"publish","type":"post","link":"https:\/\/www.hashtag.al\/index.php\/2021\/04\/27\/kandidati-i-vetevedosjes-boiken-abazi-publikon-fotot-si-mu-vodhen-votat-nga-komisioneret-e-ps-se\/","title":{"rendered":"Kandidati i Vet\u00ebvendosjes Boiken Abazi publikon fotot: Si m\u2019u vodh\u00ebn votat nga komisioner\u00ebt e PS-s\u00eb","gt_translate_keys":[{"key":"rendered","format":"text"}]},"content":{"rendered":"<p><span style=\"color: #000000;\"><img loading=\"lazy\" decoding=\"async\" class=\"aligncenter size-full wp-image-446493\" src=\"https:\/\/hashtag.al\/wp-content\/uploads\/2021\/04\/abaziflete.jpg\" alt=\"\" width=\"2000\" height=\"1269\" srcset=\"https:\/\/www.hashtag.al\/wp-content\/uploads\/2021\/04\/abaziflete.jpg 2000w, https:\/\/www.hashtag.al\/wp-content\/uploads\/2021\/04\/abaziflete-300x190.jpg 300w, https:\/\/www.hashtag.al\/wp-content\/uploads\/2021\/04\/abaziflete-768x487.jpg 768w, https:\/\/www.hashtag.al\/wp-content\/uploads\/2021\/04\/abaziflete-1024x650.jpg 1024w\" sizes=\"auto, (max-width: 2000px) 100vw, 2000px\" \/><\/span><\/p>\n<p><span style=\"color: #000000;\">Kandidati i Pavarur n\u00eb Tiran\u00eb, Boiken Abazi, ka publikuar t\u00eb tjer\u00eb foto q\u00eb sipas tij v\u00ebrtetojn\u00eb deformimin e votave t\u00eb tij.<\/span><\/p>\n<p><span style=\"color: #000000;\"> Kreu i Vet\u00ebvendosjes n\u00eb Shqip\u00ebri shkruan se komisioner\u00ebt n\u00eb tavolinat e num\u00ebrimit i kan\u00eb b\u00ebr\u00eb t\u00eb pavlefshme votat e tij ose ia kan\u00eb kaluar ato PS-s\u00eb. <\/span><\/p>\n<p><span style=\"color: #000000;\">Edhe dit\u00ebn e djeshme, Abazi denoncoi deformimin e votave t\u00eb tij duke publikuar edhe nj\u00eb video.<\/span><\/p>\n<p><span style=\"color: #000000;\"><em>\u201cP\u00ebr t\u00eb mbuluar krimin elektoral, mbr\u00ebm\u00eb tentuan me t\u00eb gjitha format e presioneve q\u00eb mos t&#8217;i lejonin v\u00ebzhguesit tan\u00eb t\u00eb b\u00ebnin fotografi n\u00eb qendrat e num\u00ebrimit. Por ja q\u00eb ia dol\u00ebm s\u00ebrish me fakte t\u00eb tjera t\u00eb d\u00ebshmojm\u00eb se si votat tona deformohen me nj\u00eb &#8220;X&#8221; t\u00eb dyt\u00eb nga komisioner\u00ebt, p\u00ebr t&#8217;ia kaluar votat tona PS ose p\u00ebr t&#8217;i shpallur ato t\u00eb pavlefshme.\u201d<\/em> \u2013 shkruan Abazi.<\/span><\/p>\n<p><img loading=\"lazy\" decoding=\"async\" class=\"aligncenter size-full wp-image-446496\" src=\"https:\/\/hashtag.al\/wp-content\/uploads\/2021\/04\/abazi3.jpg\" alt=\"\" width=\"540\" height=\"960\" srcset=\"https:\/\/www.hashtag.al\/wp-content\/uploads\/2021\/04\/abazi3.jpg 540w, https:\/\/www.hashtag.al\/wp-content\/uploads\/2021\/04\/abazi3-169x300.jpg 169w\" sizes=\"auto, (max-width: 540px) 100vw, 540px\" \/><img loading=\"lazy\" decoding=\"async\" class=\"aligncenter size-full wp-image-446497\" src=\"https:\/\/hashtag.al\/wp-content\/uploads\/2021\/04\/abazi2.jpg\" alt=\"\" width=\"540\" height=\"960\" srcset=\"https:\/\/www.hashtag.al\/wp-content\/uploads\/2021\/04\/abazi2.jpg 540w, https:\/\/www.hashtag.al\/wp-content\/uploads\/2021\/04\/abazi2-169x300.jpg 169w\" sizes=\"auto, (max-width: 540px) 100vw, 540px\" \/><img loading=\"lazy\" decoding=\"async\" class=\"aligncenter size-full wp-image-446498\" src=\"https:\/\/hashtag.al\/wp-content\/uploads\/2021\/04\/abazi1.jpg\" alt=\"\" width=\"540\" height=\"960\" srcset=\"https:\/\/www.hashtag.al\/wp-content\/uploads\/2021\/04\/abazi1.jpg 540w, https:\/\/www.hashtag.al\/wp-content\/uploads\/2021\/04\/abazi1-169x300.jpg 169w\" sizes=\"auto, (max-width: 540px) 100vw, 540px\" \/><\/p>\n","protected":false,"gt_translate_keys":[{"key":"rendered","format":"html"}]},"excerpt":{"rendered":"<p>Kandidati i Pavarur n\u00eb Tiran\u00eb, Boiken Abazi, ka publikuar t\u00eb tjer\u00eb foto q\u00eb sipas tij v\u00ebrtetojn\u00eb deformimin e votave t\u00eb tij. Kreu i Vet\u00ebvendosjes n\u00eb Shqip\u00ebri shkruan se komisioner\u00ebt n\u00eb tavolinat e num\u00ebrimit i kan\u00eb b\u00ebr\u00eb t\u00eb pavlefshme votat e tij ose ia kan\u00eb kaluar ato PS-s\u00eb. Edhe dit\u00ebn e djeshme, Abazi denoncoi deformimin e [&hellip;]<\/p>\n","protected":false,"gt_translate_keys":[{"key":"rendered","format":"html"}]},"author":51,"featured_media":446493,"comment_status":"open","ping_status":"open","sticky":false,"template":"","format":"standard","meta":{"footnotes":""},"categories":[65,13],"tags":[],"class_list":["post-446492","post","type-post","status-publish","format-standard","has-post-thumbnail","hentry","category-lajme","category-te-fundit"],"gt_translate_keys":[{"key":"link","format":"url"}],"_links":{"self":[{"href":"https:\/\/www.hashtag.al\/index.php\/wp-json\/wp\/v2\/posts\/446492","targetHints":{"allow":["GET"]}}],"collection":[{"href":"https:\/\/www.hashtag.al\/index.php\/wp-json\/wp\/v2\/posts"}],"about":[{"href":"https:\/\/www.hashtag.al\/index.php\/wp-json\/wp\/v2\/types\/post"}],"author":[{"embeddable":true,"href":"https:\/\/www.hashtag.al\/index.php\/wp-json\/wp\/v2\/users\/51"}],"replies":[{"embeddable":true,"href":"https:\/\/www.hashtag.al\/index.php\/wp-json\/wp\/v2\/comments?post=446492"}],"version-history":[{"count":0,"href":"https:\/\/www.hashtag.al\/index.php\/wp-json\/wp\/v2\/posts\/446492\/revisions"}],"wp:featuredmedia":[{"embeddable":true,"href":"https:\/\/www.hashtag.al\/index.php\/wp-json\/wp\/v2\/media\/446493"}],"wp:attachment":[{"href":"https:\/\/www.hashtag.al\/index.php\/wp-json\/wp\/v2\/media?parent=446492"}],"wp:term":[{"taxonomy":"category","embeddable":true,"href":"https:\/\/www.hashtag.al\/index.php\/wp-json\/wp\/v2\/categories?post=446492"},{"taxonomy":"post_tag","embeddable":true,"href":"https:\/\/www.hashtag.al\/index.php\/wp-json\/wp\/v2\/tags?post=446492"}],"curies":[{"name":"wp","href":"https:\/\/api.w.org\/{rel}","templated":true}]}}