{"id":446463,"date":"2021-04-27T11:38:57","date_gmt":"2021-04-27T09:38:57","guid":{"rendered":"https:\/\/hashtag.al\/?p=446463"},"modified":"2021-04-27T11:43:43","modified_gmt":"2021-04-27T09:43:43","slug":"tom-doshi-pendohet-per-sherrin-me-robert-rakipllarin-ofroj-ndjesen-time","status":"publish","type":"post","link":"https:\/\/www.hashtag.al\/index.php\/2021\/04\/27\/tom-doshi-pendohet-per-sherrin-me-robert-rakipllarin-ofroj-ndjesen-time\/","title":{"rendered":"Tom Doshi pendohet p\u00ebr sherrin me Robert Rakipllarin: Ofroj ndjes\u00ebn time","gt_translate_keys":[{"key":"rendered","format":"text"}]},"content":{"rendered":"<p><a href=\"https:\/\/hashtag.al\/wp-content\/uploads\/2021\/04\/doshi-rakipllari.jpg\"><img loading=\"lazy\" decoding=\"async\" class=\"aligncenter size-full wp-image-446324\" src=\"https:\/\/hashtag.al\/wp-content\/uploads\/2021\/04\/doshi-rakipllari.jpg\" alt=\"\" width=\"3187\" height=\"1857\" srcset=\"https:\/\/www.hashtag.al\/wp-content\/uploads\/2021\/04\/doshi-rakipllari.jpg 3187w, https:\/\/www.hashtag.al\/wp-content\/uploads\/2021\/04\/doshi-rakipllari-300x175.jpg 300w, https:\/\/www.hashtag.al\/wp-content\/uploads\/2021\/04\/doshi-rakipllari-768x447.jpg 768w, https:\/\/www.hashtag.al\/wp-content\/uploads\/2021\/04\/doshi-rakipllari-1024x597.jpg 1024w, https:\/\/www.hashtag.al\/wp-content\/uploads\/2021\/04\/doshi-rakipllari-250x145.jpg 250w\" sizes=\"auto, (max-width: 3187px) 100vw, 3187px\" \/><\/a><\/p>\n<p><span style=\"color: #000000;\">Kreu i PSD-s\u00eb Tom Doshi i ka k\u00ebrkuar ndjes\u00eb gazetarit Robert Rakipllarit pas p\u00ebrplasjes s\u00eb tyre q\u00eb degradoi mbr\u00ebmjen e kaluar n\u00eb nj\u00eb program televiziv, ku u p\u00ebrdor nj\u00eb fjalor i pap\u00ebrshtatsh\u00ebm.<\/span><\/p>\n<p><span style=\"color: #000000;\">Doshi i ka d\u00ebrguar sot nj\u00eb mesazh n\u00eb telefon gazetarit Sokol Balla i cili e lexoi at\u00eb n\u00eb transmetim t\u00eb drejtp\u00ebrdrejt\u00eb n\u00eb \u201cNews 24\u201d.<\/span><\/p>\n<p><span style=\"color: #000000;\">Doshi thot\u00eb se reagimi i tij erdhi pas ngarkes\u00ebs s\u00eb fort\u00eb emocionale q\u00eb i kan\u00eb shkaktuar dor\u00ebheqja nga mandati i deputetit si dhe nga akuzat ndaj tij.<\/span><\/p>\n<p><em><span style=\"color: #000000;\">\u00a0\u201cI nderuar z.Balla, ndjej detyrimin t\u00eb shkruaj dy rreshta p\u00ebr at\u00eb q\u00eb ndodhi mbr\u00ebm\u00eb n\u00eb emisionin tuaj kur un\u00eb ju k\u00ebrkova t\u00eb reagoja pasi t\u00eb ftuarit tuaj po diskutonin p\u00ebr PSD dhe p\u00ebr mua si kryetar i saj.<\/span><\/em><\/p>\n<p><em><span style=\"color: #000000;\">Dhe n\u00eb instuatat e p\u00ebrs\u00ebritura sikur un\u00eb p\u00ebrdor m\u00ebnyr\u00eb t\u00eb tjera.<\/span><\/em><\/p>\n<p><em><span style=\"color: #000000;\">Pavar\u00ebsisht se k\u00ebto akuza i kam refuzuar dhe i refuzoj krejt t\u00eb pav\u00ebrteta dhe shpifje, pavar\u00ebsisht se n\u00eb m\u00ebnyr\u00eb t\u00eb p\u00ebrs\u00ebritur hidhet balt\u00eb mediatikisht dhe politikisht ndaj meje, e ndjej t\u00eb them se reagimi im i mbr\u00ebmsh\u00ebm ishte emocional dhe i shkaktuar edhe nga ngarkesa e fort\u00eb e zgjedhjeve dhe largimit tim me vullnet personal nga mandati n\u00eb Kuvend.<\/span><\/em><\/p>\n<p><em><span style=\"color: #000000;\">Nuk kam asgj\u00eb personale me z. Rakipllari apo me \u00e7do gazetar tjet\u00ebr. <\/span><span style=\"color: #000000;\">Si politikan\u00eb duhet t\u2019i respektojm\u00eb, megjith\u00ebse nuk bie dakord aspak q\u00eb dikush t\u00eb goditet pa fakte.<\/span><\/em><\/p>\n<p><em><span style=\"color: #000000;\">Si person i ofroj ndjes\u00ebn time Robertit, pasi askush m\u00eb shum\u00eb se sa un\u00eb nuk ka provuar fyerje mbi kurriz dhe n\u00eb publik. <\/span><\/em><span style=\"color: #000000;\"><em>I uroj \u00e7do t\u00eb mir\u00eb. Tom Doshi.\u201d-<\/em>\u00a0shkruan ai.<\/span><\/p>\n<p class=\"selectionShareable\"><span style=\"color: #000000;\">Kreu i PSD-s\u00eb Tom Doshi pati nj\u00eb debat me tone t\u00eb larta n\u00eb emisionin &#8220;Real Story&#8221; me Fatos Lubonj\u00ebn e Robert Rakipllarin, pasi k\u00ebta t\u00eb fundit duke komentuar rezultatet paraprake aluduan se Doshi ka bler\u00eb vota n\u00eb k\u00ebto zgjedhje.<\/span><\/p>\n<p class=\"selectionShareable\"><span style=\"color: #000000;\">Doshi ka nd\u00ebrhyr\u00eb n\u00eb emisionin n\u00ebp\u00ebrmjet nj\u00eb lidhje telefonike ku \u00ebsht\u00eb p\u00ebrplasur me Rakipllarin duke p\u00ebrdorur dhe fjal\u00eb t\u00eb pap\u00ebrshtatshme. Rakipllari nga ana tjet\u00ebr ka k\u00ebrkuar q\u00eb Sokol Balla t\u2019i mbyll\u00eb direkt telefonin Doshit, pasi sipas tij, ai \u00ebsht\u00eb nj\u00eb person \u201cnon grata\u201d nga SHBA.<\/span><\/p>\n<p><iframe loading=\"lazy\" title=\"Rakipllari: Je\u201cnon grata\u2019, Tom Doshi  i kthehet: O ku*v\u00eb! T\u2019ju vij\u00eb turp!\" width=\"1170\" height=\"658\" src=\"https:\/\/www.youtube.com\/embed\/IFD_mTgr-fE?feature=oembed\" frameborder=\"0\" allow=\"accelerometer; autoplay; clipboard-write; encrypted-media; gyroscope; picture-in-picture\" allowfullscreen><\/iframe><\/p>\n","protected":false,"gt_translate_keys":[{"key":"rendered","format":"html"}]},"excerpt":{"rendered":"<p>Kreu i PSD-s\u00eb Tom Doshi i ka k\u00ebrkuar ndjes\u00eb gazetarit Robert Rakipllarit pas p\u00ebrplasjes s\u00eb tyre q\u00eb degradoi mbr\u00ebmjen e kaluar n\u00eb nj\u00eb program televiziv, ku u p\u00ebrdor nj\u00eb fjalor i pap\u00ebrshtatsh\u00ebm. Doshi i ka d\u00ebrguar sot nj\u00eb mesazh n\u00eb telefon gazetarit Sokol Balla i cili e lexoi at\u00eb n\u00eb transmetim t\u00eb drejtp\u00ebrdrejt\u00eb n\u00eb \u201cNews [&hellip;]<\/p>\n","protected":false,"gt_translate_keys":[{"key":"rendered","format":"html"}]},"author":30,"featured_media":446324,"comment_status":"open","ping_status":"open","sticky":false,"template":"","format":"standard","meta":{"footnotes":""},"categories":[65,13],"tags":[],"class_list":["post-446463","post","type-post","status-publish","format-standard","has-post-thumbnail","hentry","category-lajme","category-te-fundit"],"gt_translate_keys":[{"key":"link","format":"url"}],"_links":{"self":[{"href":"https:\/\/www.hashtag.al\/index.php\/wp-json\/wp\/v2\/posts\/446463","targetHints":{"allow":["GET"]}}],"collection":[{"href":"https:\/\/www.hashtag.al\/index.php\/wp-json\/wp\/v2\/posts"}],"about":[{"href":"https:\/\/www.hashtag.al\/index.php\/wp-json\/wp\/v2\/types\/post"}],"author":[{"embeddable":true,"href":"https:\/\/www.hashtag.al\/index.php\/wp-json\/wp\/v2\/users\/30"}],"replies":[{"embeddable":true,"href":"https:\/\/www.hashtag.al\/index.php\/wp-json\/wp\/v2\/comments?post=446463"}],"version-history":[{"count":0,"href":"https:\/\/www.hashtag.al\/index.php\/wp-json\/wp\/v2\/posts\/446463\/revisions"}],"wp:featuredmedia":[{"embeddable":true,"href":"https:\/\/www.hashtag.al\/index.php\/wp-json\/wp\/v2\/media\/446324"}],"wp:attachment":[{"href":"https:\/\/www.hashtag.al\/index.php\/wp-json\/wp\/v2\/media?parent=446463"}],"wp:term":[{"taxonomy":"category","embeddable":true,"href":"https:\/\/www.hashtag.al\/index.php\/wp-json\/wp\/v2\/categories?post=446463"},{"taxonomy":"post_tag","embeddable":true,"href":"https:\/\/www.hashtag.al\/index.php\/wp-json\/wp\/v2\/tags?post=446463"}],"curies":[{"name":"wp","href":"https:\/\/api.w.org\/{rel}","templated":true}]}}