{"id":445936,"date":"2021-04-25T20:49:42","date_gmt":"2021-04-25T18:49:42","guid":{"rendered":"https:\/\/hashtag.al\/?p=445936"},"modified":"2021-04-25T20:49:42","modified_gmt":"2021-04-25T18:49:42","slug":"rama-populli-foli-votat-te-numerohen-ne-menyre-korrekte","status":"publish","type":"post","link":"https:\/\/www.hashtag.al\/index.php\/2021\/04\/25\/rama-populli-foli-votat-te-numerohen-ne-menyre-korrekte\/","title":{"rendered":"Rama: Populli foli, votat t\u00eb num\u00ebrohen n\u00eb m\u00ebnyr\u00eb korrekte","gt_translate_keys":[{"key":"rendered","format":"text"}]},"content":{"rendered":"<p><span style=\"color: #000000;\"><img loading=\"lazy\" decoding=\"async\" class=\"aligncenter size-full wp-image-445937\" src=\"https:\/\/hashtag.al\/wp-content\/uploads\/2021\/04\/edi-rama322-3.jpg\" alt=\"\" width=\"1224\" height=\"570\" srcset=\"https:\/\/www.hashtag.al\/wp-content\/uploads\/2021\/04\/edi-rama322-3.jpg 1224w, https:\/\/www.hashtag.al\/wp-content\/uploads\/2021\/04\/edi-rama322-3-300x140.jpg 300w, https:\/\/www.hashtag.al\/wp-content\/uploads\/2021\/04\/edi-rama322-3-768x358.jpg 768w, https:\/\/www.hashtag.al\/wp-content\/uploads\/2021\/04\/edi-rama322-3-1024x477.jpg 1024w\" sizes=\"auto, (max-width: 1224px) 100vw, 1224px\" \/><\/span><\/p>\n<p><span style=\"color: #000000;\">Kryeministri Edi Rama ka dal\u00eb p\u00ebr her\u00eb t\u00eb par\u00eb dit\u00ebn e sotme n\u00eb nj\u00eb reagim mbi procesin e votimeve.<\/span><\/p>\n<p><span style=\"color: #000000;\">Rama tha se populli ka folur dhe votat jan\u00eb n\u00eb kuti duke b\u00ebr\u00eb thirrje p\u00ebr num\u00ebruesit q\u00eb t\u00eb kontribuojn\u00eb p\u00ebr t\u00eb num\u00ebruar n\u00eb m\u00ebnyr\u00eb korrekte votat.<\/span><\/p>\n<p><span style=\"color: #000000;\">M\u00eb tej Rama kishte edhe nj\u00eb fal\u00ebnderim p\u00ebr patronazhist\u00ebt e PS-s\u00eb.<\/span><\/p>\n<p><span style=\"color: #000000;\">\u201c<em>Dua t\u2019iu them t\u00eb gjith\u00ebve, n\u00eb radh\u00eb t\u00eb par\u00eb socialist\u00ebve, se votat jan\u00eb n\u00eb kuti q\u00eb t\u00eb gjitha. Populli ka folur, tani duhet t\u00eb d\u00ebgjojm\u00eb popullin dhe detyra jon\u00eb, e cdo num\u00ebruesi dhe cdo v\u00ebzhguesi, n\u00eb cdo qend\u00ebr num\u00ebrimi, \u00ebsht\u00eb q\u00eb me p\u00ebrgjegj\u00ebsin\u00eb m\u00eb t\u00eb lart\u00eb qytetare dhe ligjore t\u00eb kontribuoj\u00eb p\u00ebr t\u00eb num\u00ebruar n\u00eb m\u00ebnyr\u00eb korrekte votat, q\u00eb jan\u00eb n\u00eb kuti. Hamendjet, sondazhet, exit-pollet, pavar\u00ebsisht faktit q\u00eb ne na japin forc\u00eb qeveris\u00ebse, p\u00ebrs\u00ebri i p\u00ebrkasin thjesht dhe vet\u00ebm parashikimeve para ndeshjes. <\/em><\/span><\/p>\n<p><span style=\"color: #000000;\"><em>Tani \u00ebsht\u00eb rezultati i t\u00eb gjitha kutive t\u00eb votimit, q\u00eb \u00ebsht\u00eb rezultati i ndeshjes. K\u00ebshtu q\u00eb ju lutem shum\u00eb t\u00eb gjith\u00ebve p\u00ebrqendrohuni n\u00eb detyr\u00ebn tuaj dhe, dua ta p\u00ebrs\u00ebris at\u00eb q\u00eb tha Bora edhe n\u00eb emrin tim, nj\u00eb fal\u00ebnderim nga zemra p\u00ebr t\u00eb gjith\u00eb patronazhist\u00ebt tan\u00eb, n\u00eb t\u00eb gjith\u00eb territorin, q\u00eb kan\u00eb b\u00ebr\u00eb nj\u00eb pun\u00eb mbres\u00ebl\u00ebn\u00ebse. Ata jan\u00eb q\u00eb e din\u00eb m\u00eb mir\u00eb se gjith\u00eb tjer\u00ebt kush ka votuar dhe kush s\u2019ka votuar. Duke qen\u00eb se n\u00eb zonat e tyre ata jan\u00eb t\u00eb bindur p\u00ebr rezultatin e pun\u00ebs, un\u00eb dua t\u00eb siguroj q\u00eb t\u00eb bindur jan\u00eb edhe gjith\u00eb t\u00eb tjer\u00ebt n\u00eb t\u00eb gjitha zonat<\/em>\u201d-tha Rama.<\/span><\/p>\n","protected":false,"gt_translate_keys":[{"key":"rendered","format":"html"}]},"excerpt":{"rendered":"<p>Kryeministri Edi Rama ka dal\u00eb p\u00ebr her\u00eb t\u00eb par\u00eb dit\u00ebn e sotme n\u00eb nj\u00eb reagim mbi procesin e votimeve. Rama tha se populli ka folur dhe votat jan\u00eb n\u00eb kuti duke b\u00ebr\u00eb thirrje p\u00ebr num\u00ebruesit q\u00eb t\u00eb kontribuojn\u00eb p\u00ebr t\u00eb num\u00ebruar n\u00eb m\u00ebnyr\u00eb korrekte votat. M\u00eb tej Rama kishte edhe nj\u00eb fal\u00ebnderim p\u00ebr patronazhist\u00ebt e [&hellip;]<\/p>\n","protected":false,"gt_translate_keys":[{"key":"rendered","format":"html"}]},"author":32,"featured_media":445937,"comment_status":"open","ping_status":"open","sticky":false,"template":"","format":"standard","meta":{"footnotes":""},"categories":[65,13],"tags":[],"class_list":["post-445936","post","type-post","status-publish","format-standard","has-post-thumbnail","hentry","category-lajme","category-te-fundit"],"gt_translate_keys":[{"key":"link","format":"url"}],"_links":{"self":[{"href":"https:\/\/www.hashtag.al\/index.php\/wp-json\/wp\/v2\/posts\/445936","targetHints":{"allow":["GET"]}}],"collection":[{"href":"https:\/\/www.hashtag.al\/index.php\/wp-json\/wp\/v2\/posts"}],"about":[{"href":"https:\/\/www.hashtag.al\/index.php\/wp-json\/wp\/v2\/types\/post"}],"author":[{"embeddable":true,"href":"https:\/\/www.hashtag.al\/index.php\/wp-json\/wp\/v2\/users\/32"}],"replies":[{"embeddable":true,"href":"https:\/\/www.hashtag.al\/index.php\/wp-json\/wp\/v2\/comments?post=445936"}],"version-history":[{"count":0,"href":"https:\/\/www.hashtag.al\/index.php\/wp-json\/wp\/v2\/posts\/445936\/revisions"}],"wp:featuredmedia":[{"embeddable":true,"href":"https:\/\/www.hashtag.al\/index.php\/wp-json\/wp\/v2\/media\/445937"}],"wp:attachment":[{"href":"https:\/\/www.hashtag.al\/index.php\/wp-json\/wp\/v2\/media?parent=445936"}],"wp:term":[{"taxonomy":"category","embeddable":true,"href":"https:\/\/www.hashtag.al\/index.php\/wp-json\/wp\/v2\/categories?post=445936"},{"taxonomy":"post_tag","embeddable":true,"href":"https:\/\/www.hashtag.al\/index.php\/wp-json\/wp\/v2\/tags?post=445936"}],"curies":[{"name":"wp","href":"https:\/\/api.w.org\/{rel}","templated":true}]}}