{"id":445934,"date":"2021-04-25T20:40:26","date_gmt":"2021-04-25T18:40:26","guid":{"rendered":"https:\/\/hashtag.al\/?p=445934"},"modified":"2021-04-25T20:40:26","modified_gmt":"2021-04-25T18:40:26","slug":"efektivi-i-policise-plagoset-me-thike-gjate-mbyllje-se-votimit-ne-fushe-arrez","status":"publish","type":"post","link":"https:\/\/www.hashtag.al\/index.php\/2021\/04\/25\/efektivi-i-policise-plagoset-me-thike-gjate-mbyllje-se-votimit-ne-fushe-arrez\/","title":{"rendered":"Efektivi i policis\u00eb plagoset me thik\u00eb gjat\u00eb mbyllje s\u00eb votimit n\u00eb Fush\u00eb Arr\u00ebz","gt_translate_keys":[{"key":"rendered","format":"text"}]},"content":{"rendered":"<p><span style=\"color: #000000;\"><img loading=\"lazy\" decoding=\"async\" class=\"aligncenter size-full wp-image-318981\" src=\"https:\/\/hashtag.al\/wp-content\/uploads\/2019\/09\/thike2.jpg\" alt=\"\" width=\"850\" height=\"458\" srcset=\"https:\/\/www.hashtag.al\/wp-content\/uploads\/2019\/09\/thike2.jpg 850w, https:\/\/www.hashtag.al\/wp-content\/uploads\/2019\/09\/thike2-300x162.jpg 300w, https:\/\/www.hashtag.al\/wp-content\/uploads\/2019\/09\/thike2-768x414.jpg 768w\" sizes=\"auto, (max-width: 850px) 100vw, 850px\" \/><\/span><\/p>\n<p><span style=\"color: #000000;\">Nj\u00eb efektiv policie \u00ebsht\u00eb plagosur me thik\u00eb n\u00eb qendr\u00ebn e votimit nr.0399 n\u00eb Fush\u00eb Arr\u00ebz.<\/span><\/p>\n<p><span style=\"color: #000000;\">Ngjarja ka ndodhur gjat\u00eb mbylljes s\u00eb procesit t\u00eb votimit.<\/span><\/p>\n<p><span style=\"color: #000000;\">Efektivi me iniciale G.O \u00ebsht\u00eb d\u00ebrguar p\u00ebr mjekim n\u00eb spitalin e Puk\u00ebs nd\u00ebrsa \u00ebsht\u00eb shpallur n\u00eb k\u00ebrkim shtetasi me M.Ll 32-vje\u00e7.<\/span><\/p>\n<p><span style=\"color: #000000;\">\u201c<em>M\u00eb dat\u00eb 25.04.2021, rreth or\u00ebs 19:00, gjat\u00eb mbylljes s\u00eb procesit t\u00eb votimit, n\u00eb momentin e mb\u00ebrritjes n\u00eb QV nr. 0399, \u00ebsht\u00eb plagosur me mjet preres (thik\u00eb), punonj\u00ebsi i Policis\u00eb G. O., i cili po d\u00ebrgohet p\u00ebr mjekim n\u00eb spitalin e Puk\u00ebs. <\/em><\/span><\/p>\n<p><span style=\"color: #000000;\"><em>Nga veprimet e para hetimore \u00ebsht\u00eb b\u00ebr\u00eb identifikimi i autorit t\u00eb dyshuar, shtetasi M. Ll., 32 vje\u00e7, banues n\u00eb fshatin Qaf\u00eb Mali, Puk\u00eb\u00a0\u00a0 dhe po punohet p\u00ebr kapjen e tij. <\/em><\/span><\/p>\n<p><span style=\"color: #000000;\"><em>N\u00eb vendngjarje, grupi hetimor, n\u00ebn drejtimin e Prokuroris\u00eb s\u00eb Rrethit Gjyq\u00ebsor Puk\u00eb , po vijon pun\u00ebn p\u00ebr sqarimin e rrethanave t\u00eb k\u00ebsaj ngjarjeje<\/em>\u201d-thuhet n\u00eb njoftimin e policis\u00eb.<\/span><\/p>\n","protected":false,"gt_translate_keys":[{"key":"rendered","format":"html"}]},"excerpt":{"rendered":"<p>Nj\u00eb efektiv policie \u00ebsht\u00eb plagosur me thik\u00eb n\u00eb qendr\u00ebn e votimit nr.0399 n\u00eb Fush\u00eb Arr\u00ebz. Ngjarja ka ndodhur gjat\u00eb mbylljes s\u00eb procesit t\u00eb votimit. Efektivi me iniciale G.O \u00ebsht\u00eb d\u00ebrguar p\u00ebr mjekim n\u00eb spitalin e Puk\u00ebs nd\u00ebrsa \u00ebsht\u00eb shpallur n\u00eb k\u00ebrkim shtetasi me M.Ll 32-vje\u00e7. \u201cM\u00eb dat\u00eb 25.04.2021, rreth or\u00ebs 19:00, gjat\u00eb mbylljes s\u00eb procesit [&hellip;]<\/p>\n","protected":false,"gt_translate_keys":[{"key":"rendered","format":"html"}]},"author":32,"featured_media":318981,"comment_status":"open","ping_status":"open","sticky":false,"template":"","format":"standard","meta":{"footnotes":""},"categories":[65,13],"tags":[],"class_list":["post-445934","post","type-post","status-publish","format-standard","has-post-thumbnail","hentry","category-lajme","category-te-fundit"],"gt_translate_keys":[{"key":"link","format":"url"}],"_links":{"self":[{"href":"https:\/\/www.hashtag.al\/index.php\/wp-json\/wp\/v2\/posts\/445934","targetHints":{"allow":["GET"]}}],"collection":[{"href":"https:\/\/www.hashtag.al\/index.php\/wp-json\/wp\/v2\/posts"}],"about":[{"href":"https:\/\/www.hashtag.al\/index.php\/wp-json\/wp\/v2\/types\/post"}],"author":[{"embeddable":true,"href":"https:\/\/www.hashtag.al\/index.php\/wp-json\/wp\/v2\/users\/32"}],"replies":[{"embeddable":true,"href":"https:\/\/www.hashtag.al\/index.php\/wp-json\/wp\/v2\/comments?post=445934"}],"version-history":[{"count":0,"href":"https:\/\/www.hashtag.al\/index.php\/wp-json\/wp\/v2\/posts\/445934\/revisions"}],"wp:featuredmedia":[{"embeddable":true,"href":"https:\/\/www.hashtag.al\/index.php\/wp-json\/wp\/v2\/media\/318981"}],"wp:attachment":[{"href":"https:\/\/www.hashtag.al\/index.php\/wp-json\/wp\/v2\/media?parent=445934"}],"wp:term":[{"taxonomy":"category","embeddable":true,"href":"https:\/\/www.hashtag.al\/index.php\/wp-json\/wp\/v2\/categories?post=445934"},{"taxonomy":"post_tag","embeddable":true,"href":"https:\/\/www.hashtag.al\/index.php\/wp-json\/wp\/v2\/tags?post=445934"}],"curies":[{"name":"wp","href":"https:\/\/api.w.org\/{rel}","templated":true}]}}