{"id":445860,"date":"2021-04-25T16:21:05","date_gmt":"2021-04-25T14:21:05","guid":{"rendered":"https:\/\/hashtag.al\/?p=445860"},"modified":"2021-04-25T16:23:47","modified_gmt":"2021-04-25T14:23:47","slug":"edhe-une-si-meta-basha-e-rama-me-dy-gishta-pa-maske-late-edhe-presidentin-gazetari-sokol-balla-voton-live-me-mikrofon-ne-dore","status":"publish","type":"post","link":"https:\/\/www.hashtag.al\/index.php\/2021\/04\/25\/edhe-une-si-meta-basha-e-rama-me-dy-gishta-pa-maske-late-edhe-presidentin-gazetari-sokol-balla-voton-live-me-mikrofon-ne-dore\/","title":{"rendered":"\u201cEdhe un\u00eb si Meta, Basha e Rama me dy gishta. Pa mask\u00eb lat\u00eb edhe presidentin\u201d \u2013 Gazetari Sokol Balla voton \u2018live\u2019 me mikrofon n\u00eb dor\u00eb","gt_translate_keys":[{"key":"rendered","format":"text"}]},"content":{"rendered":"<p><img loading=\"lazy\" decoding=\"async\" class=\"aligncenter size-full wp-image-445861\" src=\"https:\/\/hashtag.al\/wp-content\/uploads\/2021\/04\/sokolballa-e1619360332903.jpg\" alt=\"\" width=\"770\" height=\"333\" srcset=\"https:\/\/www.hashtag.al\/wp-content\/uploads\/2021\/04\/sokolballa-e1619360332903.jpg 770w, https:\/\/www.hashtag.al\/wp-content\/uploads\/2021\/04\/sokolballa-e1619360332903-300x130.jpg 300w, https:\/\/www.hashtag.al\/wp-content\/uploads\/2021\/04\/sokolballa-e1619360332903-768x332.jpg 768w\" sizes=\"auto, (max-width: 770px) 100vw, 770px\" \/><\/p>\n<p><span style=\"color: #000000;\">Gazetari Sokol Balla ka votuar me mikrofon n\u00eb dor\u00eb dhe me dy gishtat lart. <\/span><\/p>\n<p><span style=\"color: #000000;\">Ai ka votuar n\u00eb Nj\u00ebsin\u00eb 5 n\u00eb Tiran\u00eb nd\u00ebrsa transmetonte n\u00eb m\u00ebnyr\u00eb t\u00eb drejtp\u00ebrdrejt\u00eb procesin. <\/span><\/p>\n<p><span style=\"color: #000000;\">N\u00eb t\u00eb nj\u00ebjt\u00ebn qend\u00ebr votimi kan\u00eb hedhur vot\u00ebn m\u00eb her\u00ebt edhe presidenti Meta e bashk\u00ebshortja e tij Kryemadhi si dhe kryeministri i Kosov\u00ebs, Albin Kurti. <\/span><\/p>\n<p><span style=\"color: #000000;\">Teksa hidhte vot\u00ebn nj\u00eb v\u00ebzhguese i t\u00ebrhoqi v\u00ebmendjen p\u00ebr mosmbajtjen e mask\u00ebs nd\u00ebrsa Balla i p\u00ebrgjigjet duke i th\u00ebn\u00eb se nj\u00ebsoj ishte lejuar t\u00eb votonte edhe presidenti Meta.<\/span><\/p>\n<p><span style=\"color: #000000;\"><em>\u201cJam te \u00e7erdhja 31, nj\u00eb nga qendrat e votimit, ku un\u00eb votoj vet\u00eb. K\u00ebtu ka votuar presidenti, Kryemadhi e kryeministri i Kosov\u00ebs, Albin Kurti. Jam vaksinuar, kam kaluar edhe Covidin. Megjithat\u00eb lat\u00eb edhe Presidentin e Republik\u00ebs pa mask\u00eb. Edhe un\u00eb si z.Meta, z. Basha e z.Rama, me dy gishta.\u201d<\/em> &#8211; ia kthen Balla v\u00ebzhgueses.<\/span><\/p>\n<div style=\"width: 1170px;\" class=\"wp-video\"><video class=\"wp-video-shortcode\" id=\"video-445860-1\" width=\"1170\" height=\"658\" preload=\"metadata\" controls=\"controls\"><source type=\"video\/mp4\" src=\"https:\/\/hashtag.al\/wp-content\/uploads\/2021\/04\/\u201cMe-dy-gishta\u201d-Sokol-Balla-voton-\u201clive\u201dv\u00ebzhguesit-e-\u2018kritikojn\u00eb\u2019-p\u00ebr-mask\u00ebn-gazetari-b\u00ebn-batut\u00eb...-online-video-cutter.com_.mp4?_=1\" \/><a href=\"https:\/\/hashtag.al\/wp-content\/uploads\/2021\/04\/\u201cMe-dy-gishta\u201d-Sokol-Balla-voton-\u201clive\u201dv\u00ebzhguesit-e-\u2018kritikojn\u00eb\u2019-p\u00ebr-mask\u00ebn-gazetari-b\u00ebn-batut\u00eb...-online-video-cutter.com_.mp4\">https:\/\/hashtag.al\/wp-content\/uploads\/2021\/04\/\u201cMe-dy-gishta\u201d-Sokol-Balla-voton-\u201clive\u201dv\u00ebzhguesit-e-\u2018kritikojn\u00eb\u2019-p\u00ebr-mask\u00ebn-gazetari-b\u00ebn-batut\u00eb...-online-video-cutter.com_.mp4<\/a><\/video><\/div>\n","protected":false,"gt_translate_keys":[{"key":"rendered","format":"html"}]},"excerpt":{"rendered":"<p>Gazetari Sokol Balla ka votuar me mikrofon n\u00eb dor\u00eb dhe me dy gishtat lart. Ai ka votuar n\u00eb Nj\u00ebsin\u00eb 5 n\u00eb Tiran\u00eb nd\u00ebrsa transmetonte n\u00eb m\u00ebnyr\u00eb t\u00eb drejtp\u00ebrdrejt\u00eb procesin. N\u00eb t\u00eb nj\u00ebjt\u00ebn qend\u00ebr votimi kan\u00eb hedhur vot\u00ebn m\u00eb her\u00ebt edhe presidenti Meta e bashk\u00ebshortja e tij Kryemadhi si dhe kryeministri i Kosov\u00ebs, Albin Kurti. Teksa [&hellip;]<\/p>\n","protected":false,"gt_translate_keys":[{"key":"rendered","format":"html"}]},"author":51,"featured_media":445861,"comment_status":"open","ping_status":"open","sticky":false,"template":"","format":"standard","meta":{"footnotes":""},"categories":[65,13],"tags":[],"class_list":["post-445860","post","type-post","status-publish","format-standard","has-post-thumbnail","hentry","category-lajme","category-te-fundit"],"gt_translate_keys":[{"key":"link","format":"url"}],"_links":{"self":[{"href":"https:\/\/www.hashtag.al\/index.php\/wp-json\/wp\/v2\/posts\/445860","targetHints":{"allow":["GET"]}}],"collection":[{"href":"https:\/\/www.hashtag.al\/index.php\/wp-json\/wp\/v2\/posts"}],"about":[{"href":"https:\/\/www.hashtag.al\/index.php\/wp-json\/wp\/v2\/types\/post"}],"author":[{"embeddable":true,"href":"https:\/\/www.hashtag.al\/index.php\/wp-json\/wp\/v2\/users\/51"}],"replies":[{"embeddable":true,"href":"https:\/\/www.hashtag.al\/index.php\/wp-json\/wp\/v2\/comments?post=445860"}],"version-history":[{"count":0,"href":"https:\/\/www.hashtag.al\/index.php\/wp-json\/wp\/v2\/posts\/445860\/revisions"}],"wp:featuredmedia":[{"embeddable":true,"href":"https:\/\/www.hashtag.al\/index.php\/wp-json\/wp\/v2\/media\/445861"}],"wp:attachment":[{"href":"https:\/\/www.hashtag.al\/index.php\/wp-json\/wp\/v2\/media?parent=445860"}],"wp:term":[{"taxonomy":"category","embeddable":true,"href":"https:\/\/www.hashtag.al\/index.php\/wp-json\/wp\/v2\/categories?post=445860"},{"taxonomy":"post_tag","embeddable":true,"href":"https:\/\/www.hashtag.al\/index.php\/wp-json\/wp\/v2\/tags?post=445860"}],"curies":[{"name":"wp","href":"https:\/\/api.w.org\/{rel}","templated":true}]}}