{"id":445767,"date":"2021-04-25T12:53:50","date_gmt":"2021-04-25T10:53:50","guid":{"rendered":"https:\/\/hashtag.al\/?p=445767"},"modified":"2021-04-25T13:29:55","modified_gmt":"2021-04-25T11:29:55","slug":"iu-hodh-shoferit-qe-u-fut-me-makine-ne-sheshin-skenderbej-flet-djaloshi-hero-me-ngjau-si-sulm-terrorist-nuk-mendova-per-veten","status":"publish","type":"post","link":"https:\/\/www.hashtag.al\/index.php\/2021\/04\/25\/iu-hodh-shoferit-qe-u-fut-me-makine-ne-sheshin-skenderbej-flet-djaloshi-hero-me-ngjau-si-sulm-terrorist-nuk-mendova-per-veten\/","title":{"rendered":"Iu hodh shoferit q\u00eb u fut me makin\u00eb n\u00eb Sheshin Sk\u00ebnderbej, flet djaloshi hero: M\u00eb ngjau si sulm terrorist, nuk mendova p\u00ebr veten","gt_translate_keys":[{"key":"rendered","format":"text"}]},"content":{"rendered":"<p><a href=\"https:\/\/hashtag.al\/wp-content\/uploads\/2021\/04\/i-riu.jpg\"><img loading=\"lazy\" decoding=\"async\" class=\"aligncenter size-full wp-image-445770\" src=\"https:\/\/hashtag.al\/wp-content\/uploads\/2021\/04\/i-riu.jpg\" alt=\"\" width=\"734\" height=\"303\" srcset=\"https:\/\/www.hashtag.al\/wp-content\/uploads\/2021\/04\/i-riu.jpg 734w, https:\/\/www.hashtag.al\/wp-content\/uploads\/2021\/04\/i-riu-300x124.jpg 300w\" sizes=\"auto, (max-width: 734px) 100vw, 734px\" \/><\/a><\/p>\n<p><span style=\"color: #000000;\">Flet heroi q\u00eb ndaloi sot personin q\u00eb hyri me makin\u00eb mes njer\u00ebzve n\u00eb Sheshin Sk\u00ebnderbej. Ai tregoi se iu hodh shoferit nga xhami, duke e goditur me dy k\u00ebmb\u00ebt.<\/span><\/p>\n<p><em><span style=\"color: #000000;\">\u201cErdhi me shpejt\u00ebsi dhe vinte drejt njer\u00ebzve. Iu fik makina dhe pasi e ndezi iu sul p\u00ebrs\u00ebri njer\u00ebzve. Nd\u00ebrhyra. Ishin shum\u00eb qytetar\u00eb p\u00ebrreth dhe ajo m\u00eb b\u00ebri q\u00eb un\u00eb t\u00eb nd\u00ebrhyja. Nuk kam informacion, thjesht nd\u00ebrhyra. <\/span><\/em><span style=\"color: #000000;\"><em>S\u2019munda t\u00eb kem nj\u00eb kontakt me t\u00eb sepse ndodhi shum\u00eb shpejt. <\/em><\/span><\/p>\n<p><span style=\"color: #000000;\"><em>N\u00eb momentin q\u00eb un\u00eb hyra i pari iu futa nga xhami me k\u00ebmb\u00eb. Thjesht u shokua kur ia futa me dy k\u00ebmb\u00eb nga xhami. Ishte diku tek t\u00eb 30-tat. Ngjante si akt terrorist. Jo s\u2019kisha frik\u00eb, kisha frik\u00eb q\u00eb aksush mos t\u00eb d\u00ebmtohej po. Nuk e mendova veten time.\u201d<\/em>&#8211; tha i riu n\u00eb nj\u00eb prononcim p\u00ebr televizionin \u201cNews 24\u201d.<\/span><\/p>\n<p><span style=\"color: #000000;\"><em>\u201cQuhem Klodian dhe jam nga Tirana, po b\u00ebja nj\u00eb sh\u00ebtitje me daj\u00ebn tim.\u201d<\/em>&#8211; tregon ai. Klodiani 22-vje\u00e7ar ishte ai q\u00eb ndaloi s\u00ebbashku me nj\u00eb qytetar tjet\u00ebr personin q\u00eb u fut mes turm\u00ebs pak m\u00eb par\u00eb n\u00eb Sheshin Sk\u00ebnderbej duke rrezikuar qytetar\u00ebt.<\/span><\/p>\n<p><span style=\"color: #000000;\">Gjesti i tij ishte si ajo q\u00eb e kemi par\u00eb vet\u00ebm n\u00eb filmat me heronj.\/<strong> Hashtag.al<\/strong><\/span><\/p>\n<div style=\"width: 426px;\" class=\"wp-video\"><video class=\"wp-video-shortcode\" id=\"video-445767-1\" width=\"426\" height=\"240\" preload=\"metadata\" controls=\"controls\"><source type=\"video\/mp4\" src=\"https:\/\/hashtag.al\/wp-content\/uploads\/2021\/04\/video_169746235020995.mp4?_=1\" \/><a href=\"https:\/\/hashtag.al\/wp-content\/uploads\/2021\/04\/video_169746235020995.mp4\">https:\/\/hashtag.al\/wp-content\/uploads\/2021\/04\/video_169746235020995.mp4<\/a><\/video><\/div>\n","protected":false,"gt_translate_keys":[{"key":"rendered","format":"html"}]},"excerpt":{"rendered":"<p>Flet heroi q\u00eb ndaloi sot personin q\u00eb hyri me makin\u00eb mes njer\u00ebzve n\u00eb Sheshin Sk\u00ebnderbej. Ai tregoi se iu hodh shoferit nga xhami, duke e goditur me dy k\u00ebmb\u00ebt. \u201cErdhi me shpejt\u00ebsi dhe vinte drejt njer\u00ebzve. Iu fik makina dhe pasi e ndezi iu sul p\u00ebrs\u00ebri njer\u00ebzve. Nd\u00ebrhyra. Ishin shum\u00eb qytetar\u00eb p\u00ebrreth dhe ajo m\u00eb [&hellip;]<\/p>\n","protected":false,"gt_translate_keys":[{"key":"rendered","format":"html"}]},"author":30,"featured_media":445770,"comment_status":"open","ping_status":"open","sticky":false,"template":"","format":"standard","meta":{"footnotes":""},"categories":[22,65,13],"tags":[],"class_list":["post-445767","post","type-post","status-publish","format-standard","has-post-thumbnail","hentry","category-ballina","category-lajme","category-te-fundit"],"gt_translate_keys":[{"key":"link","format":"url"}],"_links":{"self":[{"href":"https:\/\/www.hashtag.al\/index.php\/wp-json\/wp\/v2\/posts\/445767","targetHints":{"allow":["GET"]}}],"collection":[{"href":"https:\/\/www.hashtag.al\/index.php\/wp-json\/wp\/v2\/posts"}],"about":[{"href":"https:\/\/www.hashtag.al\/index.php\/wp-json\/wp\/v2\/types\/post"}],"author":[{"embeddable":true,"href":"https:\/\/www.hashtag.al\/index.php\/wp-json\/wp\/v2\/users\/30"}],"replies":[{"embeddable":true,"href":"https:\/\/www.hashtag.al\/index.php\/wp-json\/wp\/v2\/comments?post=445767"}],"version-history":[{"count":0,"href":"https:\/\/www.hashtag.al\/index.php\/wp-json\/wp\/v2\/posts\/445767\/revisions"}],"wp:featuredmedia":[{"embeddable":true,"href":"https:\/\/www.hashtag.al\/index.php\/wp-json\/wp\/v2\/media\/445770"}],"wp:attachment":[{"href":"https:\/\/www.hashtag.al\/index.php\/wp-json\/wp\/v2\/media?parent=445767"}],"wp:term":[{"taxonomy":"category","embeddable":true,"href":"https:\/\/www.hashtag.al\/index.php\/wp-json\/wp\/v2\/categories?post=445767"},{"taxonomy":"post_tag","embeddable":true,"href":"https:\/\/www.hashtag.al\/index.php\/wp-json\/wp\/v2\/tags?post=445767"}],"curies":[{"name":"wp","href":"https:\/\/api.w.org\/{rel}","templated":true}]}}