{"id":445759,"date":"2021-04-25T12:43:18","date_gmt":"2021-04-25T10:43:18","guid":{"rendered":"https:\/\/hashtag.al\/?p=445759"},"modified":"2021-04-25T12:47:01","modified_gmt":"2021-04-25T10:47:01","slug":"kandidati-i-pd-se-saimir-korreshi-xhepistet-e-erion-braces-po-shperndajne-leke-ne-qendrat-e-votimit-arrestojini-ne-flagrance","status":"publish","type":"post","link":"https:\/\/www.hashtag.al\/index.php\/2021\/04\/25\/kandidati-i-pd-se-saimir-korreshi-xhepistet-e-erion-braces-po-shperndajne-leke-ne-qendrat-e-votimit-arrestojini-ne-flagrance\/","title":{"rendered":"Kandidati i PD-s\u00eb Saimir Korreshi: Xhepist\u00ebt e Erion Bra\u00e7es po shp\u00ebrndajn\u00eb lek\u00eb n\u00eb qendrat e votimit, arrestojini n\u00eb flagranc\u00eb","gt_translate_keys":[{"key":"rendered","format":"text"}]},"content":{"rendered":"<p><a href=\"https:\/\/hashtag.al\/wp-content\/uploads\/2021\/04\/korreshi.jpg\"><img loading=\"lazy\" decoding=\"async\" class=\"aligncenter size-full wp-image-445761\" src=\"https:\/\/hashtag.al\/wp-content\/uploads\/2021\/04\/korreshi.jpg\" alt=\"\" width=\"954\" height=\"532\" srcset=\"https:\/\/www.hashtag.al\/wp-content\/uploads\/2021\/04\/korreshi.jpg 954w, https:\/\/www.hashtag.al\/wp-content\/uploads\/2021\/04\/korreshi-300x167.jpg 300w, https:\/\/www.hashtag.al\/wp-content\/uploads\/2021\/04\/korreshi-768x428.jpg 768w\" sizes=\"auto, (max-width: 954px) 100vw, 954px\" \/><\/a><\/p>\n<p><span style=\"color: #000000;\">Kandidati p\u00ebr deputet i PD-s\u00eb p\u00ebr qarkun e Fierit, Saimir Korreshi ka b\u00ebr\u00eb nj\u00eb denoncim para kamerave.<\/span><\/p>\n<p><span style=\"color: #000000;\">Ai ka akuzuar zv.kryeministrin Erion Bra\u00e7e se ka nxjerr\u00eb n\u00eb terren persona p\u00ebr t\u00eb shp\u00ebrndar\u00eb para pran\u00eb qendrave t\u00eb votimit n\u00eb k\u00ebmbim t\u00eb votave. Ai u b\u00ebn thirrje Policis\u00eb s\u00eb Shtetit dhe Prokuroris\u00eb t\u00eb hetojn\u00eb dhe t\u2019\u00eb arrestojn\u00eb personat n\u00eb flagranc\u00eb.<\/span><\/p>\n<p><span style=\"color: #000000;\"><em>\u00a0\u201cDua t\u00eb denoncoj nj\u00eb fakt tragjik t\u00eb ndodhur n\u00eb k\u00ebto momente n\u00eb nj\u00eb nga qendrat elektorale n\u00eb Gradisht\u00eb, ku xhepist\u00ebt e Erion Bra\u00e7es po shp\u00ebrndajn\u00eb lek\u00eb ngjitur me qendrat e votimit, bashk\u00eb me listat p\u00ebrkat\u00ebse. \u00c7unat jan\u00eb aty, votuesit jan\u00eb aty. Tani i b\u00ebj thirrje Prokuroris\u00eb, Policis\u00eb s\u00eb Shtetit, jo asaj policie q\u00eb \u00ebsht\u00eb n\u00ebn sigl\u00ebn e Erion Bra\u00e7es, port \u00eb asaj policie t\u00eb ndershme q\u00eb t\u00eb kryejn\u00eb detyr\u00ebn funksionale.<\/em><\/span><\/p>\n<p><span style=\"color: #000000;\"><em>Ndaj u b\u00ebj thirrje me urgjenc\u00eb t\u00eb veni ta arrestoni n\u00eb flagranc\u00eb.<\/em><\/span><\/p>\n<p><span style=\"color: #000000;\"><em>Jan\u00eb aty, verifikojini, kontrollojini.\u201d<\/em>&#8211; deklaroi Korreshi.<\/span><\/p>\n<p><span style=\"color: #000000;\">Ai gjat\u00eb fjal\u00ebs s\u00eb tij u b\u00ebri ftes\u00eb t\u00eb gjith\u00eb qytetar\u00ebve t\u00eb dalin t\u00eb votojn\u00eb, masivisht.<\/span><\/p>\n<p><span style=\"color: #000000;\">Ky denoncim i tij vjen pasi u procedua penalisht s\u00ebbashki me kandidatin tjet\u00ebr p\u00ebr deputet t\u00eb PD-s\u00eb Enkelejd Alibeaj, lidhur me nj\u00eb incident t\u00eb ndodhur n\u00eb fshatin Sh\u00ebn e Premte n\u00eb Divjak\u00eb. Ata dhe mb\u00ebshtet\u00ebsit e tij akuzohen se ishin mbledhur kundra ligjit posht\u00eb banes\u00ebs s\u00eb kryetares s\u00eb PS-s\u00eb n\u00eb k\u00ebt\u00eb fshat, duke e akuzuar p\u00ebr blerje t\u00eb votave. N\u00cb nj\u00eb denoncim t\u00eb m\u00ebhersh\u00ebm, Erion Bra\u00e7e tha se \u201cbanda e Alibeajt\u201d ka terrorizuar kryetaren e PS-s\u00eb.<\/span><\/p>\n<div style=\"width: 426px;\" class=\"wp-video\"><video class=\"wp-video-shortcode\" id=\"video-445759-1\" width=\"426\" height=\"234\" preload=\"metadata\" controls=\"controls\"><source type=\"video\/mp4\" src=\"https:\/\/hashtag.al\/wp-content\/uploads\/2021\/04\/video_10225188483289198.mp4?_=1\" \/><a href=\"https:\/\/hashtag.al\/wp-content\/uploads\/2021\/04\/video_10225188483289198.mp4\">https:\/\/hashtag.al\/wp-content\/uploads\/2021\/04\/video_10225188483289198.mp4<\/a><\/video><\/div>\n","protected":false,"gt_translate_keys":[{"key":"rendered","format":"html"}]},"excerpt":{"rendered":"<p>Kandidati p\u00ebr deputet i PD-s\u00eb p\u00ebr qarkun e Fierit, Saimir Korreshi ka b\u00ebr\u00eb nj\u00eb denoncim para kamerave. Ai ka akuzuar zv.kryeministrin Erion Bra\u00e7e se ka nxjerr\u00eb n\u00eb terren persona p\u00ebr t\u00eb shp\u00ebrndar\u00eb para pran\u00eb qendrave t\u00eb votimit n\u00eb k\u00ebmbim t\u00eb votave. Ai u b\u00ebn thirrje Policis\u00eb s\u00eb Shtetit dhe Prokuroris\u00eb t\u00eb hetojn\u00eb dhe t\u2019\u00eb arrestojn\u00eb [&hellip;]<\/p>\n","protected":false,"gt_translate_keys":[{"key":"rendered","format":"html"}]},"author":30,"featured_media":445761,"comment_status":"open","ping_status":"open","sticky":false,"template":"","format":"standard","meta":{"footnotes":""},"categories":[65,13],"tags":[],"class_list":["post-445759","post","type-post","status-publish","format-standard","has-post-thumbnail","hentry","category-lajme","category-te-fundit"],"gt_translate_keys":[{"key":"link","format":"url"}],"_links":{"self":[{"href":"https:\/\/www.hashtag.al\/index.php\/wp-json\/wp\/v2\/posts\/445759","targetHints":{"allow":["GET"]}}],"collection":[{"href":"https:\/\/www.hashtag.al\/index.php\/wp-json\/wp\/v2\/posts"}],"about":[{"href":"https:\/\/www.hashtag.al\/index.php\/wp-json\/wp\/v2\/types\/post"}],"author":[{"embeddable":true,"href":"https:\/\/www.hashtag.al\/index.php\/wp-json\/wp\/v2\/users\/30"}],"replies":[{"embeddable":true,"href":"https:\/\/www.hashtag.al\/index.php\/wp-json\/wp\/v2\/comments?post=445759"}],"version-history":[{"count":0,"href":"https:\/\/www.hashtag.al\/index.php\/wp-json\/wp\/v2\/posts\/445759\/revisions"}],"wp:featuredmedia":[{"embeddable":true,"href":"https:\/\/www.hashtag.al\/index.php\/wp-json\/wp\/v2\/media\/445761"}],"wp:attachment":[{"href":"https:\/\/www.hashtag.al\/index.php\/wp-json\/wp\/v2\/media?parent=445759"}],"wp:term":[{"taxonomy":"category","embeddable":true,"href":"https:\/\/www.hashtag.al\/index.php\/wp-json\/wp\/v2\/categories?post=445759"},{"taxonomy":"post_tag","embeddable":true,"href":"https:\/\/www.hashtag.al\/index.php\/wp-json\/wp\/v2\/tags?post=445759"}],"curies":[{"name":"wp","href":"https:\/\/api.w.org\/{rel}","templated":true}]}}