{"id":445527,"date":"2021-04-24T19:43:44","date_gmt":"2021-04-24T17:43:44","guid":{"rendered":"https:\/\/hashtag.al\/?p=445527"},"modified":"2021-04-24T19:43:44","modified_gmt":"2021-04-24T17:43:44","slug":"sulm-me-bombe-ne-afganistan-vriten-22-persona","status":"publish","type":"post","link":"https:\/\/www.hashtag.al\/index.php\/2021\/04\/24\/sulm-me-bombe-ne-afganistan-vriten-22-persona\/","title":{"rendered":"Sulm me bomb\u00eb n\u00eb Afganistan, vriten 22 persona","gt_translate_keys":[{"key":"rendered","format":"text"}]},"content":{"rendered":"<p><span style=\"color: #000000;\"><img loading=\"lazy\" decoding=\"async\" class=\"aligncenter size-full wp-image-352909\" src=\"https:\/\/hashtag.al\/wp-content\/uploads\/2020\/02\/afganistan1.jpg\" alt=\"\" width=\"768\" height=\"432\" srcset=\"https:\/\/www.hashtag.al\/wp-content\/uploads\/2020\/02\/afganistan1.jpg 768w, https:\/\/www.hashtag.al\/wp-content\/uploads\/2020\/02\/afganistan1-300x169.jpg 300w\" sizes=\"auto, (max-width: 768px) 100vw, 768px\" \/><\/span><\/p>\n<p><span style=\"color: #000000;\">Zyrtar\u00ebt n\u00eb Afganistan m\u00eb 24 prill raportuan p\u00ebr nj\u00eb val\u00eb t\u00eb sulmeve, ku u vran\u00eb t\u00eb pakt\u00ebn 22 persona. Sulmet ndodh\u00ebn n\u00eb pes\u00eb provinca t\u00eb k\u00ebtij vendi, teksa dhuna po vazhdon t\u00eb pengoj\u00eb p\u00ebrpjekjet p\u00ebr arritjen e paqes n\u00eb Afganistan.<\/span><\/p>\n<p><span style=\"color: #000000;\">Bombardimet e kryera nga militant\u00ebt taliban\u00eb jan\u00eb rritur q\u00eb prej se presidenti amerikan, Joe Biden, m\u00eb her\u00ebt gjat\u00eb k\u00ebtij muaji, njoftoi se do t\u00eb ket\u00eb vonesa n\u00eb t\u00ebrheqjen e trupave amerikan nga Afganistani. Afati p\u00ebr t\u00ebrheqjen e trupave, q\u00eb fillimisht ishte p\u00ebr 1 maj, tani \u00ebsht\u00eb deri m\u00eb 11 shtator.<\/span><\/p>\n<p><span style=\"color: #000000;\">Sipas zyrtar\u00ebve, tri sulme ndodh\u00ebn n\u00eb kryeqytetin afgan, Kabul m\u00eb 23 dhe 24 prill, p\u00ebrfshir\u00eb edhe nj\u00eb sulm, ku nj\u00eb sulmues i armatosur vrau kat\u00ebr polic\u00eb, nj\u00eb procesor universitar dhe nj\u00eb pun\u00ebtor qeveritar.<\/span><\/p>\n<p><span style=\"color: #000000;\">N\u00eb provinc\u00ebn juglindore, Ghazani, t\u00eb pakt\u00ebn kat\u00ebr civil\u00eb u vran\u00eb nga nj\u00eb bomb\u00eb q\u00eb ishte vendosur p\u00ebrgjat\u00eb nj\u00eb rruge, tha policia.<\/span><\/p>\n<p><span style=\"color: #000000;\">Zyrtar\u00ebt lokal\u00eb kan\u00eb faj\u00ebsuar militant\u00ebt taliban\u00eb p\u00ebr sulmin, por ende askush nuk e ka marr\u00eb p\u00ebrgjegj\u00ebsin\u00eb.<\/span><\/p>\n<p><span style=\"color: #000000;\">Po ashtu, tre ushtar\u00eb afgan\u00eb u vran\u00eb nga shp\u00ebrthimi i nj\u00eb bombe n\u00eb provinc\u00ebn Logar dhe dy polic\u00eb dhe nj\u00eb civil vdiq\u00ebn nga nj\u00eb shp\u00ebrthim n\u00eb Xhalalabad, raporton REL.<\/span><\/p>\n<p><span style=\"color: #000000;\">Shtat\u00eb forca pro-qeveritare u vran\u00eb gjat\u00eb nj\u00eb sulmi n\u00eb provinc\u00ebn Talhrah, than\u00eb zyrtar\u00ebt qeveritar\u00eb.<\/span><\/p>\n<p><span style=\"color: #000000;\">Lider\u00ebt taliban\u00eb, pas njoftimit t\u00eb Bidenit p\u00ebr t\u00ebrheqjen e trupave, refuzuan q\u00eb t\u00eb marrin pjes\u00eb n\u00eb konferenc\u00ebn e paqes, q\u00eb do t\u00eb mbahet gjat\u00eb k\u00ebtij muaji n\u00eb Turqi. Taliban\u00ebt po ashtu kan\u00eb paralajm\u00ebruar se do t\u00eb rrisin sulmet.<\/span><\/p>\n<p><span style=\"color: #000000;\">Bisedimet nd\u00ebr-afgane, nd\u00ebrmjet Kabulit dhe p\u00ebrfaq\u00ebsuesve t\u00eb taliban\u00ebve, q\u00eb mbahen n\u00eb Doha t\u00eb Katarit, kan\u00eb ngecur q\u00eb prej shtatorit t\u00eb vitit t\u00eb kaluar.<\/span><\/p>\n<p>&nbsp;<\/p>\n","protected":false,"gt_translate_keys":[{"key":"rendered","format":"html"}]},"excerpt":{"rendered":"<p>Zyrtar\u00ebt n\u00eb Afganistan m\u00eb 24 prill raportuan p\u00ebr nj\u00eb val\u00eb t\u00eb sulmeve, ku u vran\u00eb t\u00eb pakt\u00ebn 22 persona. Sulmet ndodh\u00ebn n\u00eb pes\u00eb provinca t\u00eb k\u00ebtij vendi, teksa dhuna po vazhdon t\u00eb pengoj\u00eb p\u00ebrpjekjet p\u00ebr arritjen e paqes n\u00eb Afganistan. Bombardimet e kryera nga militant\u00ebt taliban\u00eb jan\u00eb rritur q\u00eb prej se presidenti amerikan, Joe Biden, [&hellip;]<\/p>\n","protected":false,"gt_translate_keys":[{"key":"rendered","format":"html"}]},"author":32,"featured_media":352909,"comment_status":"open","ping_status":"open","sticky":false,"template":"","format":"standard","meta":{"footnotes":""},"categories":[6,13],"tags":[],"class_list":["post-445527","post","type-post","status-publish","format-standard","has-post-thumbnail","hentry","category-nderkombetare","category-te-fundit"],"gt_translate_keys":[{"key":"link","format":"url"}],"_links":{"self":[{"href":"https:\/\/www.hashtag.al\/index.php\/wp-json\/wp\/v2\/posts\/445527","targetHints":{"allow":["GET"]}}],"collection":[{"href":"https:\/\/www.hashtag.al\/index.php\/wp-json\/wp\/v2\/posts"}],"about":[{"href":"https:\/\/www.hashtag.al\/index.php\/wp-json\/wp\/v2\/types\/post"}],"author":[{"embeddable":true,"href":"https:\/\/www.hashtag.al\/index.php\/wp-json\/wp\/v2\/users\/32"}],"replies":[{"embeddable":true,"href":"https:\/\/www.hashtag.al\/index.php\/wp-json\/wp\/v2\/comments?post=445527"}],"version-history":[{"count":0,"href":"https:\/\/www.hashtag.al\/index.php\/wp-json\/wp\/v2\/posts\/445527\/revisions"}],"wp:featuredmedia":[{"embeddable":true,"href":"https:\/\/www.hashtag.al\/index.php\/wp-json\/wp\/v2\/media\/352909"}],"wp:attachment":[{"href":"https:\/\/www.hashtag.al\/index.php\/wp-json\/wp\/v2\/media?parent=445527"}],"wp:term":[{"taxonomy":"category","embeddable":true,"href":"https:\/\/www.hashtag.al\/index.php\/wp-json\/wp\/v2\/categories?post=445527"},{"taxonomy":"post_tag","embeddable":true,"href":"https:\/\/www.hashtag.al\/index.php\/wp-json\/wp\/v2\/tags?post=445527"}],"curies":[{"name":"wp","href":"https:\/\/api.w.org\/{rel}","templated":true}]}}