{"id":445524,"date":"2021-04-24T19:22:43","date_gmt":"2021-04-24T17:22:43","guid":{"rendered":"https:\/\/hashtag.al\/?p=445524"},"modified":"2021-04-24T19:22:43","modified_gmt":"2021-04-24T17:22:43","slug":"voa-biden-njeh-mizorite-ndaj-armeneve-si-genocid","status":"publish","type":"post","link":"https:\/\/www.hashtag.al\/index.php\/2021\/04\/24\/voa-biden-njeh-mizorite-ndaj-armeneve-si-genocid\/","title":{"rendered":"VOA: Biden njeh mizorit\u00eb ndaj armen\u00ebve si genocid","gt_translate_keys":[{"key":"rendered","format":"text"}]},"content":{"rendered":"<p><span style=\"color: #000000;\"><img loading=\"lazy\" decoding=\"async\" class=\"aligncenter size-full wp-image-445525\" src=\"https:\/\/hashtag.al\/wp-content\/uploads\/2021\/04\/genocidi-armen.jpg\" alt=\"\" width=\"700\" height=\"394\" srcset=\"https:\/\/www.hashtag.al\/wp-content\/uploads\/2021\/04\/genocidi-armen.jpg 700w, https:\/\/www.hashtag.al\/wp-content\/uploads\/2021\/04\/genocidi-armen-300x169.jpg 300w\" sizes=\"auto, (max-width: 700px) 100vw, 700px\" \/><\/span><\/p>\n<p><span style=\"color: #000000;\">Presidenti Joe Biden njohu si genocid vrasjet sistematike dhe deportimin e qindra mij\u00ebra armen\u00ebve nga turqit osman\u00eb nj\u00eb shekull m\u00eb par\u00eb. Presidenti Biden b\u00ebhet k\u00ebshtu presidenti i par\u00eb amerikan q\u00eb nd\u00ebrmerr k\u00ebt\u00eb hap.<\/span><\/p>\n<p><span style=\"color: #000000;\">Pamjet e rralla nga viti 1923 t\u00eb publikuara nga Cineteca e Bolonj\u00ebs tregojn\u00eb t\u00eb mbijetuarit e d\u00ebbimit dhe maskrave masive t\u00eb armen\u00ebve nga Perandoria Osmane n\u00eb 1915 dhe 1916.<\/span><\/p>\n<p><span style=\"color: #000000;\">Disa nga filmimet tregojn\u00eb anije t\u00eb mbushura me f\u00ebmij\u00eb n\u00eb Turqi dhe vargane refugjat\u00ebsh q\u00eb p\u00ebrshkojn\u00eb rrug\u00ebt.<\/span><\/p>\n<p><span style=\"color: #000000;\">Armen\u00ebt thon\u00eb se deri n\u00eb 1.5 milion njer\u00ebz u vran\u00eb gjat\u00eb Luft\u00ebs s\u00eb Par\u00eb Bot\u00ebrore nd\u00ebrsa Perandoria Osmane u shp\u00ebrb\u00eb, nj\u00eb pretendim i mb\u00ebshtetur nga rreth 30 vende.<\/span><\/p>\n<p><span style=\"color: #000000;\">Turqia, e cila u ngrit nga hiri i Perandoris\u00eb Osmane n\u00eb vitet 1920, ende refuzon me forc\u00eb klasifikimin si genocid, duke th\u00ebn\u00eb se 300 mij\u00eb deri n\u00eb 500 mij\u00eb armen\u00eb dhe t\u00eb pakt\u00ebn po aq turq vdiq\u00ebn n\u00eb luftime kur armen\u00ebt u ngrit\u00ebn kund\u00ebr sundimtar\u00ebve t\u00eb tyre osman\u00eb.<\/span><\/p>\n<p><span style=\"color: #000000;\">Mizorit\u00eb p\u00ebrkujtohen n\u00eb Armeni dhe n\u00eb komunitetet armene n\u00eb t\u00eb gjith\u00eb bot\u00ebn \u00e7do 24 prill.<\/span><\/p>\n<p><span style=\"color: #000000;\">K\u00ebt\u00eb jav\u00eb, m\u00eb shum\u00eb se 100 ligjv\u00ebn\u00ebs amerikan\u00eb nga t\u00eb dy an\u00ebt e spektrit politik i d\u00ebrguan nj\u00eb let\u00ebr Presidentit Biden duke i k\u00ebrkuar t\u00eb p\u00ebrdor\u00eb n\u00eb ve\u00e7anti fjal\u00ebn &#8220;genocid&#8221; gjat\u00eb aktiviteteve p\u00ebrkujtimore. Ligjv\u00ebn\u00ebsi demokrat Brad Sherman i Kalifornis\u00eb ka koh\u00eb q\u00eb mb\u00ebshtet njohjen e genocidit, shkruan VOA.<\/span><\/p>\n<p><span style=\"color: #000000;\">\u201c<em>Mohimi i genocidit \u00ebsht\u00eb akti i fundit i nj\u00eb genocidi. S\u00eb pari shfaroset nj\u00eb popull, pastaj p\u00ebrpiqen t\u00eb zhdukin kujtes\u00ebn e shfarosjes. \u00cbsht\u00eb hapi i par\u00eb p\u00ebr genocidin e ardhsh\u00ebm<\/em>\u201d, thot\u00eb Ligjv\u00ebn\u00ebsi Sherman.<\/span><\/p>\n<p><span style=\"color: #000000;\">Ministri i Jasht\u00ebm i Turqis\u00eb Mevlut Cavusoglu paralajm\u00ebroi administrat\u00ebn e Presidentit Biden se njohja e genocidit do t\u00eb &#8220;d\u00ebmtoj\u00eb&#8221; lidhjet e Shteteve t\u00eb Bashkuara me Ankaran\u00eb. I pyetur n\u00eb lidhje me gjendjen e marr\u00ebdh\u00ebnieve dypal\u00ebshe, z\u00ebdh\u00ebn\u00ebsi i Departamentit t\u00eb Shtetit Ned Price tha se Turqia \u00ebsht\u00eb nj\u00eb aleat me vler\u00eb n\u00eb NATO.<\/span><\/p>\n<p><span style=\"color: #000000;\">&#8220;<em>Si miq, si aleat\u00eb, kur kemi mosmarr\u00ebveshje, ne i ngrem\u00eb ato, nuk i mbulojm\u00eb<\/em>&#8220;, tha zoti Price.<\/span><\/p>\n<p><span style=\"color: #000000;\">Analist\u00ebt thon\u00eb se Presidenti Biden ka m\u00eb shum\u00eb t\u00eb ngjar\u00eb se ish-Presidenti Donald Trump t\u00eb b\u00ebj\u00eb p\u00ebrcaktimin e genocidit, p\u00ebr shkak t\u00eb raportit miq\u00ebsor t\u00eb ish-Presidentit Trump me Presidentin turk Rexhep Tajip Erdogan, si dhe m\u00eb shum\u00eb t\u00eb ngjar\u00eb se president\u00ebt e m\u00ebparsh\u00ebm demokrat\u00eb.<\/span><\/p>\n<p><span style=\"color: #000000;\">&#8220;<em>Ndryshe nga administrata e m\u00ebparshme, nuk ka nj\u00eb marr\u00ebdh\u00ebnie personale midis presidentit dhe udh\u00ebheq\u00ebsit turk, Erdogan. Gjat\u00eb fushat\u00ebs, presidenti b\u00ebri disa komente t\u00eb ashpra p\u00ebr autokrat\u00ebt, duke iu referuar udh\u00ebheq\u00ebsit turk<\/em>&#8220;, thot\u00eb Hrach Gregorian, nga Universiteti Amerikan.<\/span><\/p>\n<p><span style=\"color: #000000;\">Zoti Gregorian i tha Z\u00ebrit t\u00eb Amerik\u00ebs se mund t\u00eb ket\u00eb d\u00ebme afatshkurtra p\u00ebr marr\u00ebdh\u00ebnien SHBA-Turqi n\u00ebse ka nj\u00eb njohje t\u00eb genocidit, por ai nuk shqet\u00ebsohet p\u00ebr d\u00ebmtime t\u00eb q\u00ebndrueshme.<\/span><\/p>\n<p><span style=\"color: #000000;\">\u201c<em>Mendoj se do t\u00eb digjen disa ura; kjo \u00ebsht\u00eb simbolikisht e r\u00ebnd\u00ebsishme p\u00ebr t\u00eb dy, sigurisht p\u00ebr Ankaran\u00eb, n\u00ebse jo m\u00eb pak p\u00ebr Uashingtonin. Por ju e dini, n\u00eb marr\u00ebdh\u00ebniet nd\u00ebrkomb\u00ebtare urat digjen dhe rind\u00ebrtohen, sepse shtetet veprojn\u00eb sipas interesave t\u00eb tyre komb\u00ebtare<\/em>&#8220;, thot\u00eb zoti Gregorian.<\/span><\/p>\n<p><span style=\"color: #000000;\">Ekspertja p\u00ebr genocidin Anahit Khosroeva ndihmoi p\u00ebr nj\u00eb let\u00ebr nga historian\u00ebt armen\u00eb drejtuar Presidentit Biden, ku k\u00ebrkohet q\u00eb ai t\u00eb p\u00ebrdorte fjal\u00ebn &#8220;genocid&#8221; dhe ku paralajm\u00ebrohet se numri i t\u00eb mbijetuarve t\u00eb mizorive po zvog\u00eblohet.<\/span><\/p>\n<p><span style=\"color: #000000;\">\u201c<em>Tani kemi shum\u00eb t\u00eb mbijetuar nga genocidi ndaj armen\u00ebve,<\/em>\u00a0[por]<em>\u00a0nga viti n\u00eb vit, ata do t\u00eb b\u00ebhen gjithnj\u00eb e m\u00eb pak. Por, tani ata e mbajn\u00eb mend dhe k\u00ebrkojn\u00eb drejt\u00ebsi, sepse deri m\u00eb tani Turqia\u00a0<\/em>[ka]<em>\u00a0nj\u00eb politik\u00eb mohimi, e cila vazhdon deri m\u00eb sot<\/em>&#8220;, thot\u00eb zonja Khosroeva.<\/span><\/p>\n<p><span style=\"color: #000000;\">Zonja Khosrova ra dakord me ekspert\u00eb t\u00eb tjer\u00eb t\u00eb genocidit se njohja zyrtare ndihmon p\u00ebr t\u00eb parandaluar mizorit\u00eb n\u00eb t\u00eb ardhmen kund\u00ebr minoriteteve etnike dhe fetare.<\/span><\/p>\n","protected":false,"gt_translate_keys":[{"key":"rendered","format":"html"}]},"excerpt":{"rendered":"<p>Presidenti Joe Biden njohu si genocid vrasjet sistematike dhe deportimin e qindra mij\u00ebra armen\u00ebve nga turqit osman\u00eb nj\u00eb shekull m\u00eb par\u00eb. Presidenti Biden b\u00ebhet k\u00ebshtu presidenti i par\u00eb amerikan q\u00eb nd\u00ebrmerr k\u00ebt\u00eb hap. Pamjet e rralla nga viti 1923 t\u00eb publikuara nga Cineteca e Bolonj\u00ebs tregojn\u00eb t\u00eb mbijetuarit e d\u00ebbimit dhe maskrave masive t\u00eb armen\u00ebve [&hellip;]<\/p>\n","protected":false,"gt_translate_keys":[{"key":"rendered","format":"html"}]},"author":32,"featured_media":445525,"comment_status":"open","ping_status":"open","sticky":false,"template":"","format":"standard","meta":{"footnotes":""},"categories":[6,13],"tags":[],"class_list":["post-445524","post","type-post","status-publish","format-standard","has-post-thumbnail","hentry","category-nderkombetare","category-te-fundit"],"gt_translate_keys":[{"key":"link","format":"url"}],"_links":{"self":[{"href":"https:\/\/www.hashtag.al\/index.php\/wp-json\/wp\/v2\/posts\/445524","targetHints":{"allow":["GET"]}}],"collection":[{"href":"https:\/\/www.hashtag.al\/index.php\/wp-json\/wp\/v2\/posts"}],"about":[{"href":"https:\/\/www.hashtag.al\/index.php\/wp-json\/wp\/v2\/types\/post"}],"author":[{"embeddable":true,"href":"https:\/\/www.hashtag.al\/index.php\/wp-json\/wp\/v2\/users\/32"}],"replies":[{"embeddable":true,"href":"https:\/\/www.hashtag.al\/index.php\/wp-json\/wp\/v2\/comments?post=445524"}],"version-history":[{"count":0,"href":"https:\/\/www.hashtag.al\/index.php\/wp-json\/wp\/v2\/posts\/445524\/revisions"}],"wp:featuredmedia":[{"embeddable":true,"href":"https:\/\/www.hashtag.al\/index.php\/wp-json\/wp\/v2\/media\/445525"}],"wp:attachment":[{"href":"https:\/\/www.hashtag.al\/index.php\/wp-json\/wp\/v2\/media?parent=445524"}],"wp:term":[{"taxonomy":"category","embeddable":true,"href":"https:\/\/www.hashtag.al\/index.php\/wp-json\/wp\/v2\/categories?post=445524"},{"taxonomy":"post_tag","embeddable":true,"href":"https:\/\/www.hashtag.al\/index.php\/wp-json\/wp\/v2\/tags?post=445524"}],"curies":[{"name":"wp","href":"https:\/\/api.w.org\/{rel}","templated":true}]}}