{"id":445390,"date":"2021-04-24T11:42:48","date_gmt":"2021-04-24T09:42:48","guid":{"rendered":"https:\/\/hashtag.al\/?p=445390"},"modified":"2021-04-24T13:02:32","modified_gmt":"2021-04-24T11:02:32","slug":"ilir-meta-del-ne-konference-jam-ketu-per-te-dekurajuar-cdo-lloj-krimi-zgjedhor","status":"publish","type":"post","link":"https:\/\/www.hashtag.al\/index.php\/2021\/04\/24\/ilir-meta-del-ne-konference-jam-ketu-per-te-dekurajuar-cdo-lloj-krimi-zgjedhor\/","title":{"rendered":"Ilir Meta del n\u00eb konferenc\u00eb: Jam k\u00ebtu p\u00ebr t\u00eb dekurajuar \u00e7do lloj krimi zgjedhor","gt_translate_keys":[{"key":"rendered","format":"text"}]},"content":{"rendered":"<p><a href=\"https:\/\/hashtag.al\/wp-content\/uploads\/2021\/04\/m-4.jpg\"><img loading=\"lazy\" decoding=\"async\" class=\"aligncenter size-full wp-image-445391\" src=\"https:\/\/hashtag.al\/wp-content\/uploads\/2021\/04\/m-4.jpg\" alt=\"\" width=\"869\" height=\"516\" srcset=\"https:\/\/www.hashtag.al\/wp-content\/uploads\/2021\/04\/m-4.jpg 869w, https:\/\/www.hashtag.al\/wp-content\/uploads\/2021\/04\/m-4-300x178.jpg 300w, https:\/\/www.hashtag.al\/wp-content\/uploads\/2021\/04\/m-4-768x456.jpg 768w\" sizes=\"auto, (max-width: 869px) 100vw, 869px\" \/><\/a><\/p>\n<p><span style=\"color: #000000;\">Presidenti i vendit Ilir Meta, ka dal\u00eb sot n\u00eb nj\u00eb deklarat\u00eb p\u00ebr mediet sikurse kishte paralajm\u00ebruar z\u00ebdh\u00ebn\u00ebsi i tij m\u00eb her\u00ebt.<\/span><\/p>\n<p><em><span style=\"color: #000000;\">\u201cArsyeja pse jam k\u00ebtu sot p\u00ebr t\u00eb dekurajuar \u00e7do lloj krimi zgjedhor sepse \u00ebsht\u00eb krimi zgjedhor ai q\u00eb prej t\u00eb pakt\u00ebn 4 vitesh mban peng integrimin europian dhe k\u00ebrc\u00ebnon seriozisht edhe gjat\u00eb dit\u00ebs s\u00eb nes\u00ebrme.<\/span><\/em><\/p>\n<p><em><span style=\"color: #000000;\">Dhe jam k\u00ebtu n\u00eb m\u00ebnyr\u00eb t\u00eb ve\u00e7ant\u00eb p\u00ebr t&#8217;iu drejtuar gjith\u00eb prokuror\u00ebve, gjyqtar\u00ebve, p\u00ebrfaq\u00ebsuesve t\u00eb sistemit gjyq\u00ebsor, si kryetari i shtetit q\u00eb do jet\u00eb n\u00eb detyr\u00eb edhe t\u00eb h\u00ebn\u00ebn e t\u00eb mart\u00ebn, p\u00ebr t\u00eb garantuar vazhdim\u00ebsin\u00eb e shtetit dhe nd\u00ebrrimin e pushtetit, n\u00eb respekt t\u00eb Kushtetut\u00ebs dhe rezultatit q\u00eb do japin qytetar\u00ebt shqiptar.<\/span><\/em><\/p>\n<p><em><span style=\"color: #000000;\">Vota e presidentit t\u00eb jet\u00eb e barabart\u00eb me \u00e7do qytetar t\u00eb Shqip\u00ebris\u00eb nga Vermoshi n\u00eb Konispol. Ky \u00ebsht\u00eb i vemti angazhim p\u00ebr dit\u00ebn e nes\u00ebrme dhe ky \u00ebsht\u00eb edhe tani. A ka patur shqet\u00ebsime presidenti? Patjet\u00ebr. A e ka ngritur z\u00ebrin presidenti? Patjet\u00ebr.<\/span><\/em><\/p>\n<p><em><span style=\"color: #000000;\">Dit\u00ebn e djeshme kam b\u00ebr\u00eb publike q\u00ebndrimin tim si President i Republik\u00ebs lidhur me ngjarjen tragjike t\u00eb ndodhur n\u00eb Elbasan m\u00eb 21 Prill, ku p\u00ebr fat t\u00eb keq pati nj\u00eb humbje jet\u00eb dhe disa t\u00eb plagosur. Edhe pse kan\u00eb kaluar mbi 72 or\u00eb, ende organi i Prokuroris\u00eb dhe strukturat e Policis\u00eb s\u00eb Shgtetit nuk kan\u00eb dh\u00ebn\u00eb nj\u00eb version t\u00eb plot\u00eb dhe shteruese mbi k\u00ebt\u00eb ngjarje q\u00eb tronditi gjith\u00eb opinionin vendas dhe at\u00eb n\u00ebrkomb\u00ebtar.<\/span><\/em><\/p>\n<p><span style=\"color: #000000;\"><em>Edhe pse dit\u00ebn e djeshme kam ngritur disa pyetje q\u00eb k\u00ebrkojn\u00eb p\u00ebrgjigje t\u00eb shpejt\u00eb, prokuroria dhe policia duket se jan\u00eb n\u00eb apati dhe nuk po veprojn\u00eb. P\u00ebr fat t\u00eb keq konstatoj se ka nj\u00eb vullnet t\u00eb patundsh\u00ebm, kok\u00ebfort\u00eb dhe kriminal p\u00ebr ta shtyr\u00eb zbardhjen e k\u00ebsaj ngjarjeje pas dat\u00ebs s\u00eb zgjedhjeve. Por duhet t\u00eb zbardhet urgjentisht sepse provat kan\u00eb qen\u00eb atje n\u00eb syt\u00eb e t\u00eb gjith\u00ebve\u201d<\/em>&#8211; tha Meta.<\/span><\/p>\n<p>&nbsp;<\/p>\n","protected":false,"gt_translate_keys":[{"key":"rendered","format":"html"}]},"excerpt":{"rendered":"<p>Presidenti i vendit Ilir Meta, ka dal\u00eb sot n\u00eb nj\u00eb deklarat\u00eb p\u00ebr mediet sikurse kishte paralajm\u00ebruar z\u00ebdh\u00ebn\u00ebsi i tij m\u00eb her\u00ebt. \u201cArsyeja pse jam k\u00ebtu sot p\u00ebr t\u00eb dekurajuar \u00e7do lloj krimi zgjedhor sepse \u00ebsht\u00eb krimi zgjedhor ai q\u00eb prej t\u00eb pakt\u00ebn 4 vitesh mban peng integrimin europian dhe k\u00ebrc\u00ebnon seriozisht edhe gjat\u00eb dit\u00ebs s\u00eb [&hellip;]<\/p>\n","protected":false,"gt_translate_keys":[{"key":"rendered","format":"html"}]},"author":30,"featured_media":445212,"comment_status":"open","ping_status":"open","sticky":false,"template":"","format":"standard","meta":{"footnotes":""},"categories":[65,13],"tags":[],"class_list":["post-445390","post","type-post","status-publish","format-standard","has-post-thumbnail","hentry","category-lajme","category-te-fundit"],"gt_translate_keys":[{"key":"link","format":"url"}],"_links":{"self":[{"href":"https:\/\/www.hashtag.al\/index.php\/wp-json\/wp\/v2\/posts\/445390","targetHints":{"allow":["GET"]}}],"collection":[{"href":"https:\/\/www.hashtag.al\/index.php\/wp-json\/wp\/v2\/posts"}],"about":[{"href":"https:\/\/www.hashtag.al\/index.php\/wp-json\/wp\/v2\/types\/post"}],"author":[{"embeddable":true,"href":"https:\/\/www.hashtag.al\/index.php\/wp-json\/wp\/v2\/users\/30"}],"replies":[{"embeddable":true,"href":"https:\/\/www.hashtag.al\/index.php\/wp-json\/wp\/v2\/comments?post=445390"}],"version-history":[{"count":0,"href":"https:\/\/www.hashtag.al\/index.php\/wp-json\/wp\/v2\/posts\/445390\/revisions"}],"wp:featuredmedia":[{"embeddable":true,"href":"https:\/\/www.hashtag.al\/index.php\/wp-json\/wp\/v2\/media\/445212"}],"wp:attachment":[{"href":"https:\/\/www.hashtag.al\/index.php\/wp-json\/wp\/v2\/media?parent=445390"}],"wp:term":[{"taxonomy":"category","embeddable":true,"href":"https:\/\/www.hashtag.al\/index.php\/wp-json\/wp\/v2\/categories?post=445390"},{"taxonomy":"post_tag","embeddable":true,"href":"https:\/\/www.hashtag.al\/index.php\/wp-json\/wp\/v2\/tags?post=445390"}],"curies":[{"name":"wp","href":"https:\/\/api.w.org\/{rel}","templated":true}]}}