{"id":445115,"date":"2021-04-23T13:29:03","date_gmt":"2021-04-23T11:29:03","guid":{"rendered":"https:\/\/hashtag.al\/?p=445115"},"modified":"2021-04-23T13:15:12","modified_gmt":"2021-04-23T11:15:12","slug":"meta-zgjedhjet-vendosin-te-ardhmen-e-vendit-qytetaret-te-votojne-me-maturi-policia-e-administrata-te-respektojne-ligjin","status":"publish","type":"post","link":"https:\/\/www.hashtag.al\/index.php\/2021\/04\/23\/meta-zgjedhjet-vendosin-te-ardhmen-e-vendit-qytetaret-te-votojne-me-maturi-policia-e-administrata-te-respektojne-ligjin\/","title":{"rendered":"Meta: Zgjedhjet vendosin t\u00eb ardhmen e vendit, qytetar\u00ebt t\u00eb votojn\u00eb me maturi, policia e administrata t\u00eb respektojn\u00eb ligjin","gt_translate_keys":[{"key":"rendered","format":"text"}]},"content":{"rendered":"<p><span style=\"color: #000000;\"><img loading=\"lazy\" decoding=\"async\" class=\"aligncenter size-full wp-image-445120\" src=\"https:\/\/hashtag.al\/wp-content\/uploads\/2021\/04\/ilirmeta-1.jpg\" alt=\"\" width=\"1280\" height=\"853\" srcset=\"https:\/\/www.hashtag.al\/wp-content\/uploads\/2021\/04\/ilirmeta-1.jpg 1280w, https:\/\/www.hashtag.al\/wp-content\/uploads\/2021\/04\/ilirmeta-1-300x200.jpg 300w, https:\/\/www.hashtag.al\/wp-content\/uploads\/2021\/04\/ilirmeta-1-768x512.jpg 768w, https:\/\/www.hashtag.al\/wp-content\/uploads\/2021\/04\/ilirmeta-1-1024x682.jpg 1024w\" sizes=\"auto, (max-width: 1280px) 100vw, 1280px\" \/><\/span><\/p>\n<p><span style=\"color: #000000;\">Presidenti Meta u ka b\u00ebr\u00eb thirrje qytetar\u00ebve t\u00eb Shqip\u00ebris\u00eb q\u00eb t\u00eb votojn\u00eb me qytetari e kultur\u00eb demokratike t\u00eb diel\u00ebn e t\u00eb shmangin \u00e7do incident artificial apo provokim t\u00eb q\u00ebllimsh\u00ebm. <\/span><\/p>\n<p><span style=\"color: #000000;\">Ai shkruan se t\u00eb gjith\u00eb i kan\u00eb syt\u00eb nga Shqip\u00ebria, vendi m\u00eb problematik i rajonit e Europ\u00ebs p\u00ebr sa i p\u00ebrket standardeve t\u00eb demokracis\u00eb e zgjedhjeve.<\/span><\/p>\n<p><span style=\"color: #000000;\"><em>\u201cT\u00eb dashur qytetar\u00eb, n\u00ebna, baballar\u00eb, motra, v\u00ebllez\u00ebr dhe ju t\u00eb reja dhe t\u00eb rinj! Mbeten vet\u00ebm 48 or\u00eb, kur me vot\u00ebn tuaj ju do t\u00eb p\u00ebrcaktoni vullnetin e Sovranit p\u00ebr drejtimin e vendit. T\u00eb gjith\u00eb i kan\u00eb syt\u00eb te Shqip\u00ebria, vendi m\u00eb problematik i rajonit dhe i Europ\u00ebs p\u00ebr zbatimin e standardeve t\u00eb demokracis\u00eb dhe t\u00eb zgjedhjeve. Le t\u00eb manifestojm\u00eb me qytetari dhe kultur\u00eb demokratike, vullnetin ton\u00eb t\u00eb lir\u00eb p\u00ebr \u00a0zgjedhjen e p\u00ebrfaq\u00ebsuesve tan\u00eb n\u00eb drejtimin e vendit. Prandaj, n\u00eb k\u00ebto or\u00eb t\u00eb mbetura nga Referendumi historik i 25 Prillit, b\u00ebj thirrje, q\u00eb t\u00eb shmanget \u00e7do incident artificial dhe provokim i q\u00ebllimsh\u00ebm, q\u00eb synon t\u00eb d\u00ebmtoj\u00eb zgjedhjet dhe imazhin e Shqip\u00ebris\u00eb.\u201d<\/em> \u2013 shkruan Meta n\u00eb Facebook.<\/span><\/p>\n<p><span style=\"color: #000000;\">M\u00eb tej kreu i shtetit u drejtohet me nj\u00eb thirrje t\u00eb posa\u00e7me forcave t\u00eb ruajtjes s\u00eb rendit, Policis\u00eb s\u00eb Shtetit e administrat\u00ebs publike q\u00eb t\u00eb tregojn\u00eb integritet\u00a0 t\u00eb ushtrojn\u00eb detyr\u00ebn n\u00eb p\u00ebrputhje me ligjin. Meta shton se zgjedhjet e 25 prillit nuk jan\u00eb vet\u00ebm p\u00ebr kat\u00ebr vitet e ardhshme po p\u00ebr t\u00eb ardhmen e vendit.<\/span><\/p>\n<p><span style=\"color: #000000;\"><em>\u201cNj\u00eb thirrje t\u00eb posa\u00e7me, u drejtoj t\u00eb gjith\u00eb forcave t\u00eb ruajtjes s\u00eb rendit, Policis\u00eb s\u00eb Shtetit dhe punonj\u00ebsve t\u00eb administrat\u00ebs publike, q\u00eb t\u00eb tregojn\u00eb integritet dhe t\u00eb ushtrojn\u00eb detyr\u00ebn e tyre\u00a0 duke zbatuar me rigorozitet vet\u00ebm ligjin duke mos u b\u00ebr\u00eb pal\u00eb me politik\u00ebn. E ritheksoj, q\u00eb k\u00ebto zgjedhje jan\u00eb shum\u00eb t\u00eb r\u00ebnd\u00ebsishme! Sepse\u00a0 ato jan\u00eb jo vet\u00ebm p\u00ebr 4 vite, por p\u00ebr t\u00eb ardhmen e Shqip\u00ebris\u00eb dhe t\u00eb shqiptar\u00ebve. Prandaj, t\u00eb tregojm\u00eb qytetari dhe kultur\u00eb demokratike n\u00eb k\u00ebto zgjedhje sepse ato duhet t\u00eb jen\u00eb nj\u00eb moment bashkimi dhe feste e demokracis\u00eb. Pjes\u00ebmarrja e \u00e7do qytetari n\u00eb zgjedhje \u00ebsht\u00eb jo vet\u00ebm nj\u00eb detyrim qytetar, por edhe nj\u00eb akt i domosdosh\u00ebm patriotik. Me vot\u00ebn tuaj t\u00eb lir\u00eb, ju vendosni p\u00ebr Shqip\u00ebrin\u00eb n\u00eb Europ\u00eb! Ju vendosni p\u00ebr Shqip\u00ebrin\u00eb e shqiptar\u00ebve! M\u00eb 25 Prill vendosni Ju! Vendos Sovrani.\u201d<\/em> \u2013 mbyll thirrjen e tij presidenti Meta.<\/span><\/p>\n","protected":false,"gt_translate_keys":[{"key":"rendered","format":"html"}]},"excerpt":{"rendered":"<p>Presidenti Meta u ka b\u00ebr\u00eb thirrje qytetar\u00ebve t\u00eb Shqip\u00ebris\u00eb q\u00eb t\u00eb votojn\u00eb me qytetari e kultur\u00eb demokratike t\u00eb diel\u00ebn e t\u00eb shmangin \u00e7do incident artificial apo provokim t\u00eb q\u00ebllimsh\u00ebm. Ai shkruan se t\u00eb gjith\u00eb i kan\u00eb syt\u00eb nga Shqip\u00ebria, vendi m\u00eb problematik i rajonit e Europ\u00ebs p\u00ebr sa i p\u00ebrket standardeve t\u00eb demokracis\u00eb e zgjedhjeve. [&hellip;]<\/p>\n","protected":false,"gt_translate_keys":[{"key":"rendered","format":"html"}]},"author":51,"featured_media":445120,"comment_status":"open","ping_status":"open","sticky":false,"template":"","format":"standard","meta":{"footnotes":""},"categories":[65,13],"tags":[],"class_list":["post-445115","post","type-post","status-publish","format-standard","has-post-thumbnail","hentry","category-lajme","category-te-fundit"],"gt_translate_keys":[{"key":"link","format":"url"}],"_links":{"self":[{"href":"https:\/\/www.hashtag.al\/index.php\/wp-json\/wp\/v2\/posts\/445115","targetHints":{"allow":["GET"]}}],"collection":[{"href":"https:\/\/www.hashtag.al\/index.php\/wp-json\/wp\/v2\/posts"}],"about":[{"href":"https:\/\/www.hashtag.al\/index.php\/wp-json\/wp\/v2\/types\/post"}],"author":[{"embeddable":true,"href":"https:\/\/www.hashtag.al\/index.php\/wp-json\/wp\/v2\/users\/51"}],"replies":[{"embeddable":true,"href":"https:\/\/www.hashtag.al\/index.php\/wp-json\/wp\/v2\/comments?post=445115"}],"version-history":[{"count":0,"href":"https:\/\/www.hashtag.al\/index.php\/wp-json\/wp\/v2\/posts\/445115\/revisions"}],"wp:featuredmedia":[{"embeddable":true,"href":"https:\/\/www.hashtag.al\/index.php\/wp-json\/wp\/v2\/media\/445120"}],"wp:attachment":[{"href":"https:\/\/www.hashtag.al\/index.php\/wp-json\/wp\/v2\/media?parent=445115"}],"wp:term":[{"taxonomy":"category","embeddable":true,"href":"https:\/\/www.hashtag.al\/index.php\/wp-json\/wp\/v2\/categories?post=445115"},{"taxonomy":"post_tag","embeddable":true,"href":"https:\/\/www.hashtag.al\/index.php\/wp-json\/wp\/v2\/tags?post=445115"}],"curies":[{"name":"wp","href":"https:\/\/api.w.org\/{rel}","templated":true}]}}