{"id":444860,"date":"2021-04-22T14:37:06","date_gmt":"2021-04-22T12:37:06","guid":{"rendered":"https:\/\/hashtag.al\/?p=444860"},"modified":"2021-04-22T14:37:48","modified_gmt":"2021-04-22T12:37:48","slug":"gjednj-se-i-kerkohet-referim-ne-dhomen-e-madhe-mbi-vettingun-e-gjyqtareve-shqiptare","status":"publish","type":"post","link":"https:\/\/www.hashtag.al\/index.php\/2021\/04\/22\/gjednj-se-i-kerkohet-referim-ne-dhomen-e-madhe-mbi-vettingun-e-gjyqtareve-shqiptare\/","title":{"rendered":"Gjykat\u00ebs s\u00eb Strasburgut i k\u00ebrkohet referim n\u00eb Dhom\u00ebn e Madhe mbi vettingun e gjyqtar\u00ebve shqiptar\u00eb","gt_translate_keys":[{"key":"rendered","format":"text"}]},"content":{"rendered":"<p><span style=\"color: #000000;\"><img loading=\"lazy\" decoding=\"async\" class=\"aligncenter size-full wp-image-444866\" src=\"https:\/\/hashtag.al\/wp-content\/uploads\/2021\/04\/gjednj-2.jpg\" alt=\"\" width=\"1129\" height=\"678\" srcset=\"https:\/\/www.hashtag.al\/wp-content\/uploads\/2021\/04\/gjednj-2.jpg 1129w, https:\/\/www.hashtag.al\/wp-content\/uploads\/2021\/04\/gjednj-2-300x180.jpg 300w, https:\/\/www.hashtag.al\/wp-content\/uploads\/2021\/04\/gjednj-2-768x461.jpg 768w, https:\/\/www.hashtag.al\/wp-content\/uploads\/2021\/04\/gjednj-2-1024x615.jpg 1024w\" sizes=\"auto, (max-width: 1129px) 100vw, 1129px\" \/><\/span><\/p>\n<p><span style=\"color: #000000;\">M\u00eb 16 Prill 2021, firma ligjore S&amp;P paraqiti nj\u00eb k\u00ebrkes\u00eb referimi n\u00eb Dhom\u00ebn e Madhe sipas nenit 43 t\u00eb Gjykat\u00ebs Europiane p\u00ebr t\u00eb Drejtat e Njeriut n\u00eb lidhje me vendimin e Dhom\u00ebs t\u00eb dh\u00ebn\u00eb nga Gjykata Evropiane e t\u00eb Drejtave t\u00eb Njeriut m\u00eb 9 Shkurt 2021 n\u00eb \u00e7\u00ebshtjen <a href=\"https:\/\/hudoc.echr.coe.int\/eng#{%22itemid%22:[%22001-208053%22]}\"><span style=\"color: #0000ff;\">Xhoxhaj kund\u00ebr Shqip\u00ebris\u00eb<\/span><\/a>\u00a0n\u00eb lidhje me shkarkimin e nj\u00eb gjyqtari t\u00eb Gjykat\u00ebs Kushtetuese Shqiptare (dhe gjyqtar ad hoc t\u00eb Gjykat\u00ebs Evropiane t\u00eb t\u00eb Drejtave t\u00eb Njeriut) pas procedur\u00ebs p\u00ebr rivler\u00ebsimin e gjyqtar\u00ebve dhe prokuror\u00ebve (e ashtuquajtur &#8220;veting&#8221;) e futur nga reforma e vitit 2016.<\/span><\/p>\n<p><span style=\"color: #000000;\">Duke adresuar p\u00ebr her\u00eb t\u00eb par\u00eb \u00e7\u00ebshtjen e p\u00ebrputhshm\u00ebris\u00eb s\u00eb verifikimit me standardet e GJEDNJ-s\u00eb, gjykimi i Dhom\u00ebs nuk ka gjetur asnj\u00eb shkelje t\u00eb neneve 6 dhe 8 t\u00eb GJEDNJ-s\u00eb duke u mb\u00ebshtetur n\u00eb thelb n\u00eb karakterin \u2018e jasht\u00ebzakonsh\u00ebm\u2019 dhe sui generis t\u00eb procedur\u00ebs s\u00eb rivler\u00ebsimit dhe haptazi duke u larguar nga praktika gjyq\u00ebsore e m\u00ebparshme e Gjykat\u00ebs. <\/span><\/p>\n<p><span style=\"color: #000000;\">Gjetjet e Dhom\u00ebs &#8211; t\u00eb cilat u miratuan me shumic\u00eb me mendime t\u00eb ndryshme t\u00eb gjyqtar\u00ebve Serghides dhe Dedov &#8211; ngre \u00e7\u00ebshtje serioze t\u00eb interpretimit dhe zbatimit t\u00eb Konvent\u00ebs, si dhe nj\u00eb \u00e7\u00ebshtje me r\u00ebnd\u00ebsi t\u00eb p\u00ebrgjithshme p\u00ebr sistemin juridik shqiptar dhe p\u00ebr shtetet e tjera kontraktuese. <\/span><\/p>\n<p><span style=\"color: #000000;\">Koh\u00ebt e fundit, nj\u00eb Dhom\u00eb e Gjykat\u00ebs ka hequr dor\u00eb nga juridiksioni n\u00eb favor t\u00eb Dhom\u00ebs s\u00eb Madhe n\u00eb \u00e7\u00ebshtjen Grz\u0119da v Polonis\u00eb n\u00eb lidhje me reform\u00ebn e gjyq\u00ebsorit 2017 n\u00eb Poloni si rezultat i s\u00eb cil\u00ebs, zyra e nj\u00eb gjykat\u00ebsi t\u00eb Gjykat\u00ebs Supreme Administrative t\u00eb zgjedhur n\u00eb K\u00ebshillin Komb\u00ebtar K\u00ebshilli t\u00eb Gjyq\u00ebsorit u p\u00ebrfundua para p\u00ebrfundimit t\u00eb mandatit t\u00eb tij kat\u00ebr vje\u00e7ar.<\/span><\/p>\n<p><span style=\"color: #000000;\">P\u00ebr k\u00ebto arsye, aplikanti beson se paneli prej pes\u00eb gjyqtar\u00ebsh t\u00eb Dhom\u00ebs s\u00eb Madhe do t\u00eb pranoj\u00eb k\u00ebrkes\u00ebn e saj p\u00ebr referim, duke ofruar k\u00ebshtu mund\u00ebsin\u00eb p\u00ebr formimin m\u00eb autoritar gjyq\u00ebsor t\u00eb Gjykat\u00ebs p\u00ebr t\u00eb vendosur mbi pajtueshm\u00ebrin\u00eb e vettingut me standardet e Konvent\u00ebs dhe p\u00ebr t\u00eb rregulluar aspektet e tij kritike n\u00eb m\u00ebnyr\u00eb q\u00eb t\u00eb siguroj\u00eb plot\u00ebsisht pavar\u00ebsin\u00eb e gjyq\u00ebsorit dhe p\u00ebr t\u00eb shmangur rrezikun e sanksioneve arbitrare q\u00eb nuk i n\u00ebnshtrohen shqyrtimit adekuat gjyq\u00ebsor.<\/span><\/p>\n","protected":false,"gt_translate_keys":[{"key":"rendered","format":"html"}]},"excerpt":{"rendered":"<p>M\u00eb 16 Prill 2021, firma ligjore S&amp;P paraqiti nj\u00eb k\u00ebrkes\u00eb referimi n\u00eb Dhom\u00ebn e Madhe sipas nenit 43 t\u00eb Gjykat\u00ebs Europiane p\u00ebr t\u00eb Drejtat e Njeriut n\u00eb lidhje me vendimin e Dhom\u00ebs t\u00eb dh\u00ebn\u00eb nga Gjykata Evropiane e t\u00eb Drejtave t\u00eb Njeriut m\u00eb 9 Shkurt 2021 n\u00eb \u00e7\u00ebshtjen Xhoxhaj kund\u00ebr Shqip\u00ebris\u00eb\u00a0n\u00eb lidhje me shkarkimin e [&hellip;]<\/p>\n","protected":false,"gt_translate_keys":[{"key":"rendered","format":"html"}]},"author":51,"featured_media":444866,"comment_status":"open","ping_status":"open","sticky":false,"template":"","format":"standard","meta":{"footnotes":""},"categories":[65,13],"tags":[],"class_list":["post-444860","post","type-post","status-publish","format-standard","has-post-thumbnail","hentry","category-lajme","category-te-fundit"],"gt_translate_keys":[{"key":"link","format":"url"}],"_links":{"self":[{"href":"https:\/\/www.hashtag.al\/index.php\/wp-json\/wp\/v2\/posts\/444860","targetHints":{"allow":["GET"]}}],"collection":[{"href":"https:\/\/www.hashtag.al\/index.php\/wp-json\/wp\/v2\/posts"}],"about":[{"href":"https:\/\/www.hashtag.al\/index.php\/wp-json\/wp\/v2\/types\/post"}],"author":[{"embeddable":true,"href":"https:\/\/www.hashtag.al\/index.php\/wp-json\/wp\/v2\/users\/51"}],"replies":[{"embeddable":true,"href":"https:\/\/www.hashtag.al\/index.php\/wp-json\/wp\/v2\/comments?post=444860"}],"version-history":[{"count":0,"href":"https:\/\/www.hashtag.al\/index.php\/wp-json\/wp\/v2\/posts\/444860\/revisions"}],"wp:featuredmedia":[{"embeddable":true,"href":"https:\/\/www.hashtag.al\/index.php\/wp-json\/wp\/v2\/media\/444866"}],"wp:attachment":[{"href":"https:\/\/www.hashtag.al\/index.php\/wp-json\/wp\/v2\/media?parent=444860"}],"wp:term":[{"taxonomy":"category","embeddable":true,"href":"https:\/\/www.hashtag.al\/index.php\/wp-json\/wp\/v2\/categories?post=444860"},{"taxonomy":"post_tag","embeddable":true,"href":"https:\/\/www.hashtag.al\/index.php\/wp-json\/wp\/v2\/tags?post=444860"}],"curies":[{"name":"wp","href":"https:\/\/api.w.org\/{rel}","templated":true}]}}