{"id":444857,"date":"2021-04-22T14:20:23","date_gmt":"2021-04-22T12:20:23","guid":{"rendered":"https:\/\/hashtag.al\/?p=444857"},"modified":"2021-04-22T14:22:06","modified_gmt":"2021-04-22T12:22:06","slug":"policia-jep-versionin-e-saj-mbi-perplasjen-ne-elbasan-ku-u-vra-pjerin-xhuvani-do-krijojme-kushtet-per-votime-te-lira-njoftimi","status":"publish","type":"post","link":"https:\/\/www.hashtag.al\/index.php\/2021\/04\/22\/policia-jep-versionin-e-saj-mbi-perplasjen-ne-elbasan-ku-u-vra-pjerin-xhuvani-do-krijojme-kushtet-per-votime-te-lira-njoftimi\/","title":{"rendered":"Policia jep versionin e saj mbi p\u00ebrplasjen n\u00eb Elbasan ku u vra Pjerin Xhuvani: Do krijojm\u00eb kushtet p\u00ebr votime t\u00eb lira (Njoftimi)","gt_translate_keys":[{"key":"rendered","format":"text"}]},"content":{"rendered":"<p><span style=\"color: #000000;\"><img loading=\"lazy\" decoding=\"async\" class=\"aligncenter size-full wp-image-444859\" src=\"https:\/\/hashtag.al\/wp-content\/uploads\/2021\/04\/Dokumente3-1.jpg\" alt=\"\" width=\"900\" height=\"674\" srcset=\"https:\/\/www.hashtag.al\/wp-content\/uploads\/2021\/04\/Dokumente3-1.jpg 900w, https:\/\/www.hashtag.al\/wp-content\/uploads\/2021\/04\/Dokumente3-1-300x225.jpg 300w, https:\/\/www.hashtag.al\/wp-content\/uploads\/2021\/04\/Dokumente3-1-768x575.jpg 768w\" sizes=\"auto, (max-width: 900px) 100vw, 900px\" \/><\/span><\/p>\n<p><span style=\"color: #000000;\">Policia e Elbasanit ka dh\u00ebn\u00eb t\u00eb tjera holl\u00ebsi mbi dinamik\u00ebn e p\u00ebrplasjes s\u00eb djeshme n\u00eb Elbasan ku mbeti i vrar\u00eb Pjerin Xhuvani dhe u plagos\u00ebn kat\u00ebr persona t\u00eb tjer\u00eb. <\/span><\/p>\n<p><span style=\"color: #000000;\">N\u00eb nj\u00eb deklarat\u00eb zyrtare policia gjyq\u00ebsore e k\u00ebtij qyteti b\u00ebn me dije se nj\u00eb grup personash t\u00eb prezantuar si vullnetar\u00eb t\u00eb mbrojtes t\u00eb vot\u00ebs s\u00eb PD-s\u00eb kan\u00eb ndaluar nj\u00eb makin\u00eb dhe i kan\u00eb marr\u00eb \u00e7elsin drejtuesit t\u00eb saj me pretendimin se ai po blinte vota. <\/span><\/p>\n<p><span style=\"color: #000000;\">Pas k\u00ebsaj ata kan\u00eb lajm\u00ebruar policin\u00eb q\u00eb ka shkuar n\u00eb vendin e ngjarjes. Sipas bluve konflikti \u00ebsht\u00eb p\u00ebrshkall\u00ebzuar deri n\u00eb p\u00ebrdorimin e arm\u00ebve ku mbeti i vrar\u00eb Pjerin Xhuvani e u plagos\u00ebn kat\u00ebr t\u00eb tjer\u00eb. <\/span><\/p>\n<p><span style=\"color: #000000;\">Policia njofton se n\u00eb kontrollin e ushtruar n\u00eb mjetin e ndaluar nuk jan\u00eb gjetur materiale kompromentuese q\u00eb mund t\u00eb p\u00ebrdoreshin p\u00ebr blerjen e vot\u00ebs.<\/span><\/p>\n<p><span style=\"color: #000000;\"> N\u00eb vendin e ngjarjes jan\u00eb sekuestruar 20 g\u00ebzhoja t\u00eb kalbrave 9 dhe 11.1 milimetra, kat\u00ebr predha, tre furgon\u00eb me sigl\u00ebn e PD-s\u00eb dy mjete, telefona celular\u00eb etj.<\/span><\/p>\n<p><span style=\"color: #000000;\"><strong>Njoftimi<\/strong><\/span><\/p>\n<p><span style=\"color: #000000;\"><em>&#8220;Sot, m\u00eb dat\u00eb 22.04.2021, sh\u00ebrbimet e Policis\u00eb Gjyq\u00ebsore t\u00eb Drejtoris\u00eb Vendore t\u00eb Policis\u00eb Elbasan, n\u00eb kuad\u00ebr t\u00eb hetimit n\u00eb lidhje me procedimin penal nr. 477 t\u00eb vitit 2021, ekzekutuan urdhrat e ndalimit p\u00ebr shtetasit:<\/em><\/span><\/p>\n<p><span style=\"color: #000000;\"><em>\u00a0Arb\u00ebr Paplekaj, i dyshuar p\u00ebr kryerjen e veprave penale \u201cVrasja n\u00eb rrethana t\u00eb tjera cil\u00ebsuese kund\u00ebr dy ose m\u00eb shum\u00eb personave dhe n\u00eb m\u00ebnyr\u00eb t\u00eb rrezikshme p\u00ebr jet\u00ebn e shum\u00eb personave\u201d, \u201cVrasja e punonj\u00ebsve t\u00eb Policis\u00eb s\u00eb Shtetit, e mbetur n\u00eb tentativ\u00eb\u201d, \u201cHeqja e paligjshme e liris\u00eb e kryer me dhun\u00eb\u201d n\u00eb bashk\u00ebpunim;<\/em><\/span><\/p>\n<p><span style=\"color: #000000;\"><em>Arjan Hoxha, Pavlo Vuksani, Emiljan Prenga, Juljan Mataj, Erald Guga, Erjon Demushi, Taulant Ymeri, Roland Xhepa, Nuredin Kasma, t\u00eb dyshuar p\u00ebr\u00a0 kryerjen e vepr\u00ebs penale \u201cHeqja e paligjshme e liris\u00eb s\u00eb personit e kryer me dhun\u00eb\u201dn\u00eb bashk\u00ebpunim.<\/em><\/span><\/p>\n<p><span style=\"color: #000000;\"><em>U shpall n\u00eb k\u00ebrkim shtetasi Klement Xhaferri, i dyshuar p\u00ebr kryerjen e vepr\u00ebs penale \u201cVrasja n\u00eb rrethana t\u00eb tjera cil\u00ebsuese n\u00eb m\u00ebnyr\u00eb t\u00eb rrezikshme p\u00ebr jet\u00ebn e shum\u00eb personave, mbetur n\u00eb tentativ\u00eb\u201d\u00a0 dhe vijon puna intensive p\u00ebr kapjen e tij.<\/em><\/span><\/p>\n<p><span style=\"color: #000000;\"><em>Si dhe u arrestua n\u00eb flagranc\u00eb shtetasi Eldjo Beko, p\u00ebr vepr\u00ebn penale \u201cVeprime q\u00eb pengojn\u00eb zbulimin e t\u00eb v\u00ebrtet\u00ebs\u201d<\/em><\/span><\/p>\n<p><span style=\"color: #000000;\"><em>Nga t\u00ebr\u00ebsia e veprimeve hetimore t\u00eb deritanishme ka rezultuar se:<\/em><\/span><\/p>\n<p><span style=\"color: #000000;\"><em>M\u00eb dat\u00eb 21.04.2021, rreth or\u00ebs 14:00, jan\u00eb njoftuar sh\u00ebrbimet e Drejtoris\u00eb Vendore t\u00eb Policis\u00eb Elbasan, nga shtetasi Arjan Hoxha, i prezantuar si p\u00ebrgjegj\u00ebs i sigurin\u00eb\u00a0 p\u00ebr shtabin elektoral\u00a0 t\u00eb subjektit politik Partia Demokratike p\u00ebr qarkun\u00a0 Elbasan, s\u00eb n\u00eb rrug\u00ebn \u201dLef Nosi\u201d, n\u00eb qytetin e Elbasanit, kishte nj\u00eb incident me disa persona.<\/em><\/span><\/p>\n<p><span style=\"color: #000000;\"><em>Nga ana e Policis\u00eb \u00ebsht\u00eb vler\u00ebsuar informacioni dhe menj\u00ebher\u00eb kan\u00eb shkuar n\u00eb adres\u00ebn e dh\u00ebn\u00eb\u00a0 nj\u00eb patrull\u00eb e Forc\u00ebs\u00a0 s\u00eb Posa\u00e7me \u201cShqiponja\u201d, dhe dy zv.drejtor\u00ebt e Policis\u00eb s\u00eb qarkut, ai i Hetimit dhe ai i Siguris\u00eb.<\/em><\/span><\/p>\n<p><span style=\"color: #000000;\"><em>N\u00eb vendngjarje, shtetasi Arjan Hoxha \u00ebsht\u00eb shk\u00ebputur nga grupi i personave q\u00eb e shoq\u00ebronin<\/em><\/span><\/p>\n<p><span style=\"color: #000000;\"><em>dhe ka komunikuar me punonj\u00ebsit e Policis\u00eb, duke u th\u00ebn\u00eb se ai bashk\u00eb me disa persona t\u00eb tjer\u00eb kishin bllokuar nj\u00eb person, p\u00ebr t\u00eb cilin pretendonin se po kryente veprime p\u00ebr blerje votash p\u00ebr nj\u00eb subjekt politik.\u00a0<\/em><\/span><\/p>\n<p><span style=\"color: #000000;\"><em>Po k\u00ebshtu grupi i personave t\u00eb ndaluar kan\u00eb bllokuar qarkullimin e automjetit\u00a0 fuoristrad\u00eb ML<\/em><\/span><\/p>\n<p><span style=\"color: #000000;\"><em>t\u00eb drejtuar nga shtetasi M. G., duke i prer\u00eb rrug\u00ebn,\u00a0 marr\u00eb \u00e7el\u00ebsin e automjetit. Ndaj k\u00ebtij shtetasi dyshohet se jan\u00eb kryer\u00a0 veprime t\u00eb kund\u00ebrligjshme t\u00eb heqjes s\u00eb paligjshme t\u00eb liris\u00eb, n\u00ebp\u00ebrmjet dhun\u00ebs t\u00eb kryer n\u00eb bashk\u00ebpunim.<\/em><\/span><\/p>\n<p><span style=\"color: #000000;\"><em>Shtetasi Arjan Hoxha ka qen\u00eb i shoq\u00ebruar nga shtetasit Arb\u00ebr Paplekaj, Pavlo Vuksani, Emiljan Prenga, Juljan Mataj, Erald Guga, Erjon Demushi, Taulant Ymeri, Roland Xhepa dhe\u00a0 Nuredin Kasma, pjesa m\u00eb e madhe e t\u00eb cil\u00ebve jan\u00eb ish-ushtarak\u00eb dhe ish-punonj\u00ebs policie\u00a0 dhe nuk jan\u00eb banor\u00eb t\u00eb qarkut Elbasan.<\/em><\/span><\/p>\n<p><span style=\"color: #000000;\"><em>Gjithashtu k\u00ebta shtetas kan\u00eb deklaruar se jan\u00eb vullnetar\u00eb t\u00eb mbrojtjes s\u00eb vot\u00ebs p\u00ebr Partin\u00eb Demokratike. Ata qarkullonin me tre furgon\u00eb t\u00eb bardh\u00eb dhe t\u00eb loguar me sigl\u00ebn e k\u00ebsaj force politike.<\/em><\/span><\/p>\n<p><span style=\"color: #000000;\"><em>Pas\u00a0 mb\u00ebrritjes s\u00eb forcave t\u00eb Policis\u00eb,\u00a0 konflikti i nisur m\u00eb par\u00eb u p\u00ebrshkall\u00ebzua deri n\u00eb p\u00ebrdorimin e arm\u00ebve\u00a0 dhe p\u00ebr pasoj\u00eb ka mbetur i varr\u00eb shtetasi Pjerin Xhuvani dhe jan\u00eb plagosur shtetasit Emiljan Prenga, Pavlo Vuksani, Eltjon Bodinaku dhe punonj\u00ebsja e policis\u00eb e forc\u00ebs s\u00eb posa\u00e7me \u201cShqiponjat\u201d, Xh. S.<\/em><\/span><\/p>\n<p><span style=\"color: #000000;\"><em>Nga k\u00ebqyrja e vendit t\u00eb ngjarjes jan\u00eb sekuestruar n\u00eb cil\u00ebsin\u00eb e prov\u00ebs materiale 20 g\u00ebzhoja t\u00eb kalibrave\u00a0 9\u00a0 dhe 11.1 milimetra,\u00a0 4 predha,\u00a0 tre furgon\u00eb me logo t\u00eb subjektit politik Partia Demokratike, automjeti fuoristrad\u00eb ML pa targa\u00a0 dhe nj\u00eb automjet tjet\u00ebr tip Benz, 11 telefona celular, pamje filmike etj.<\/em><\/span><\/p>\n<p><span style=\"color: #000000;\"><em>Gjithashtu, n\u00eb cil\u00ebsin\u00eb e prov\u00ebs materiale shtetasit Arb\u00ebr Paplekaj i \u00ebsht\u00eb sekuestruar edhe nj\u00eb arm\u00eb zjarri e tipit \u201cGlock\u201d .<\/em><\/span><\/p>\n<p><span style=\"color: #000000;\"><em>Nga k\u00ebqyrja e automjetit\u00a0 tip ML Benz pa targa, i gjetur n\u00eb vendngjarje, grupi hetimor\u00a0 nuk ka konstatuar sende t\u00eb kund\u00ebrligjshme apo t\u00eb dyshuara se mund t\u00eb p\u00ebrdoreshim p\u00ebr shitblerje t\u00eb vot\u00ebs.<\/em><\/span><\/p>\n<p><span style=\"color: #000000;\"><em>K\u00ebto prova po i n\u00ebnshtrohen ekzaminimeve t\u00eb m\u00ebtejshme n\u00eb Institutin e Policis\u00eb Shkencore.<\/em><\/span><\/p>\n<p><span style=\"color: #000000;\"><em>N\u00ebn drejtimin e Prokuroris\u00eb s\u00eb Rrethit Gjyq\u00ebsor Elbasan, nga grupi i posa\u00e7\u00ebm hetimor vijon puna intensive p\u00ebr zbardhjen dhe dokumentimin e plot\u00eb ligjor t\u00eb k\u00ebsaj ngjarjeje, si dhe p\u00ebr identifikimin dhe arrestimin e personave t\u00eb tjer\u00eb t\u00eb p\u00ebrfshir\u00eb n\u00eb k\u00ebt\u00eb ngjarje.<\/em><\/span><\/p>\n<p><span style=\"color: #000000;\"><em>Policia e Shtetit do vijoj\u00eb me forc\u00ebn e ligjit p\u00ebr t\u00eb mbajtur n\u00ebn kontroll\u00a0 t\u00eb plot\u00eb territorin, do t\u00eb reagoj\u00eb ligj\u00ebrisht dhe proporcionalisht ndaj kujtdo q\u00eb k\u00ebrc\u00ebnon, intimidon apo shkel ligjin dhe\u00a0 do t\u00eb krijoj\u00eb t\u00eb gjitha kushtet q\u00eb qytetar\u00ebt shqiptar\u00eb\u00a0 t\u00eb\u00a0 votojn\u00eb t\u00eb lir\u00eb.&#8221;<\/em><\/span><\/p>\n","protected":false,"gt_translate_keys":[{"key":"rendered","format":"html"}]},"excerpt":{"rendered":"<p>Policia e Elbasanit ka dh\u00ebn\u00eb t\u00eb tjera holl\u00ebsi mbi dinamik\u00ebn e p\u00ebrplasjes s\u00eb djeshme n\u00eb Elbasan ku mbeti i vrar\u00eb Pjerin Xhuvani dhe u plagos\u00ebn kat\u00ebr persona t\u00eb tjer\u00eb. N\u00eb nj\u00eb deklarat\u00eb zyrtare policia gjyq\u00ebsore e k\u00ebtij qyteti b\u00ebn me dije se nj\u00eb grup personash t\u00eb prezantuar si vullnetar\u00eb t\u00eb mbrojtes t\u00eb vot\u00ebs s\u00eb PD-s\u00eb [&hellip;]<\/p>\n","protected":false,"gt_translate_keys":[{"key":"rendered","format":"html"}]},"author":51,"featured_media":444859,"comment_status":"open","ping_status":"open","sticky":false,"template":"","format":"standard","meta":{"footnotes":""},"categories":[65,13],"tags":[],"class_list":["post-444857","post","type-post","status-publish","format-standard","has-post-thumbnail","hentry","category-lajme","category-te-fundit"],"gt_translate_keys":[{"key":"link","format":"url"}],"_links":{"self":[{"href":"https:\/\/www.hashtag.al\/index.php\/wp-json\/wp\/v2\/posts\/444857","targetHints":{"allow":["GET"]}}],"collection":[{"href":"https:\/\/www.hashtag.al\/index.php\/wp-json\/wp\/v2\/posts"}],"about":[{"href":"https:\/\/www.hashtag.al\/index.php\/wp-json\/wp\/v2\/types\/post"}],"author":[{"embeddable":true,"href":"https:\/\/www.hashtag.al\/index.php\/wp-json\/wp\/v2\/users\/51"}],"replies":[{"embeddable":true,"href":"https:\/\/www.hashtag.al\/index.php\/wp-json\/wp\/v2\/comments?post=444857"}],"version-history":[{"count":0,"href":"https:\/\/www.hashtag.al\/index.php\/wp-json\/wp\/v2\/posts\/444857\/revisions"}],"wp:featuredmedia":[{"embeddable":true,"href":"https:\/\/www.hashtag.al\/index.php\/wp-json\/wp\/v2\/media\/444859"}],"wp:attachment":[{"href":"https:\/\/www.hashtag.al\/index.php\/wp-json\/wp\/v2\/media?parent=444857"}],"wp:term":[{"taxonomy":"category","embeddable":true,"href":"https:\/\/www.hashtag.al\/index.php\/wp-json\/wp\/v2\/categories?post=444857"},{"taxonomy":"post_tag","embeddable":true,"href":"https:\/\/www.hashtag.al\/index.php\/wp-json\/wp\/v2\/tags?post=444857"}],"curies":[{"name":"wp","href":"https:\/\/api.w.org\/{rel}","templated":true}]}}