{"id":444498,"date":"2021-04-21T11:12:23","date_gmt":"2021-04-21T09:12:23","guid":{"rendered":"https:\/\/hashtag.al\/?p=444498"},"modified":"2021-04-21T11:12:23","modified_gmt":"2021-04-21T09:12:23","slug":"kandidati-i-lsi-se-blenard-nonaj-klosi-merr-meritat-por-kerkesen-per-segmentin-skrapar-korce-e-ka-bere-ish-kryebashkiaku","status":"publish","type":"post","link":"https:\/\/www.hashtag.al\/index.php\/2021\/04\/21\/kandidati-i-lsi-se-blenard-nonaj-klosi-merr-meritat-por-kerkesen-per-segmentin-skrapar-korce-e-ka-bere-ish-kryebashkiaku\/","title":{"rendered":"Kandidati i LSI-s\u00eb Blenard Nonaj: Klosi merr meritat, por k\u00ebrkes\u00ebn p\u00ebr segmentin Skrapar-Kor\u00e7\u00eb e ka b\u00ebr\u00eb ish-kryebashkiaku","gt_translate_keys":[{"key":"rendered","format":"text"}]},"content":{"rendered":"<p><span style=\"color: #000000;\"><a href=\"https:\/\/hashtag.al\/wp-content\/uploads\/2021\/01\/Blenard-Nonaj.jpg\"><img loading=\"lazy\" decoding=\"async\" class=\"aligncenter size-full wp-image-426814\" src=\"https:\/\/hashtag.al\/wp-content\/uploads\/2021\/01\/Blenard-Nonaj.jpg\" alt=\"\" width=\"2048\" height=\"1365\" srcset=\"https:\/\/www.hashtag.al\/wp-content\/uploads\/2021\/01\/Blenard-Nonaj.jpg 2048w, https:\/\/www.hashtag.al\/wp-content\/uploads\/2021\/01\/Blenard-Nonaj-300x200.jpg 300w, https:\/\/www.hashtag.al\/wp-content\/uploads\/2021\/01\/Blenard-Nonaj-768x512.jpg 768w, https:\/\/www.hashtag.al\/wp-content\/uploads\/2021\/01\/Blenard-Nonaj-1024x683.jpg 1024w\" sizes=\"auto, (max-width: 2048px) 100vw, 2048px\" \/><\/a><\/span><\/p>\n<p><span style=\"color: #000000;\">Sipas kandidatit t\u00eb LSI-s\u00eb p\u00ebr deputet n\u00eb Berat, Blenard Nonaj, k\u00ebrkes\u00ebn p\u00ebr segmentin rrugor Skrapar-Kor\u00e7\u00eb n\u00eb TAP e ka b\u00ebr\u00eb ish-kryebashkiaku i Bashkis\u00eb, Nesim Spahiu dhe jo ministri Blendi Klosi.<\/span><\/p>\n<p><span style=\"color: #000000;\">Ky reagim erdhi pas arritjes s\u00eb marr\u00ebveshjes mes TAP-it dhe qeveris\u00eb shqiptare p\u00ebr lidhjen Kor\u00e7\u00eb-Skrapar-Berat.<\/span><\/p>\n<p><span style=\"color: #000000;\">Nonaj thot\u00eb n\u00eb nj\u00eb postim n\u00eb Facebook, se ish-kryebashkiaku i LSI-s\u00eb Nesim Spahiu u angazhua p\u00ebr nd\u00ebrtimin e k\u00ebsaj rruge, kurse ministri Blendi Klosi i jep meritat vetes nga paniku i humbjes m\u00eb 25 prill.<\/span><\/p>\n<p><em><span style=\"color: #000000;\">\u201cMinistri Klosi, i cili do t\u00eb mbahet mend gjat\u00eb si ministri i furgonave t\u00eb miellit dhe makaronave, kishte nxituar t\u00eb mburrej n\u00eb media, se TAP ka konfirmuar nd\u00ebrtimin e rrug\u00ebs Qaf\u00eb e Martes-Back\u00eb, e cila do t\u00eb lidh Skraparin me Kor\u00e7\u00ebn.<\/span><\/em><\/p>\n<p><em><span style=\"color: #000000;\">Ne fakt i kujtojm\u00eb z.Klosi se ky nuk \u00ebsht\u00eb as nj\u00eb lajm i ri, dhe as nj\u00eb arritje e re p\u00ebr t\u00eb.<\/span><\/em><\/p>\n<p><em><span style=\"color: #000000;\">K\u00ebrkes\u00ebn drejtuar TAP p\u00ebr nd\u00ebrtimin e k\u00ebsaj rruge e ka b\u00ebr\u00eb ish-kryetari i Bashkis\u00eb se Skraparit, z.Nesim Spahiu, q\u00eb n\u00eb nisje t\u00eb projektit TAP, ku z.Spahiu u angazhua zyrtarisht dhe fuqish\u00ebm p\u00ebr nd\u00ebrtimin e k\u00ebsaj rruge.<\/span><\/em><\/p>\n<p><em><span style=\"color: #000000;\">Ne e kuptojm\u00eb panikun dhe gjendjen e v\u00ebshtir\u00eb politike dhe elektorale q\u00eb Rilindja dhe Z.Klosi kan\u00eb n\u00eb Qarkun e Beratit, ku i pret nj\u00eb humbje shum\u00eb e thell\u00eb n\u00eb 25 Prill.<\/span><\/em><\/p>\n<p><em><span style=\"color: #000000;\">Dhe nuk m\u00ebrzitemi n\u00ebse Klosi ja atribuon vetes meritat p\u00ebr nd\u00ebrtimin e k\u00ebsaj rruge.<\/span><\/em><\/p>\n<p><span style=\"color: #000000;\"><em>Sigurisht nuk do t\u00eb merzitemi edhe nese ai, do t\u00eb deklaronte se TAP-in n\u00eb Shqip\u00ebri e solli qeveria Rama dhe vet\u00eb Klosi personalisht, nd\u00ebrkoh\u00eb q\u00eb t\u00eb gjjth\u00eb shqiptar\u00ebt e din\u00eb shum\u00eb mir\u00eb se ishte qeverisja PD-LSI ajo q\u00eb mund\u00ebsoi ardhjen e k\u00ebtij projekti gjigand, q\u00eb gjeneroi mij\u00ebra vende pune dhe miliona euro investime n\u00eb Shqiperi.\u201d-<\/em> shkruan Nonaj.<\/span><\/p>\n","protected":false,"gt_translate_keys":[{"key":"rendered","format":"html"}]},"excerpt":{"rendered":"<p>Sipas kandidatit t\u00eb LSI-s\u00eb p\u00ebr deputet n\u00eb Berat, Blenard Nonaj, k\u00ebrkes\u00ebn p\u00ebr segmentin rrugor Skrapar-Kor\u00e7\u00eb n\u00eb TAP e ka b\u00ebr\u00eb ish-kryebashkiaku i Bashkis\u00eb, Nesim Spahiu dhe jo ministri Blendi Klosi. Ky reagim erdhi pas arritjes s\u00eb marr\u00ebveshjes mes TAP-it dhe qeveris\u00eb shqiptare p\u00ebr lidhjen Kor\u00e7\u00eb-Skrapar-Berat. Nonaj thot\u00eb n\u00eb nj\u00eb postim n\u00eb Facebook, se ish-kryebashkiaku i [&hellip;]<\/p>\n","protected":false,"gt_translate_keys":[{"key":"rendered","format":"html"}]},"author":30,"featured_media":426814,"comment_status":"open","ping_status":"open","sticky":false,"template":"","format":"standard","meta":{"footnotes":""},"categories":[65,13],"tags":[],"class_list":["post-444498","post","type-post","status-publish","format-standard","has-post-thumbnail","hentry","category-lajme","category-te-fundit"],"gt_translate_keys":[{"key":"link","format":"url"}],"_links":{"self":[{"href":"https:\/\/www.hashtag.al\/index.php\/wp-json\/wp\/v2\/posts\/444498","targetHints":{"allow":["GET"]}}],"collection":[{"href":"https:\/\/www.hashtag.al\/index.php\/wp-json\/wp\/v2\/posts"}],"about":[{"href":"https:\/\/www.hashtag.al\/index.php\/wp-json\/wp\/v2\/types\/post"}],"author":[{"embeddable":true,"href":"https:\/\/www.hashtag.al\/index.php\/wp-json\/wp\/v2\/users\/30"}],"replies":[{"embeddable":true,"href":"https:\/\/www.hashtag.al\/index.php\/wp-json\/wp\/v2\/comments?post=444498"}],"version-history":[{"count":0,"href":"https:\/\/www.hashtag.al\/index.php\/wp-json\/wp\/v2\/posts\/444498\/revisions"}],"wp:featuredmedia":[{"embeddable":true,"href":"https:\/\/www.hashtag.al\/index.php\/wp-json\/wp\/v2\/media\/426814"}],"wp:attachment":[{"href":"https:\/\/www.hashtag.al\/index.php\/wp-json\/wp\/v2\/media?parent=444498"}],"wp:term":[{"taxonomy":"category","embeddable":true,"href":"https:\/\/www.hashtag.al\/index.php\/wp-json\/wp\/v2\/categories?post=444498"},{"taxonomy":"post_tag","embeddable":true,"href":"https:\/\/www.hashtag.al\/index.php\/wp-json\/wp\/v2\/tags?post=444498"}],"curies":[{"name":"wp","href":"https:\/\/api.w.org\/{rel}","templated":true}]}}