{"id":444455,"date":"2021-04-21T08:55:11","date_gmt":"2021-04-21T06:55:11","guid":{"rendered":"https:\/\/hashtag.al\/?p=444455"},"modified":"2021-04-21T08:56:51","modified_gmt":"2021-04-21T06:56:51","slug":"polici-derek-chauvin-shpallet-fajtor-per-vrasjen-e-george-floyd","status":"publish","type":"post","link":"https:\/\/www.hashtag.al\/index.php\/2021\/04\/21\/polici-derek-chauvin-shpallet-fajtor-per-vrasjen-e-george-floyd\/","title":{"rendered":"Polici Derek Chauvin shpallet fajtor p\u00ebr vrasjen e George Floyd","gt_translate_keys":[{"key":"rendered","format":"text"}]},"content":{"rendered":"<p><a href=\"https:\/\/hashtag.al\/wp-content\/uploads\/2021\/04\/Derek-Chauvin.jpg\"><img loading=\"lazy\" decoding=\"async\" class=\"aligncenter size-full wp-image-444456\" src=\"https:\/\/hashtag.al\/wp-content\/uploads\/2021\/04\/Derek-Chauvin.jpg\" alt=\"\" width=\"700\" height=\"394\" srcset=\"https:\/\/www.hashtag.al\/wp-content\/uploads\/2021\/04\/Derek-Chauvin.jpg 700w, https:\/\/www.hashtag.al\/wp-content\/uploads\/2021\/04\/Derek-Chauvin-300x169.jpg 300w\" sizes=\"auto, (max-width: 700px) 100vw, 700px\" \/><\/a><\/p>\n<p><span style=\"color: #000000;\">Jepet d\u00ebnimi p\u00ebr ish-oficerin e policis\u00eb Derek Chauvin, q\u00eb u akuzua se i shkaktoi vdekjen afro-amerikanit George Floyd nd\u00ebrsa e arrestonte.<\/span><\/p>\n<p><span style=\"color: #000000;\">45 vje\u00e7ari Chauvin, u shpall fajtor p\u00ebr t\u00eb gjitha akuzat &#8211; vrasje e shkall\u00ebs s\u00eb dyt\u00eb dhe t\u00eb shkall\u00ebs s\u00eb tret\u00eb. D\u00ebnimi maksimal p\u00ebr vrasje t\u00eb shkall\u00ebs s\u00eb dyt\u00eb \u00ebsht\u00eb burgimi jo m\u00eb shum\u00eb se 40 vjet. Megjithat\u00eb Gjykat\u00ebsi Cahill njoftoi q\u00eb vitet e d\u00ebnimit do t\u00eb jepeshin n\u00eb rreth tet\u00eb jav\u00eb.<\/span><\/p>\n<p><span style=\"color: #000000;\">Veshur me nj\u00eb kostum gri, nj\u00eb kravat\u00eb blu dhe nj\u00eb mask\u00eb, Chauvin vet\u00ebm rrudhi vetullat pak kur u lexua vendimi.<\/span><\/p>\n<p><span style=\"color: #000000;\">Pas shpalljes s\u00eb policit fajtor nga gjykata, u d\u00ebgjuan brohoritje nga turma e protestuesve q\u00eb ishin mbledhur jasht\u00eb.<\/span><\/p>\n<p><span style=\"color: #000000;\">Ky gjyq n\u00eb Minneapolis ka qen\u00eb nj\u00eb nga \u00e7\u00ebshtjet m\u00eb t\u00eb v\u00ebzhguara t\u00eb gjykat\u00ebs amerikane n\u00eb vite, dhe erdhi n\u00eb nj\u00eb koh\u00eb thirrjesh p\u00ebr p\u00ebrgjegj\u00ebsi m\u00eb t\u00eb madhe nga policia q\u00eb vriste njer\u00ebzit me ngjyr\u00eb gjat\u00eb kryerjes s\u00eb detyrave t\u00eb tyre.<\/span><\/p>\n<p><span style=\"color: #000000;\">Familja e Floyd mbajti nj\u00eb konferenc\u00eb p\u00ebr shtyp menj\u00ebher\u00eb pasi u shpall vendimi, ku ata u bashkuan me Al Sharpton, aktivistin p\u00ebr t\u00eb drejtat civile dhe avokatin e tyre Benjamin Crump.<\/span><\/p>\n<p><span style=\"color: #000000;\"><em>&#8220;Ndjehem i leht\u00ebsuar sot q\u00eb m\u00eb n\u00eb fund kam mund\u00ebsin\u00eb t\u00eb shpresoj t\u00eb fle pak.&#8221;<\/em>&#8211; tha Philonise Floyd, v\u00ebllai i George, citon <span style=\"color: #0000ff;\"><a style=\"color: #0000ff;\" href=\"https:\/\/www.ft.com\/content\/7e54b78d-6988-4937-9c93-b9ecfe735a50\">FT<\/a><\/span>.<\/span><\/p>\n<p><span style=\"color: #000000;\">Presidenti Joe Biden telefonoi familjen e Floyd pas vendimit.<em> &#8220;T\u00eb pakt\u00ebn Zot, tani ka nj\u00ebfar\u00eb drejt\u00ebsie.&#8221;<\/em>&#8211; u tha ai atyre. N\u00eb nj\u00eb fjalim n\u00eb Sht\u00ebpin\u00eb e Bardh\u00eb, Biden shprehu leht\u00ebsim p\u00ebr vendimin e gjykat\u00ebs.<\/span><\/p>\n<p><span style=\"color: #000000;\">Ai tha se ky mund t\u00eb ishte<em> &#8220;nj\u00eb moment i ndryshimit t\u00eb r\u00ebnd\u00ebsish\u00ebm&#8221;<\/em> dhe k\u00ebrkoi reform\u00eb t\u00eb policis\u00eb.<\/span><\/p>\n<p><a href=\"https:\/\/hashtag.al\/wp-content\/uploads\/2021\/04\/turma.jpg\"><img loading=\"lazy\" decoding=\"async\" class=\"aligncenter size-full wp-image-444457\" src=\"https:\/\/hashtag.al\/wp-content\/uploads\/2021\/04\/turma.jpg\" alt=\"\" width=\"700\" height=\"467\" srcset=\"https:\/\/www.hashtag.al\/wp-content\/uploads\/2021\/04\/turma.jpg 700w, https:\/\/www.hashtag.al\/wp-content\/uploads\/2021\/04\/turma-300x200.jpg 300w\" sizes=\"auto, (max-width: 700px) 100vw, 700px\" \/><\/a><\/p>\n","protected":false,"gt_translate_keys":[{"key":"rendered","format":"html"}]},"excerpt":{"rendered":"<p>Jepet d\u00ebnimi p\u00ebr ish-oficerin e policis\u00eb Derek Chauvin, q\u00eb u akuzua se i shkaktoi vdekjen afro-amerikanit George Floyd nd\u00ebrsa e arrestonte. 45 vje\u00e7ari Chauvin, u shpall fajtor p\u00ebr t\u00eb gjitha akuzat &#8211; vrasje e shkall\u00ebs s\u00eb dyt\u00eb dhe t\u00eb shkall\u00ebs s\u00eb tret\u00eb. D\u00ebnimi maksimal p\u00ebr vrasje t\u00eb shkall\u00ebs s\u00eb dyt\u00eb \u00ebsht\u00eb burgimi jo m\u00eb shum\u00eb [&hellip;]<\/p>\n","protected":false,"gt_translate_keys":[{"key":"rendered","format":"html"}]},"author":30,"featured_media":444456,"comment_status":"open","ping_status":"open","sticky":false,"template":"","format":"standard","meta":{"footnotes":""},"categories":[65,13],"tags":[],"class_list":["post-444455","post","type-post","status-publish","format-standard","has-post-thumbnail","hentry","category-lajme","category-te-fundit"],"gt_translate_keys":[{"key":"link","format":"url"}],"_links":{"self":[{"href":"https:\/\/www.hashtag.al\/index.php\/wp-json\/wp\/v2\/posts\/444455","targetHints":{"allow":["GET"]}}],"collection":[{"href":"https:\/\/www.hashtag.al\/index.php\/wp-json\/wp\/v2\/posts"}],"about":[{"href":"https:\/\/www.hashtag.al\/index.php\/wp-json\/wp\/v2\/types\/post"}],"author":[{"embeddable":true,"href":"https:\/\/www.hashtag.al\/index.php\/wp-json\/wp\/v2\/users\/30"}],"replies":[{"embeddable":true,"href":"https:\/\/www.hashtag.al\/index.php\/wp-json\/wp\/v2\/comments?post=444455"}],"version-history":[{"count":0,"href":"https:\/\/www.hashtag.al\/index.php\/wp-json\/wp\/v2\/posts\/444455\/revisions"}],"wp:featuredmedia":[{"embeddable":true,"href":"https:\/\/www.hashtag.al\/index.php\/wp-json\/wp\/v2\/media\/444456"}],"wp:attachment":[{"href":"https:\/\/www.hashtag.al\/index.php\/wp-json\/wp\/v2\/media?parent=444455"}],"wp:term":[{"taxonomy":"category","embeddable":true,"href":"https:\/\/www.hashtag.al\/index.php\/wp-json\/wp\/v2\/categories?post=444455"},{"taxonomy":"post_tag","embeddable":true,"href":"https:\/\/www.hashtag.al\/index.php\/wp-json\/wp\/v2\/tags?post=444455"}],"curies":[{"name":"wp","href":"https:\/\/api.w.org\/{rel}","templated":true}]}}