{"id":444314,"date":"2021-04-20T14:31:43","date_gmt":"2021-04-20T12:31:43","guid":{"rendered":"https:\/\/hashtag.al\/?p=444314"},"modified":"2021-04-20T14:31:43","modified_gmt":"2021-04-20T12:31:43","slug":"lsi-kallezon-penalisht-kryebashkiaket-e-qarkut-korce-kane-punesuar-ne-administrate-anetare-te-krimit-te-organizuar-e-subjekte-te-ofl-se","status":"publish","type":"post","link":"https:\/\/www.hashtag.al\/index.php\/2021\/04\/20\/lsi-kallezon-penalisht-kryebashkiaket-e-qarkut-korce-kane-punesuar-ne-administrate-anetare-te-krimit-te-organizuar-e-subjekte-te-ofl-se\/","title":{"rendered":"LSI kall\u00ebzon penalisht kryebashkiak\u00ebt e Qarkut Kor\u00e7\u00eb: Kan\u00eb pun\u00ebsuar n\u00eb administrat\u00eb an\u00ebtar\u00eb t\u00eb krimit t\u00eb organizuar e subjekte t\u00eb OFL-s\u00eb","gt_translate_keys":[{"key":"rendered","format":"text"}]},"content":{"rendered":"<p><span style=\"color: #000000;\"><img loading=\"lazy\" decoding=\"async\" class=\"aligncenter size-full wp-image-444317\" src=\"https:\/\/hashtag.al\/wp-content\/uploads\/2021\/04\/braimllari.jpeg\" alt=\"\" width=\"1254\" height=\"739\" srcset=\"https:\/\/www.hashtag.al\/wp-content\/uploads\/2021\/04\/braimllari.jpeg 1254w, https:\/\/www.hashtag.al\/wp-content\/uploads\/2021\/04\/braimllari-300x177.jpeg 300w, https:\/\/www.hashtag.al\/wp-content\/uploads\/2021\/04\/braimllari-768x453.jpeg 768w, https:\/\/www.hashtag.al\/wp-content\/uploads\/2021\/04\/braimllari-1024x603.jpeg 1024w\" sizes=\"auto, (max-width: 1254px) 100vw, 1254px\" \/><\/span><\/p>\n<p><span style=\"color: #000000;\">Drejtuesi politik i LSI-s\u00eb n\u00eb qarkun e Kor\u00e7\u00ebs ka kall\u00ebzuar penalisht kryebashkiak\u00ebt e Kor\u00e7\u00ebsm Maliqit e Devollit. <\/span><\/p>\n<p><span style=\"color: #000000;\">Sipas Braimllarit, ata kan\u00eb pun\u00ebsuar n\u00eb institucionet q\u00eb drejtojn\u00eb n\u00eb kund\u00ebrshtim me ligjin n\u00eb funksionet publike pjes\u00ebtar\u00eb t\u00eb krimit t\u00eb organizuar e subjekte t\u00eb OFL-s\u00eb. <\/span><\/p>\n<p><span style=\"color: #000000;\">Po k\u00ebshtu zyrtari i LSI-s\u00eb tha se ata jan\u00eb frym\u00ebzuar n\u00eb k\u00ebt\u00eb veprimtari t\u00eb paligjshme nga kandidati p\u00ebr deputet e ministri i Mbrojtjes, Niko Peleshi.<\/span><\/p>\n<p><span style=\"color: #000000;\"><em>\u201cJemi n\u00eb k\u00ebt\u00eb komunikim me mediat p\u00ebr t\u00eb kall\u00ebzuar penalisht Sotiraq Filon, kryetari i Bashkis\u00eb s\u00eb Kor\u00e7\u00ebs, G\u00ebzim Top\u00e7iu, kryetari i Bashkis\u00eb s\u00eb Maliqit, Eduard Duro, kryetari i Bashkis\u00eb s\u00eb Devollit, p\u00ebr vepr\u00ebn penale t\u00eb \u2018shp\u00ebrdorimit t\u00eb detyr\u00ebs\u2019 \u2018p\u00ebrdorimin e funksionit publik p\u00ebr veprimtari politike dhe zgjedhore\u2019. Kall\u00ebzimi i \u00ebsht\u00eb drejtuar Prokuroris\u00eb s\u00eb Posa\u00e7me p\u00ebr Krim t\u00eb Organizuar dhe Korrupsion, ose ndryshe SPAK. K\u00ebta drejtues institucionesh, t\u00eb frym\u00ebzuar n\u00eb m\u00ebnyr\u00eb t\u00eb paligjshme nga Niko Peleshi kan\u00eb em\u00ebruar shtetas n\u00eb kund\u00ebrshtim me ligjin, p\u00ebrdorin administrat\u00ebn publike n\u00eb funksion t\u00eb kandidatit t\u00eb rilindjes n\u00eb Kor\u00e7\u00eb dhe t\u00eb gjith\u00eb infrastruktur\u00ebn e Bashkis\u00eb. N\u00eb kund\u00ebrshtim me ligjin, k\u00ebta drejtues kan\u00eb em\u00ebruar n\u00eb funksionet publike pjes\u00ebtar\u00eb t\u00eb krimit t\u00eb organizuar dhe subjekte t\u00eb OFL-s\u00eb.\u201d<\/em> \u2013 tha nd\u00ebr t\u00eb tjera Braimllari n\u00eb deklarat\u00ebn e tij.<\/span><\/p>\n<p><img loading=\"lazy\" decoding=\"async\" class=\"aligncenter size-full wp-image-444315\" src=\"https:\/\/hashtag.al\/wp-content\/uploads\/2021\/04\/braimllari1.jpg\" alt=\"\" width=\"958\" height=\"1280\" srcset=\"https:\/\/www.hashtag.al\/wp-content\/uploads\/2021\/04\/braimllari1.jpg 958w, https:\/\/www.hashtag.al\/wp-content\/uploads\/2021\/04\/braimllari1-225x300.jpg 225w, https:\/\/www.hashtag.al\/wp-content\/uploads\/2021\/04\/braimllari1-768x1026.jpg 768w, https:\/\/www.hashtag.al\/wp-content\/uploads\/2021\/04\/braimllari1-766x1024.jpg 766w\" sizes=\"auto, (max-width: 958px) 100vw, 958px\" \/><\/p>\n<p><img loading=\"lazy\" decoding=\"async\" class=\"aligncenter size-full wp-image-444316\" src=\"https:\/\/hashtag.al\/wp-content\/uploads\/2021\/04\/braimllari1.jpg2_.jpg\" alt=\"\" width=\"958\" height=\"1280\" srcset=\"https:\/\/www.hashtag.al\/wp-content\/uploads\/2021\/04\/braimllari1.jpg2_.jpg 958w, https:\/\/www.hashtag.al\/wp-content\/uploads\/2021\/04\/braimllari1.jpg2_-225x300.jpg 225w, https:\/\/www.hashtag.al\/wp-content\/uploads\/2021\/04\/braimllari1.jpg2_-768x1026.jpg 768w, https:\/\/www.hashtag.al\/wp-content\/uploads\/2021\/04\/braimllari1.jpg2_-766x1024.jpg 766w\" sizes=\"auto, (max-width: 958px) 100vw, 958px\" \/><\/p>\n<p><img loading=\"lazy\" decoding=\"async\" class=\"aligncenter size-full wp-image-444319\" src=\"https:\/\/hashtag.al\/wp-content\/uploads\/2021\/04\/braimllari1.jpg4_.jpg\" alt=\"\" width=\"958\" height=\"1280\" srcset=\"https:\/\/www.hashtag.al\/wp-content\/uploads\/2021\/04\/braimllari1.jpg4_.jpg 958w, https:\/\/www.hashtag.al\/wp-content\/uploads\/2021\/04\/braimllari1.jpg4_-225x300.jpg 225w, https:\/\/www.hashtag.al\/wp-content\/uploads\/2021\/04\/braimllari1.jpg4_-768x1026.jpg 768w, https:\/\/www.hashtag.al\/wp-content\/uploads\/2021\/04\/braimllari1.jpg4_-766x1024.jpg 766w\" sizes=\"auto, (max-width: 958px) 100vw, 958px\" \/><\/p>\n<p><img loading=\"lazy\" decoding=\"async\" class=\"aligncenter size-full wp-image-444318\" src=\"https:\/\/hashtag.al\/wp-content\/uploads\/2021\/04\/braimllari1.jpg3_.jpg\" alt=\"\" width=\"958\" height=\"1280\" srcset=\"https:\/\/www.hashtag.al\/wp-content\/uploads\/2021\/04\/braimllari1.jpg3_.jpg 958w, https:\/\/www.hashtag.al\/wp-content\/uploads\/2021\/04\/braimllari1.jpg3_-225x300.jpg 225w, https:\/\/www.hashtag.al\/wp-content\/uploads\/2021\/04\/braimllari1.jpg3_-768x1026.jpg 768w, https:\/\/www.hashtag.al\/wp-content\/uploads\/2021\/04\/braimllari1.jpg3_-766x1024.jpg 766w\" sizes=\"auto, (max-width: 958px) 100vw, 958px\" \/><\/p>\n","protected":false,"gt_translate_keys":[{"key":"rendered","format":"html"}]},"excerpt":{"rendered":"<p>Drejtuesi politik i LSI-s\u00eb n\u00eb qarkun e Kor\u00e7\u00ebs ka kall\u00ebzuar penalisht kryebashkiak\u00ebt e Kor\u00e7\u00ebsm Maliqit e Devollit. Sipas Braimllarit, ata kan\u00eb pun\u00ebsuar n\u00eb institucionet q\u00eb drejtojn\u00eb n\u00eb kund\u00ebrshtim me ligjin n\u00eb funksionet publike pjes\u00ebtar\u00eb t\u00eb krimit t\u00eb organizuar e subjekte t\u00eb OFL-s\u00eb. Po k\u00ebshtu zyrtari i LSI-s\u00eb tha se ata jan\u00eb frym\u00ebzuar n\u00eb k\u00ebt\u00eb veprimtari [&hellip;]<\/p>\n","protected":false,"gt_translate_keys":[{"key":"rendered","format":"html"}]},"author":51,"featured_media":444317,"comment_status":"open","ping_status":"open","sticky":false,"template":"","format":"standard","meta":{"footnotes":""},"categories":[65,13],"tags":[],"class_list":["post-444314","post","type-post","status-publish","format-standard","has-post-thumbnail","hentry","category-lajme","category-te-fundit"],"gt_translate_keys":[{"key":"link","format":"url"}],"_links":{"self":[{"href":"https:\/\/www.hashtag.al\/index.php\/wp-json\/wp\/v2\/posts\/444314","targetHints":{"allow":["GET"]}}],"collection":[{"href":"https:\/\/www.hashtag.al\/index.php\/wp-json\/wp\/v2\/posts"}],"about":[{"href":"https:\/\/www.hashtag.al\/index.php\/wp-json\/wp\/v2\/types\/post"}],"author":[{"embeddable":true,"href":"https:\/\/www.hashtag.al\/index.php\/wp-json\/wp\/v2\/users\/51"}],"replies":[{"embeddable":true,"href":"https:\/\/www.hashtag.al\/index.php\/wp-json\/wp\/v2\/comments?post=444314"}],"version-history":[{"count":0,"href":"https:\/\/www.hashtag.al\/index.php\/wp-json\/wp\/v2\/posts\/444314\/revisions"}],"wp:featuredmedia":[{"embeddable":true,"href":"https:\/\/www.hashtag.al\/index.php\/wp-json\/wp\/v2\/media\/444317"}],"wp:attachment":[{"href":"https:\/\/www.hashtag.al\/index.php\/wp-json\/wp\/v2\/media?parent=444314"}],"wp:term":[{"taxonomy":"category","embeddable":true,"href":"https:\/\/www.hashtag.al\/index.php\/wp-json\/wp\/v2\/categories?post=444314"},{"taxonomy":"post_tag","embeddable":true,"href":"https:\/\/www.hashtag.al\/index.php\/wp-json\/wp\/v2\/tags?post=444314"}],"curies":[{"name":"wp","href":"https:\/\/api.w.org\/{rel}","templated":true}]}}