{"id":444041,"date":"2021-04-19T14:54:59","date_gmt":"2021-04-19T12:54:59","guid":{"rendered":"https:\/\/hashtag.al\/?p=444041"},"modified":"2021-04-19T14:54:59","modified_gmt":"2021-04-19T12:54:59","slug":"kryeministri-rama-hoqi-mikrofonet-e-iku-befas-nga-emisioni-ndiqeni-sonte-si-ndodhi-cfare-njofton-gazetari","status":"publish","type":"post","link":"https:\/\/www.hashtag.al\/index.php\/2021\/04\/19\/kryeministri-rama-hoqi-mikrofonet-e-iku-befas-nga-emisioni-ndiqeni-sonte-si-ndodhi-cfare-njofton-gazetari\/","title":{"rendered":"\u201cKryeministri Rama hoqi mikrofon\u00ebt e iku befas nga emisioni, ndiqeni sonte si ndodhi\u201d &#8211; \u00c7far\u00eb njofton gazetari","gt_translate_keys":[{"key":"rendered","format":"text"}]},"content":{"rendered":"<p><span style=\"color: #000000;\"><img loading=\"lazy\" decoding=\"async\" class=\"aligncenter size-full wp-image-444042\" src=\"https:\/\/hashtag.al\/wp-content\/uploads\/2021\/04\/ramababaramo.jpg\" alt=\"\" width=\"700\" height=\"334\" srcset=\"https:\/\/www.hashtag.al\/wp-content\/uploads\/2021\/04\/ramababaramo.jpg 700w, https:\/\/www.hashtag.al\/wp-content\/uploads\/2021\/04\/ramababaramo-300x143.jpg 300w\" sizes=\"auto, (max-width: 700px) 100vw, 700px\" \/><\/span><\/p>\n<p><span style=\"color: #000000;\">Kryeministri Rama \u00ebsht\u00eb \u00e7uar i nervozuar nga intervista me gazetarin Ilir Babaramo n\u00eb emisionin e tij \u20185 pyetje nga Babaramo\u2019 n\u00eb Report TV. <\/span><\/p>\n<p><span style=\"color: #000000;\">Njoftimin e ka b\u00ebr\u00eb vet\u00eb gazetari n\u00eb nj\u00eb postim n\u00eb Facebook.<\/span><\/p>\n<p><span style=\"color: #000000;\"> Ai shkruan se intervista e tij me kryeministrin Rama u nd\u00ebrpre n\u00eb mes pasi kreu i qeveris\u00eb ka kund\u00ebrshtuar t\u2019u p\u00ebrgjigjej shumic\u00ebs s\u00eb pyetjeve duke hequr mikrofonat e duke u larguar n\u00eb m\u00ebnyr\u00eb t\u00eb beft\u00eb. <\/span><\/p>\n<p><span style=\"color: #000000;\">Babaramo njofton se ajo q\u00eb ka ndodhur n\u00eb studio gjat\u00eb intervist\u00ebs me Ram\u00ebn do transmetohet mbr\u00ebmjen e sotme n\u00eb pr\u00ebn 20:55.<\/span><\/p>\n<p><span style=\"color: #000000;\"><em>\u201cNj\u00eb intervist\u00eb e nd\u00ebrprer\u00eb n\u00eb mes nga Edi Rama gjat\u00eb rregjistrimit i cili refuzoi t\u2019i p\u00ebrgjigjej m\u00eb shum\u00eb se gjysm\u00ebs s\u00eb pyetjeve sot paradite duke hequr mikrofonat dhe duke u larguar n\u00eb m\u00ebnyr\u00eb t\u00eb beft\u00eb. Ndiqni n\u00eb or\u00ebn 20.55 \u00e7far\u00eb ndodhi sot n\u00eb studion e 5 Pyetjet.\u201d<\/em> \u2013 shkruan Babaramo.<\/span><\/p>\n<p><img loading=\"lazy\" decoding=\"async\" class=\"aligncenter size-full wp-image-444043\" src=\"https:\/\/hashtag.al\/wp-content\/uploads\/2021\/04\/babaramo.jpg\" alt=\"\" width=\"777\" height=\"232\" srcset=\"https:\/\/www.hashtag.al\/wp-content\/uploads\/2021\/04\/babaramo.jpg 777w, https:\/\/www.hashtag.al\/wp-content\/uploads\/2021\/04\/babaramo-300x90.jpg 300w, https:\/\/www.hashtag.al\/wp-content\/uploads\/2021\/04\/babaramo-768x229.jpg 768w\" sizes=\"auto, (max-width: 777px) 100vw, 777px\" \/><\/p>\n","protected":false,"gt_translate_keys":[{"key":"rendered","format":"html"}]},"excerpt":{"rendered":"<p>Kryeministri Rama \u00ebsht\u00eb \u00e7uar i nervozuar nga intervista me gazetarin Ilir Babaramo n\u00eb emisionin e tij \u20185 pyetje nga Babaramo\u2019 n\u00eb Report TV. Njoftimin e ka b\u00ebr\u00eb vet\u00eb gazetari n\u00eb nj\u00eb postim n\u00eb Facebook. Ai shkruan se intervista e tij me kryeministrin Rama u nd\u00ebrpre n\u00eb mes pasi kreu i qeveris\u00eb ka kund\u00ebrshtuar t\u2019u p\u00ebrgjigjej [&hellip;]<\/p>\n","protected":false,"gt_translate_keys":[{"key":"rendered","format":"html"}]},"author":51,"featured_media":444042,"comment_status":"open","ping_status":"open","sticky":false,"template":"","format":"standard","meta":{"footnotes":""},"categories":[65,13],"tags":[],"class_list":["post-444041","post","type-post","status-publish","format-standard","has-post-thumbnail","hentry","category-lajme","category-te-fundit"],"gt_translate_keys":[{"key":"link","format":"url"}],"_links":{"self":[{"href":"https:\/\/www.hashtag.al\/index.php\/wp-json\/wp\/v2\/posts\/444041","targetHints":{"allow":["GET"]}}],"collection":[{"href":"https:\/\/www.hashtag.al\/index.php\/wp-json\/wp\/v2\/posts"}],"about":[{"href":"https:\/\/www.hashtag.al\/index.php\/wp-json\/wp\/v2\/types\/post"}],"author":[{"embeddable":true,"href":"https:\/\/www.hashtag.al\/index.php\/wp-json\/wp\/v2\/users\/51"}],"replies":[{"embeddable":true,"href":"https:\/\/www.hashtag.al\/index.php\/wp-json\/wp\/v2\/comments?post=444041"}],"version-history":[{"count":0,"href":"https:\/\/www.hashtag.al\/index.php\/wp-json\/wp\/v2\/posts\/444041\/revisions"}],"wp:featuredmedia":[{"embeddable":true,"href":"https:\/\/www.hashtag.al\/index.php\/wp-json\/wp\/v2\/media\/444042"}],"wp:attachment":[{"href":"https:\/\/www.hashtag.al\/index.php\/wp-json\/wp\/v2\/media?parent=444041"}],"wp:term":[{"taxonomy":"category","embeddable":true,"href":"https:\/\/www.hashtag.al\/index.php\/wp-json\/wp\/v2\/categories?post=444041"},{"taxonomy":"post_tag","embeddable":true,"href":"https:\/\/www.hashtag.al\/index.php\/wp-json\/wp\/v2\/tags?post=444041"}],"curies":[{"name":"wp","href":"https:\/\/api.w.org\/{rel}","templated":true}]}}