{"id":443805,"date":"2021-04-18T16:25:02","date_gmt":"2021-04-18T14:25:02","guid":{"rendered":"https:\/\/hashtag.al\/?p=443805"},"modified":"2021-04-18T17:04:14","modified_gmt":"2021-04-18T15:04:14","slug":"rama-zbret-ne-kukes-bashke-me-udhetaret-e-tjere-ministrja-balluku-nga-17-qershori-aeroporti-do-jete-i-perdorshem-per-te-gjitha-kompanite","status":"publish","type":"post","link":"https:\/\/www.hashtag.al\/index.php\/2021\/04\/18\/rama-zbret-ne-kukes-bashke-me-udhetaret-e-tjere-ministrja-balluku-nga-17-qershori-aeroporti-do-jete-i-perdorshem-per-te-gjitha-kompanite\/","title":{"rendered":"Ministrja Balluku pas uljes s\u00eb avionit: Nga 17 qershori aeroporti do jet\u00eb i p\u00ebrdorsh\u00ebm p\u00ebr t\u00eb gjitha kompanit\u00eb","gt_translate_keys":[{"key":"rendered","format":"text"}]},"content":{"rendered":"<p><span style=\"color: #000000;\"><img loading=\"lazy\" decoding=\"async\" class=\"aligncenter size-full wp-image-443806\" src=\"https:\/\/hashtag.al\/wp-content\/uploads\/2021\/04\/ramakukes.jpg\" alt=\"\" width=\"780\" height=\"440\" srcset=\"https:\/\/www.hashtag.al\/wp-content\/uploads\/2021\/04\/ramakukes.jpg 780w, https:\/\/www.hashtag.al\/wp-content\/uploads\/2021\/04\/ramakukes-300x169.jpg 300w, https:\/\/www.hashtag.al\/wp-content\/uploads\/2021\/04\/ramakukes-768x433.jpg 768w\" sizes=\"auto, (max-width: 780px) 100vw, 780px\" \/><br \/>\n<\/span><\/p>\n<p><span style=\"color: #000000;\">Kreu i qeveris\u00eb Rama ka zbritur bashk\u00eb me udh\u00ebtar\u00ebt e tjer\u00eb nga avioni \u2018Air Albania\u2019 n\u00eb fluturimin e par\u00eb n\u00eb aeroportin e Kuk\u00ebsit.<\/span><\/p>\n<p><span style=\"color: #000000;\"> Ministrja e Infrastruktur\u00ebs deklaroi se nga 17 qershori aeroporti do jet\u00eb krejt\u00ebsisht funksional. <\/span><\/p>\n<p><span style=\"color: #000000;\">o k\u00ebshtu Balluku fal\u00ebnd\u00ebroi kryeministrin duke th\u00ebn\u00eb se ai e mban fjal\u00ebn dhe di t\u00eb b\u00ebj\u00eb pun\u00ebn. Ajo shtoi se aeroporti do sjell\u00eb nj\u00eb zhvillim t\u00eb madh p\u00ebr zon\u00ebn e Kuk\u00ebsit si dhe mbar\u00eb vendin.<\/span><\/p>\n<p><span style=\"color: #000000;\"><em>\u201cKa qen\u00eb nj\u00eb pun\u00eb intensive, pasi un\u00eb vij nga bota e aviacionit. Ju nuk keni asnj\u00eb dyshim se aeroporti \u00ebsht\u00eb atje dhe nuk \u00ebsht\u00eb 3D. Ju nuk keni asnj\u00eb dyshim q\u00eb Edi Rama di t\u00eb b\u00ebj\u00eb pun\u00ebn dhe mban fjal\u00ebn. Sigurisht n\u00eb aviacion ka rregulla. Rregullore europiane dhe mbar\u00ebkomb\u00ebtare, t\u00eb cilat ne i respektojm\u00eb. Duke nisur nga sot n\u00eb k\u00ebt\u00eb aeroport do t\u00eb nisin t\u00eb gjitha testet me kompanit\u00eb ajrore. Do t\u00eb nisin nga puna p\u00ebr t\u00eb lidhur kontrata, p\u00ebr t\u00eb naviguar procedurat dhe p\u00ebr ta b\u00ebr\u00eb k\u00ebt\u00eb aeroport sa m\u00eb t\u00ebrheq\u00ebs p\u00ebr t\u00eb gjith\u00eb zon\u00ebn. Kuk\u00ebsi do t\u00eb kthehet n\u00eb nj\u00eb pik\u00eb t\u00eb re zhvillimi n\u00eb Shqip\u00ebri. Dhe kjo do t\u00eb b\u00ebhet sipas rregullave dhe ligjeve n\u00eb fuqi n\u00eb dat\u00eb 17 qershor aeroporti i Kuk\u00ebsit do t\u00eb jet\u00eb totalisht i p\u00ebrdorsh\u00ebm nga t\u00eb gjitha kompanit\u00eb. Ky \u00ebsht\u00eb nj\u00eb aeroport operacional dhe nga ky moment i lihet n\u00eb dor\u00eb koncesionarit q\u00eb do t\u00eb lidh\u00eb marr\u00ebveshje me kompanit\u00eb ajrore q\u00eb nuk jan\u00eb t\u00eb pakta. Q\u00eb k\u00ebtu do t\u00eb fluturohet drejt Zvicr\u00ebs, do t\u00eb jet\u00eb gjeneza e nj\u00eb historie t\u00eb re.\u201d<\/em> &#8211; tha Balluku.<\/span><\/p>\n","protected":false,"gt_translate_keys":[{"key":"rendered","format":"html"}]},"excerpt":{"rendered":"<p>Kreu i qeveris\u00eb Rama ka zbritur bashk\u00eb me udh\u00ebtar\u00ebt e tjer\u00eb nga avioni \u2018Air Albania\u2019 n\u00eb fluturimin e par\u00eb n\u00eb aeroportin e Kuk\u00ebsit. Ministrja e Infrastruktur\u00ebs deklaroi se nga 17 qershori aeroporti do jet\u00eb krejt\u00ebsisht funksional. o k\u00ebshtu Balluku fal\u00ebnd\u00ebroi kryeministrin duke th\u00ebn\u00eb se ai e mban fjal\u00ebn dhe di t\u00eb b\u00ebj\u00eb pun\u00ebn. Ajo shtoi [&hellip;]<\/p>\n","protected":false,"gt_translate_keys":[{"key":"rendered","format":"html"}]},"author":51,"featured_media":443806,"comment_status":"open","ping_status":"open","sticky":false,"template":"","format":"standard","meta":{"footnotes":""},"categories":[65,13],"tags":[],"class_list":["post-443805","post","type-post","status-publish","format-standard","has-post-thumbnail","hentry","category-lajme","category-te-fundit"],"gt_translate_keys":[{"key":"link","format":"url"}],"_links":{"self":[{"href":"https:\/\/www.hashtag.al\/index.php\/wp-json\/wp\/v2\/posts\/443805","targetHints":{"allow":["GET"]}}],"collection":[{"href":"https:\/\/www.hashtag.al\/index.php\/wp-json\/wp\/v2\/posts"}],"about":[{"href":"https:\/\/www.hashtag.al\/index.php\/wp-json\/wp\/v2\/types\/post"}],"author":[{"embeddable":true,"href":"https:\/\/www.hashtag.al\/index.php\/wp-json\/wp\/v2\/users\/51"}],"replies":[{"embeddable":true,"href":"https:\/\/www.hashtag.al\/index.php\/wp-json\/wp\/v2\/comments?post=443805"}],"version-history":[{"count":0,"href":"https:\/\/www.hashtag.al\/index.php\/wp-json\/wp\/v2\/posts\/443805\/revisions"}],"wp:featuredmedia":[{"embeddable":true,"href":"https:\/\/www.hashtag.al\/index.php\/wp-json\/wp\/v2\/media\/443806"}],"wp:attachment":[{"href":"https:\/\/www.hashtag.al\/index.php\/wp-json\/wp\/v2\/media?parent=443805"}],"wp:term":[{"taxonomy":"category","embeddable":true,"href":"https:\/\/www.hashtag.al\/index.php\/wp-json\/wp\/v2\/categories?post=443805"},{"taxonomy":"post_tag","embeddable":true,"href":"https:\/\/www.hashtag.al\/index.php\/wp-json\/wp\/v2\/tags?post=443805"}],"curies":[{"name":"wp","href":"https:\/\/api.w.org\/{rel}","templated":true}]}}