{"id":443728,"date":"2021-04-18T12:11:07","date_gmt":"2021-04-18T10:11:07","guid":{"rendered":"https:\/\/hashtag.al\/?p=443728"},"modified":"2021-04-18T12:11:07","modified_gmt":"2021-04-18T10:11:07","slug":"digjet-gjate-nates-makina-e-zyrtarit-te-pd-se-ne-vaun-e-dejes","status":"publish","type":"post","link":"https:\/\/www.hashtag.al\/index.php\/2021\/04\/18\/digjet-gjate-nates-makina-e-zyrtarit-te-pd-se-ne-vaun-e-dejes\/","title":{"rendered":"Digjet gjat\u00eb nat\u00ebs makina e zyrtarit t\u00eb PD-s\u00eb n\u00eb Vaun e Dej\u00ebs","gt_translate_keys":[{"key":"rendered","format":"text"}]},"content":{"rendered":"<div id=\"attachment_431345\" style=\"width: 1210px\" class=\"wp-caption aligncenter\"><a href=\"https:\/\/hashtag.al\/wp-content\/uploads\/2021\/02\/makinaflake.jpg\"><img loading=\"lazy\" decoding=\"async\" aria-describedby=\"caption-attachment-431345\" class=\"size-full wp-image-431345\" src=\"https:\/\/hashtag.al\/wp-content\/uploads\/2021\/02\/makinaflake.jpg\" alt=\"\" width=\"1200\" height=\"674\" srcset=\"https:\/\/www.hashtag.al\/wp-content\/uploads\/2021\/02\/makinaflake.jpg 1200w, https:\/\/www.hashtag.al\/wp-content\/uploads\/2021\/02\/makinaflake-300x169.jpg 300w, https:\/\/www.hashtag.al\/wp-content\/uploads\/2021\/02\/makinaflake-768x431.jpg 768w, https:\/\/www.hashtag.al\/wp-content\/uploads\/2021\/02\/makinaflake-1024x575.jpg 1024w\" sizes=\"auto, (max-width: 1200px) 100vw, 1200px\" \/><\/a><p id=\"caption-attachment-431345\" class=\"wp-caption-text\"><span style=\"color: #000000;\"><em>Foto ilustruese<\/em><\/span><\/p><\/div>\n<p><span style=\"color: #000000;\">Digjet gjat\u00eb nat\u00ebs nj\u00eb makin\u00eb n\u00eb Vaun e Dej\u00ebs. M\u00ebsohet se makina e djegur tip &#8220;Fuoristrad\u00eb Ford&#8221; \u00ebsht\u00eb e kryetarit t\u00eb grupseksionit t\u00eb Partis\u00eb Demokratike n\u00eb Shelqet t\u00eb bashkis\u00eb Vau i Dej\u00ebs, Ariston Drini.<\/span><\/p>\n<p><span style=\"color: #000000;\">Ngjarja ka ndodhur rreth or\u00ebs 1.30 t\u00eb m\u00ebngjesit t\u00eb sot\u00ebm. Automjeti ka qen\u00eb i parkuar para banes\u00ebs s\u00eb z.Drini.<\/span><\/p>\n<p><span style=\"color: #000000;\">Policia dhe grupi hetimor kan\u00eb shkuar n\u00eb vendngjarje dhe kan\u00eb marr\u00eb d\u00ebshmin\u00eb e Ariston Drinit. Ai ka mohuar t\u00eb kishte konflikte apo probleme.<\/span><\/p>\n<p><span style=\"color: #000000;\">Pronari i makin\u00ebs ka folur p\u00ebr \u201cReport TV\u201d, ku ka deklaruar se ka d\u00ebgjuar fillimisht nj\u00eb shp\u00ebrthim e m\u00eb pas ka par\u00eb automjetin n\u00eb flak\u00eb.<\/span><\/p>\n<p><span style=\"color: #000000;\"><em>\u201cRreth or\u00ebs 1 e 30 kam d\u00ebgjuar nj\u00eb plasje, jemi \u00e7uar nga gjumi kemi dal\u00eb jasht\u00eb dhe kemi par\u00eb makin\u00ebn n\u00eb flak\u00eb. Policia ka ardhur ka b\u00ebr\u00eb disa foto k\u00ebtu dhe ka ikur. Kan\u00eb b\u00ebr\u00eb pun\u00ebn e tyre t\u00eb shohim tani. Nuk kam pasur konflikte me asnj\u00eb person, as nuk ja kam iden\u00eb k\u00ebsaj lloj ngjarje.\u201d<\/em>&#8211; \u00ebsht\u00eb shprehur Drini.<\/span><\/p>\n<p><span style=\"color: #000000;\">Policia po heton dhe pist\u00ebn e hetimit t\u00eb konflikteve p\u00ebr shkak t\u00eb fushat\u00ebs elektorale.<\/span><\/p>\n","protected":false,"gt_translate_keys":[{"key":"rendered","format":"html"}]},"excerpt":{"rendered":"<p>Digjet gjat\u00eb nat\u00ebs nj\u00eb makin\u00eb n\u00eb Vaun e Dej\u00ebs. M\u00ebsohet se makina e djegur tip &#8220;Fuoristrad\u00eb Ford&#8221; \u00ebsht\u00eb e kryetarit t\u00eb grupseksionit t\u00eb Partis\u00eb Demokratike n\u00eb Shelqet t\u00eb bashkis\u00eb Vau i Dej\u00ebs, Ariston Drini. Ngjarja ka ndodhur rreth or\u00ebs 1.30 t\u00eb m\u00ebngjesit t\u00eb sot\u00ebm. Automjeti ka qen\u00eb i parkuar para banes\u00ebs s\u00eb z.Drini. Policia dhe [&hellip;]<\/p>\n","protected":false,"gt_translate_keys":[{"key":"rendered","format":"html"}]},"author":30,"featured_media":431345,"comment_status":"open","ping_status":"open","sticky":false,"template":"","format":"standard","meta":{"footnotes":""},"categories":[65,13],"tags":[],"class_list":["post-443728","post","type-post","status-publish","format-standard","has-post-thumbnail","hentry","category-lajme","category-te-fundit"],"gt_translate_keys":[{"key":"link","format":"url"}],"_links":{"self":[{"href":"https:\/\/www.hashtag.al\/index.php\/wp-json\/wp\/v2\/posts\/443728","targetHints":{"allow":["GET"]}}],"collection":[{"href":"https:\/\/www.hashtag.al\/index.php\/wp-json\/wp\/v2\/posts"}],"about":[{"href":"https:\/\/www.hashtag.al\/index.php\/wp-json\/wp\/v2\/types\/post"}],"author":[{"embeddable":true,"href":"https:\/\/www.hashtag.al\/index.php\/wp-json\/wp\/v2\/users\/30"}],"replies":[{"embeddable":true,"href":"https:\/\/www.hashtag.al\/index.php\/wp-json\/wp\/v2\/comments?post=443728"}],"version-history":[{"count":0,"href":"https:\/\/www.hashtag.al\/index.php\/wp-json\/wp\/v2\/posts\/443728\/revisions"}],"wp:featuredmedia":[{"embeddable":true,"href":"https:\/\/www.hashtag.al\/index.php\/wp-json\/wp\/v2\/media\/431345"}],"wp:attachment":[{"href":"https:\/\/www.hashtag.al\/index.php\/wp-json\/wp\/v2\/media?parent=443728"}],"wp:term":[{"taxonomy":"category","embeddable":true,"href":"https:\/\/www.hashtag.al\/index.php\/wp-json\/wp\/v2\/categories?post=443728"},{"taxonomy":"post_tag","embeddable":true,"href":"https:\/\/www.hashtag.al\/index.php\/wp-json\/wp\/v2\/tags?post=443728"}],"curies":[{"name":"wp","href":"https:\/\/api.w.org\/{rel}","templated":true}]}}