{"id":443527,"date":"2021-04-17T09:24:22","date_gmt":"2021-04-17T07:24:22","guid":{"rendered":"https:\/\/hashtag.al\/?p=443527"},"modified":"2021-04-17T09:24:22","modified_gmt":"2021-04-17T07:24:22","slug":"beteja-elektorale-rama-basha-e-kryemadhi-e-nisin-diten-me-videomesazhe","status":"publish","type":"post","link":"https:\/\/www.hashtag.al\/index.php\/2021\/04\/17\/beteja-elektorale-rama-basha-e-kryemadhi-e-nisin-diten-me-videomesazhe\/","title":{"rendered":"Beteja elektorale, Rama, Basha e Kryemadhi e nisin dit\u00ebn me videomesazhe","gt_translate_keys":[{"key":"rendered","format":"text"}]},"content":{"rendered":"<p><span style=\"color: #000000;\"><img loading=\"lazy\" decoding=\"async\" class=\"aligncenter size-full wp-image-443528\" src=\"https:\/\/hashtag.al\/wp-content\/uploads\/2021\/04\/videomesazhe.jpg\" alt=\"\" width=\"2000\" height=\"1033\" srcset=\"https:\/\/www.hashtag.al\/wp-content\/uploads\/2021\/04\/videomesazhe.jpg 2000w, https:\/\/www.hashtag.al\/wp-content\/uploads\/2021\/04\/videomesazhe-300x155.jpg 300w, https:\/\/www.hashtag.al\/wp-content\/uploads\/2021\/04\/videomesazhe-768x397.jpg 768w, https:\/\/www.hashtag.al\/wp-content\/uploads\/2021\/04\/videomesazhe-1024x529.jpg 1024w\" sizes=\"auto, (max-width: 2000px) 100vw, 2000px\" \/><\/span><\/p>\n<p><span style=\"color: #000000;\">Rama, Basha e Kryemadhi e kan\u00eb nisur dit\u00ebn me videomesazhe. <\/span><\/p>\n<p><span style=\"color: #000000;\">Rreth nj\u00eb jav\u00eb nga zgjedhjet e 25 prillit fushata elektorale \u00ebsht\u00eb futur n\u00eb faz\u00ebn e nxeht\u00eb t\u00eb saj dhe takimet me qytetar\u00ebt dhe veprimaria n\u00eb rrjetet sociale ka kapur nj\u00eb rit\u00ebm t\u00eb lart\u00eb. <\/span><\/p>\n<p><span style=\"color: #000000;\">Kryeministri Rama ka zgjedhur ta nis\u00eb dit\u00ebn me prezantimin e projektit t\u00eb Portit t\u00eb ri t\u00eb Durr\u00ebsit, t\u00eb cilin e prezantoi mbr\u00ebmjen e djeshme gjat\u00eb nj\u00eb takimi me mb\u00ebshtet\u00ebsit n\u00eb qytetin bregdetar. <\/span><\/p>\n<p><span style=\"color: #000000;\">Kreu i PD-s\u00eb nga ana e tij fton qytetar\u00ebt q\u00eb t\u00eb votojn\u00eb numrin 9 n\u00eb zgjedhjet e 25 prillit p\u00ebr ndryshimin e vendit. N\u00eb videomesazhin e kryedemokratit shfaqen pamje t\u00eb ndryshme nga takimet elektorale t\u00eb Bash\u00ebs n\u00ebp\u00ebr Shqip\u00ebri. <\/span><\/p>\n<p><span style=\"color: #000000;\">Kryemadhi ka zgjedhur takimin e Gjirokastr\u00ebs n\u00eb videomesazhin e saj. Ajo shkruan se vota p\u00ebr LSI-n\u00eb \u00ebsht\u00eb p\u00ebr nj\u00eb parti q\u00eb \u00ebsht\u00eb e majta e v\u00ebrtet\u00eb, q\u00eb nuk i harron premtimet e nuk i braktis njer\u00ebzit si\u00e7 ka b\u00ebr\u00eb Rilindja. Ajo shton se fitorja po vjen e atmosfera e saj ndihet nga jugu n\u00eb veri.<\/span><\/p>\n","protected":false,"gt_translate_keys":[{"key":"rendered","format":"html"}]},"excerpt":{"rendered":"<p>Rama, Basha e Kryemadhi e kan\u00eb nisur dit\u00ebn me videomesazhe. Rreth nj\u00eb jav\u00eb nga zgjedhjet e 25 prillit fushata elektorale \u00ebsht\u00eb futur n\u00eb faz\u00ebn e nxeht\u00eb t\u00eb saj dhe takimet me qytetar\u00ebt dhe veprimaria n\u00eb rrjetet sociale ka kapur nj\u00eb rit\u00ebm t\u00eb lart\u00eb. Kryeministri Rama ka zgjedhur ta nis\u00eb dit\u00ebn me prezantimin e projektit t\u00eb [&hellip;]<\/p>\n","protected":false,"gt_translate_keys":[{"key":"rendered","format":"html"}]},"author":51,"featured_media":443528,"comment_status":"open","ping_status":"open","sticky":false,"template":"","format":"standard","meta":{"footnotes":""},"categories":[65,13],"tags":[],"class_list":["post-443527","post","type-post","status-publish","format-standard","has-post-thumbnail","hentry","category-lajme","category-te-fundit"],"gt_translate_keys":[{"key":"link","format":"url"}],"_links":{"self":[{"href":"https:\/\/www.hashtag.al\/index.php\/wp-json\/wp\/v2\/posts\/443527","targetHints":{"allow":["GET"]}}],"collection":[{"href":"https:\/\/www.hashtag.al\/index.php\/wp-json\/wp\/v2\/posts"}],"about":[{"href":"https:\/\/www.hashtag.al\/index.php\/wp-json\/wp\/v2\/types\/post"}],"author":[{"embeddable":true,"href":"https:\/\/www.hashtag.al\/index.php\/wp-json\/wp\/v2\/users\/51"}],"replies":[{"embeddable":true,"href":"https:\/\/www.hashtag.al\/index.php\/wp-json\/wp\/v2\/comments?post=443527"}],"version-history":[{"count":0,"href":"https:\/\/www.hashtag.al\/index.php\/wp-json\/wp\/v2\/posts\/443527\/revisions"}],"wp:featuredmedia":[{"embeddable":true,"href":"https:\/\/www.hashtag.al\/index.php\/wp-json\/wp\/v2\/media\/443528"}],"wp:attachment":[{"href":"https:\/\/www.hashtag.al\/index.php\/wp-json\/wp\/v2\/media?parent=443527"}],"wp:term":[{"taxonomy":"category","embeddable":true,"href":"https:\/\/www.hashtag.al\/index.php\/wp-json\/wp\/v2\/categories?post=443527"},{"taxonomy":"post_tag","embeddable":true,"href":"https:\/\/www.hashtag.al\/index.php\/wp-json\/wp\/v2\/tags?post=443527"}],"curies":[{"name":"wp","href":"https:\/\/api.w.org\/{rel}","templated":true}]}}