{"id":443522,"date":"2021-04-17T08:57:12","date_gmt":"2021-04-17T06:57:12","guid":{"rendered":"https:\/\/hashtag.al\/?p=443522"},"modified":"2021-04-17T08:58:49","modified_gmt":"2021-04-17T06:58:49","slug":"navalny-me-kercenuan-se-do-me-ushqenin-me-force-ne-burg","status":"publish","type":"post","link":"https:\/\/www.hashtag.al\/index.php\/2021\/04\/17\/navalny-me-kercenuan-se-do-me-ushqenin-me-force-ne-burg\/","title":{"rendered":"Navalny: M\u00eb k\u00ebrc\u00ebnuan se do m\u00eb ushqenin me forc\u00eb n\u00eb burg","gt_translate_keys":[{"key":"rendered","format":"text"}]},"content":{"rendered":"<p><img loading=\"lazy\" decoding=\"async\" class=\"aligncenter size-full wp-image-431445\" src=\"https:\/\/hashtag.al\/wp-content\/uploads\/2021\/02\/Navalny.jpg\" alt=\"\" width=\"1200\" height=\"675\" srcset=\"https:\/\/www.hashtag.al\/wp-content\/uploads\/2021\/02\/Navalny.jpg 1200w, https:\/\/www.hashtag.al\/wp-content\/uploads\/2021\/02\/Navalny-300x169.jpg 300w, https:\/\/www.hashtag.al\/wp-content\/uploads\/2021\/02\/Navalny-768x432.jpg 768w, https:\/\/www.hashtag.al\/wp-content\/uploads\/2021\/02\/Navalny-1024x576.jpg 1024w\" sizes=\"auto, (max-width: 1200px) 100vw, 1200px\" \/><\/p>\n<p>Lideri i opozit\u00ebs ruse, Aleksei Navalny, tha t\u00eb premten se autoritetet e burgut e kan\u00eb k\u00ebrc\u00ebnuar se do ta ushqejn\u00eb me forc\u00eb, n\u00ebse nuk e nd\u00ebrpret grev\u00ebn e tij t\u00eb uris\u00eb.<\/p>\n<p>Navalny, 44 vje\u00e7, hyri n\u00eb grev\u00eb urie n\u00eb fund t\u00eb muajit t\u00eb kaluar n\u00eb shenj\u00eb proteste pasi u ankua se autoritetet e burgut nuk po e lejojn\u00eb t\u00eb marr\u00eb kujdesin e duhur sh\u00ebndet\u00ebsor. Ai pati th\u00ebn\u00eb se ka dhimbje t\u00eb vazhdueshme n\u00eb shpin\u00eb dhe k\u00ebmb\u00eb.<\/p>\n<p>N\u00eb nj\u00eb postim n\u00eb Instagram, Navalny tha se nj\u00eb zyrtar i tha atij se testet e gjakut treguan se sh\u00ebndeti i tij po p\u00ebrkeq\u00ebsohej dhe e k\u00ebrc\u00ebnoi se do ta ushqente me forc\u00eb n\u00ebse e vazhdon grev\u00ebn e tij t\u00eb uris\u00eb.<\/p>\n<p>Jan\u00eb b\u00ebr\u00eb vet\u00ebm disa muaj prej kur Navalny \u00ebsht\u00eb trajtuar p\u00ebr helmim nga nj\u00eb agjent nervor. Pas sh\u00ebrimit n\u00eb Gjermani, ai \u00ebsht\u00eb burgosur n\u00eb Rusi, n\u00eb muajin janar.<\/p>\n<p>Aktualisht, Navalny po mbahet n\u00eb at\u00eb q\u00eb njihet si nj\u00eb prej burgjeve m\u00eb t\u00eb ashpra n\u00eb Rusi, rreth 100 kilometra n\u00eb lindje t\u00eb Mosk\u00ebs.<\/p>\n","protected":false,"gt_translate_keys":[{"key":"rendered","format":"html"}]},"excerpt":{"rendered":"<p>Lideri i opozit\u00ebs ruse, Aleksei Navalny, tha t\u00eb premten se autoritetet e burgut e kan\u00eb k\u00ebrc\u00ebnuar se do ta ushqejn\u00eb me forc\u00eb, n\u00ebse nuk e nd\u00ebrpret grev\u00ebn e tij t\u00eb uris\u00eb. Navalny, 44 vje\u00e7, hyri n\u00eb grev\u00eb urie n\u00eb fund t\u00eb muajit t\u00eb kaluar n\u00eb shenj\u00eb proteste pasi u ankua se autoritetet e burgut nuk [&hellip;]<\/p>\n","protected":false,"gt_translate_keys":[{"key":"rendered","format":"html"}]},"author":32,"featured_media":431445,"comment_status":"open","ping_status":"open","sticky":false,"template":"","format":"standard","meta":{"footnotes":""},"categories":[6,13],"tags":[],"class_list":["post-443522","post","type-post","status-publish","format-standard","has-post-thumbnail","hentry","category-nderkombetare","category-te-fundit"],"gt_translate_keys":[{"key":"link","format":"url"}],"_links":{"self":[{"href":"https:\/\/www.hashtag.al\/index.php\/wp-json\/wp\/v2\/posts\/443522","targetHints":{"allow":["GET"]}}],"collection":[{"href":"https:\/\/www.hashtag.al\/index.php\/wp-json\/wp\/v2\/posts"}],"about":[{"href":"https:\/\/www.hashtag.al\/index.php\/wp-json\/wp\/v2\/types\/post"}],"author":[{"embeddable":true,"href":"https:\/\/www.hashtag.al\/index.php\/wp-json\/wp\/v2\/users\/32"}],"replies":[{"embeddable":true,"href":"https:\/\/www.hashtag.al\/index.php\/wp-json\/wp\/v2\/comments?post=443522"}],"version-history":[{"count":0,"href":"https:\/\/www.hashtag.al\/index.php\/wp-json\/wp\/v2\/posts\/443522\/revisions"}],"wp:featuredmedia":[{"embeddable":true,"href":"https:\/\/www.hashtag.al\/index.php\/wp-json\/wp\/v2\/media\/431445"}],"wp:attachment":[{"href":"https:\/\/www.hashtag.al\/index.php\/wp-json\/wp\/v2\/media?parent=443522"}],"wp:term":[{"taxonomy":"category","embeddable":true,"href":"https:\/\/www.hashtag.al\/index.php\/wp-json\/wp\/v2\/categories?post=443522"},{"taxonomy":"post_tag","embeddable":true,"href":"https:\/\/www.hashtag.al\/index.php\/wp-json\/wp\/v2\/tags?post=443522"}],"curies":[{"name":"wp","href":"https:\/\/api.w.org\/{rel}","templated":true}]}}