{"id":443469,"date":"2021-04-16T19:46:45","date_gmt":"2021-04-16T17:46:45","guid":{"rendered":"https:\/\/hashtag.al\/?p=443469"},"modified":"2021-04-16T19:46:45","modified_gmt":"2021-04-16T17:46:45","slug":"rama-prezanton-masterplanin-e-portit-te-durresit-do-investohen-2-miliarde-euro","status":"publish","type":"post","link":"https:\/\/www.hashtag.al\/index.php\/2021\/04\/16\/rama-prezanton-masterplanin-e-portit-te-durresit-do-investohen-2-miliarde-euro\/","title":{"rendered":"Rama prezanton masterplanin e Portit t\u00eb Durr\u00ebsit: Do investohen 2 miliard\u00eb euro","gt_translate_keys":[{"key":"rendered","format":"text"}]},"content":{"rendered":"<p><span style=\"color: #000000;\"><img loading=\"lazy\" decoding=\"async\" class=\"aligncenter size-full wp-image-443470\" src=\"https:\/\/hashtag.al\/wp-content\/uploads\/2021\/04\/rama-ne-durress.png\" alt=\"\" width=\"1196\" height=\"718\" srcset=\"https:\/\/www.hashtag.al\/wp-content\/uploads\/2021\/04\/rama-ne-durress.png 1196w, https:\/\/www.hashtag.al\/wp-content\/uploads\/2021\/04\/rama-ne-durress-300x180.png 300w, https:\/\/www.hashtag.al\/wp-content\/uploads\/2021\/04\/rama-ne-durress-768x461.png 768w, https:\/\/www.hashtag.al\/wp-content\/uploads\/2021\/04\/rama-ne-durress-1024x615.png 1024w\" sizes=\"auto, (max-width: 1196px) 100vw, 1196px\" \/><\/span><\/p>\n<p><span style=\"color: #000000;\">Kryeministri Edi Rama ka qen\u00eb n\u00eb Durr\u00ebs ku ka prezantuar masterplanin p\u00ebr shnd\u00ebrimin portit tregtar t\u00eb Durr\u00ebsit n\u00eb nj\u00eb port turistik.<\/span><\/p>\n<p><span style=\"color: #000000;\">Rama thot\u00eb se do investohen 2 miliard\u00eb euro p\u00ebr nd\u00ebrtimin e portit.<\/span><\/p>\n<p><span style=\"color: #000000;\"><em>\u201cTeksa po dalim nga tuneli i gjat\u00eb i pandemis\u00eb nj\u00eb Epok\u00eb e Re po hapet p\u00ebr Durr\u00ebsin e p\u00ebr krejt Shqip\u00ebrin\u00eb. Porti i ri turistik, nd\u00ebr m\u00eb t\u00eb m\u00ebdhenjt\u00eb e Mesdheut, do t\u00eb injektoj\u00eb vet\u00ebm gjat\u00eb nd\u00ebrtimit nga kompania e madhe globale Emaar Group, 2 miliard\u00eb euro dhe do t\u00eb ndryshoj\u00eb struktur\u00ebn e industris\u00eb s\u00eb re t\u00eb Turizmit Shqiptar. Impakti i k\u00ebtij investimi q\u00eb kryhet nga kompania q\u00eb nd\u00ebrtoi Portin e Dubait dhe ka autor\u00ebsin\u00eb e nd\u00ebrtimeve m\u00eb spektakolare n\u00eb Emiratet e Bashkuara, e n\u00eb plot vende t\u00eb bot\u00ebs, do t\u00eb ndryshoj\u00eb thell\u00ebsisht ekonomin\u00eb e qarkut t\u00eb Durr\u00ebsit si edhe do t\u00eb krijoj\u00eb nj\u00eb efekt ekonomik zinxhir n\u00eb krejt bregdetin shqiptar, ku ka nisur nd\u00ebrtimi i Portit t\u00eb Ri Turistik t\u00eb Sarand\u00ebs, do t\u00eb nis\u00eb deri n\u00eb qershor nd\u00ebrtimi i Portit t\u00eb Ri Turistik t\u00eb Vlor\u00ebs dhe sipas Planit 2021-2025 do t\u00eb nis\u00eb brenda vitit 2023 nd\u00ebrtimi i Portit t\u00eb Ri Turistik t\u00eb Sh\u00ebngjini&#8221;- <\/em>shkruan Rama<em>.<\/em><\/span><\/p>\n<p><span style=\"color: #000000;\">N\u00eb prezantim mori pjes\u00eb edhe biznesmeni nga Emiratet e Bashkuara Arabe, Mohamed Alabbar i cili tha se projekti do b\u00ebhet me shum\u00eb dashuri.<\/span><\/p>\n<p><span style=\"color: #000000;\"><em>\u201cRrall\u00eb gjej njer\u00ebz si ju, q\u00eb n\u00eb qend\u00ebr v\u00ebn\u00eb njer\u00ebzit, q\u00eb p\u00ebrpiqen t\u00eb b\u00ebjn\u00eb gjith\u00e7ka p\u00ebr to. N\u00ebse nuk ngrem\u00eb lart jet\u00ebn njer\u00ebzore, shpirtin njer\u00ebzor, at\u00ebher\u00eb nuk kemi sukses. Un\u00eb kam b\u00ebr\u00eb shum\u00eb gabime, por tani mendoj q\u00eb jam m\u00eb i fort\u00eb se kurr\u00eb. Ta dini q\u00eb kjo do t\u00eb b\u00ebhet me shum\u00eb dashuri, me shum\u00eb kujdes.<\/em><\/span><\/p>\n<p><span style=\"color: #000000;\"><em>Kur shoh Shqip\u00ebrin\u00eb dhe v\u00ebllai im i dashur b\u00ebn m\u00eb b\u00ebn\u00a0 edhe m\u00eb entuziast t\u00eb marr pjes\u00eb n\u00eb k\u00ebt\u00eb projekt. Un\u00eb e kam vizituar Durr\u00ebsin dhe nj\u00eb dit\u00eb u m\u00ebrzita shum\u00eb p\u00ebr shkak t\u00eb ndotjes q\u00eb gjenerohet nga porti. Duhet t\u00eb respektohen njer\u00ebzit tan\u00eb mjedisi. Isha n\u00eb Beograd duke vizituar projektin dhe dikush m\u00eb tha se ky \u00ebsht\u00eb sesioni m\u00eb i \u00e7uditsh\u00ebm q\u00eb keni konvertuar. Do p\u00ebrpiqem t\u00eb b\u00ebj dhe m\u00eb mir\u00eb nga ajo \u00e7far\u00eb tregon videoja\u201d-<\/em>tha ai<em>.<\/em><\/span><\/p>\n<p><img loading=\"lazy\" decoding=\"async\" class=\"aligncenter size-full wp-image-443471\" src=\"https:\/\/hashtag.al\/wp-content\/uploads\/2021\/04\/1618594120_11.jpg\" alt=\"\" width=\"780\" height=\"440\" srcset=\"https:\/\/www.hashtag.al\/wp-content\/uploads\/2021\/04\/1618594120_11.jpg 780w, https:\/\/www.hashtag.al\/wp-content\/uploads\/2021\/04\/1618594120_11-300x169.jpg 300w, https:\/\/www.hashtag.al\/wp-content\/uploads\/2021\/04\/1618594120_11-768x433.jpg 768w\" sizes=\"auto, (max-width: 780px) 100vw, 780px\" \/><\/p>\n","protected":false,"gt_translate_keys":[{"key":"rendered","format":"html"}]},"excerpt":{"rendered":"<p>Kryeministri Edi Rama ka qen\u00eb n\u00eb Durr\u00ebs ku ka prezantuar masterplanin p\u00ebr shnd\u00ebrimin portit tregtar t\u00eb Durr\u00ebsit n\u00eb nj\u00eb port turistik. Rama thot\u00eb se do investohen 2 miliard\u00eb euro p\u00ebr nd\u00ebrtimin e portit. \u201cTeksa po dalim nga tuneli i gjat\u00eb i pandemis\u00eb nj\u00eb Epok\u00eb e Re po hapet p\u00ebr Durr\u00ebsin e p\u00ebr krejt Shqip\u00ebrin\u00eb. Porti [&hellip;]<\/p>\n","protected":false,"gt_translate_keys":[{"key":"rendered","format":"html"}]},"author":32,"featured_media":443470,"comment_status":"open","ping_status":"open","sticky":false,"template":"","format":"standard","meta":{"footnotes":""},"categories":[65,13],"tags":[],"class_list":["post-443469","post","type-post","status-publish","format-standard","has-post-thumbnail","hentry","category-lajme","category-te-fundit"],"gt_translate_keys":[{"key":"link","format":"url"}],"_links":{"self":[{"href":"https:\/\/www.hashtag.al\/index.php\/wp-json\/wp\/v2\/posts\/443469","targetHints":{"allow":["GET"]}}],"collection":[{"href":"https:\/\/www.hashtag.al\/index.php\/wp-json\/wp\/v2\/posts"}],"about":[{"href":"https:\/\/www.hashtag.al\/index.php\/wp-json\/wp\/v2\/types\/post"}],"author":[{"embeddable":true,"href":"https:\/\/www.hashtag.al\/index.php\/wp-json\/wp\/v2\/users\/32"}],"replies":[{"embeddable":true,"href":"https:\/\/www.hashtag.al\/index.php\/wp-json\/wp\/v2\/comments?post=443469"}],"version-history":[{"count":0,"href":"https:\/\/www.hashtag.al\/index.php\/wp-json\/wp\/v2\/posts\/443469\/revisions"}],"wp:featuredmedia":[{"embeddable":true,"href":"https:\/\/www.hashtag.al\/index.php\/wp-json\/wp\/v2\/media\/443470"}],"wp:attachment":[{"href":"https:\/\/www.hashtag.al\/index.php\/wp-json\/wp\/v2\/media?parent=443469"}],"wp:term":[{"taxonomy":"category","embeddable":true,"href":"https:\/\/www.hashtag.al\/index.php\/wp-json\/wp\/v2\/categories?post=443469"},{"taxonomy":"post_tag","embeddable":true,"href":"https:\/\/www.hashtag.al\/index.php\/wp-json\/wp\/v2\/tags?post=443469"}],"curies":[{"name":"wp","href":"https:\/\/api.w.org\/{rel}","templated":true}]}}