{"id":443261,"date":"2021-04-15T19:07:00","date_gmt":"2021-04-15T17:07:00","guid":{"rendered":"https:\/\/hashtag.al\/?p=443261"},"modified":"2021-04-15T19:07:00","modified_gmt":"2021-04-15T17:07:00","slug":"kryemadhi-treguam-dinjitet-me-djegien-e-mandateve-pati-nje-kosto-per-shqiperine-dhe-politiken","status":"publish","type":"post","link":"https:\/\/www.hashtag.al\/index.php\/2021\/04\/15\/kryemadhi-treguam-dinjitet-me-djegien-e-mandateve-pati-nje-kosto-per-shqiperine-dhe-politiken\/","title":{"rendered":"Kryemadhi: Treguam dinjitet me djegien e mandateve, pati nj\u00eb kosto p\u00ebr Shqip\u00ebrin\u00eb dhe politik\u00ebn","gt_translate_keys":[{"key":"rendered","format":"text"}]},"content":{"rendered":"<p><span style=\"color: #000000;\"><img loading=\"lazy\" decoding=\"async\" class=\"aligncenter size-full wp-image-443262\" src=\"https:\/\/hashtag.al\/wp-content\/uploads\/2021\/04\/kryemadhiii.png\" alt=\"\" width=\"1186\" height=\"718\" srcset=\"https:\/\/www.hashtag.al\/wp-content\/uploads\/2021\/04\/kryemadhiii.png 1186w, https:\/\/www.hashtag.al\/wp-content\/uploads\/2021\/04\/kryemadhiii-300x182.png 300w, https:\/\/www.hashtag.al\/wp-content\/uploads\/2021\/04\/kryemadhiii-768x465.png 768w, https:\/\/www.hashtag.al\/wp-content\/uploads\/2021\/04\/kryemadhiii-1024x620.png 1024w\" sizes=\"auto, (max-width: 1186px) 100vw, 1186px\" \/><\/span><\/p>\n<p><span style=\"color: #000000;\">Kryetarja e LSI-s\u00eb Monika Kryemadhi \u00ebsht\u00eb ndalur sot n\u00eb nj\u00eb takim n\u00eb Laprak\u00eb.<\/span><\/p>\n<p><span style=\"color: #000000;\">Gjat\u00eb fjal\u00ebs s\u00eb saj, Kryemadhi tha se ndryshimi tashm\u00eb ka ardhur, nd\u00ebrsa theksoi se m\u00eb 25 prill qytetar\u00ebt do t\u00eb votojn\u00eb numrin 6, LSI-n\u00eb. Mes t\u00eb tjerash Kryemadhi tha se vendimi p\u00ebr djegien e mandateve ishte i fort\u00eb, por q\u00eb tregoi se LSI nuk ishte p\u00ebr karriget, por kishte dinjitet.<\/span><\/p>\n<p><span style=\"color: #000000;\">\u201c<em>Ndryshimi ka ardhur. \u00cbsht\u00eb n\u00eb t\u00eb gjith\u00eb Shqip\u00ebrin\u00eb. T\u00eb dashur miq nga sot ne kemi edhe 9 dit\u00eb t\u00eb tjera. 9 dit\u00eb q\u00eb do t\u00eb jen\u00eb t\u00eb forta, energjike, t\u00eb cilat na \u00e7ojn\u00eb drejt fitores. Me 25 prill, ju do t\u00eb votoni numrin 6 dhe un\u00eb jam krenare q\u00eb me qindra dhe mij\u00ebra t\u00eb rinj e t\u00eb reja, jo vet\u00ebm n\u00eb Tiran\u00eb, por n\u00eb t\u00eb gjith\u00eb Shqip\u00ebrin\u00eb, dalin dhe m\u00eb presin me makina dhe flamuj, pa pasur pik\u00eb presioni. Deklarohen hapur. Kjo \u00ebsht\u00eb k\u00ebnaq\u00ebsia ime m\u00eb e madhe. <\/em><\/span><\/p>\n<p><span style=\"color: #000000;\"><em>Kjo mb\u00ebshtetje q\u00eb i jepni LSI nuk \u00ebsht\u00eb thjesht nj\u00eb entuziaz\u00ebm p\u00ebr secilin nga ne, por \u00ebsht\u00eb detyrim i madh q\u00eb nga un\u00eb e para dhe nga deputetet e LSI-s\u00eb duhet t\u00eb ken\u00eb ndaj rinis\u00eb shqiptar3 p\u00ebr t\u00eb realizuar pik\u00eb p\u00ebr pik\u00eb \u00e7do detyrim tonin p\u00ebr qytetar\u00ebt shqiptar\u00eb, me 5 prioritet tona. Q\u00eb nga djegia e mandateve ne t\u00eb LSI kemi qen\u00eb p\u00ebrball\u00eb nj\u00eb presioni t\u00eb madh, p\u00ebrball\u00eb presionit mediatik, nd\u00ebrkomb\u00ebtar, dhe institucion dhe p\u00ebrball\u00eb presionit me vetveten. Ne sot e dim\u00eb shum\u00eb mir\u00eb, se djegia e mandateve ishte nj\u00eb nd\u00ebr veprimet m\u00eb t\u00eb mira q\u00eb ne b\u00ebm\u00eb. Treguam se kemi dinjitet dhe ngrihemi mbi \u00e7do disfat\u00eb dhe treguam se nuk jemi partia e karrigeve. Djegia e mandateve pati nj\u00eb kosto t\u00eb madhe p\u00ebr Shqip\u00ebrin\u00eb dhe politik\u00ebn<\/em>.\u201d, tha Kryemadhi.<\/span><\/p>\n<p>&nbsp;<\/p>\n","protected":false,"gt_translate_keys":[{"key":"rendered","format":"html"}]},"excerpt":{"rendered":"<p>Kryetarja e LSI-s\u00eb Monika Kryemadhi \u00ebsht\u00eb ndalur sot n\u00eb nj\u00eb takim n\u00eb Laprak\u00eb. Gjat\u00eb fjal\u00ebs s\u00eb saj, Kryemadhi tha se ndryshimi tashm\u00eb ka ardhur, nd\u00ebrsa theksoi se m\u00eb 25 prill qytetar\u00ebt do t\u00eb votojn\u00eb numrin 6, LSI-n\u00eb. Mes t\u00eb tjerash Kryemadhi tha se vendimi p\u00ebr djegien e mandateve ishte i fort\u00eb, por q\u00eb tregoi se [&hellip;]<\/p>\n","protected":false,"gt_translate_keys":[{"key":"rendered","format":"html"}]},"author":32,"featured_media":443262,"comment_status":"open","ping_status":"open","sticky":false,"template":"","format":"standard","meta":{"footnotes":""},"categories":[65,13],"tags":[],"class_list":["post-443261","post","type-post","status-publish","format-standard","has-post-thumbnail","hentry","category-lajme","category-te-fundit"],"gt_translate_keys":[{"key":"link","format":"url"}],"_links":{"self":[{"href":"https:\/\/www.hashtag.al\/index.php\/wp-json\/wp\/v2\/posts\/443261","targetHints":{"allow":["GET"]}}],"collection":[{"href":"https:\/\/www.hashtag.al\/index.php\/wp-json\/wp\/v2\/posts"}],"about":[{"href":"https:\/\/www.hashtag.al\/index.php\/wp-json\/wp\/v2\/types\/post"}],"author":[{"embeddable":true,"href":"https:\/\/www.hashtag.al\/index.php\/wp-json\/wp\/v2\/users\/32"}],"replies":[{"embeddable":true,"href":"https:\/\/www.hashtag.al\/index.php\/wp-json\/wp\/v2\/comments?post=443261"}],"version-history":[{"count":0,"href":"https:\/\/www.hashtag.al\/index.php\/wp-json\/wp\/v2\/posts\/443261\/revisions"}],"wp:featuredmedia":[{"embeddable":true,"href":"https:\/\/www.hashtag.al\/index.php\/wp-json\/wp\/v2\/media\/443262"}],"wp:attachment":[{"href":"https:\/\/www.hashtag.al\/index.php\/wp-json\/wp\/v2\/media?parent=443261"}],"wp:term":[{"taxonomy":"category","embeddable":true,"href":"https:\/\/www.hashtag.al\/index.php\/wp-json\/wp\/v2\/categories?post=443261"},{"taxonomy":"post_tag","embeddable":true,"href":"https:\/\/www.hashtag.al\/index.php\/wp-json\/wp\/v2\/tags?post=443261"}],"curies":[{"name":"wp","href":"https:\/\/api.w.org\/{rel}","templated":true}]}}