{"id":443135,"date":"2021-04-14T16:13:24","date_gmt":"2021-04-14T14:13:24","guid":{"rendered":"https:\/\/hashtag.al\/?p=443135"},"modified":"2021-04-14T16:13:24","modified_gmt":"2021-04-14T14:13:24","slug":"rama-per-rrugen-e-arbrit-do-jete-pa-pagese-i-sjell-zhvillim-te-madh-turizmit","status":"publish","type":"post","link":"https:\/\/www.hashtag.al\/index.php\/2021\/04\/14\/rama-per-rrugen-e-arbrit-do-jete-pa-pagese-i-sjell-zhvillim-te-madh-turizmit\/","title":{"rendered":"Rama p\u00ebr Rrug\u00ebn e Arbrit: Do jet\u00eb pa pages\u00eb, i sjell zhvillim t\u00eb madh turizmit","gt_translate_keys":[{"key":"rendered","format":"text"}]},"content":{"rendered":"<p><span style=\"color: #000000;\"><img loading=\"lazy\" decoding=\"async\" class=\"aligncenter size-full wp-image-443136\" src=\"https:\/\/hashtag.al\/wp-content\/uploads\/2021\/04\/rama-17.jpg\" alt=\"\" width=\"1294\" height=\"709\" srcset=\"https:\/\/www.hashtag.al\/wp-content\/uploads\/2021\/04\/rama-17.jpg 1294w, https:\/\/www.hashtag.al\/wp-content\/uploads\/2021\/04\/rama-17-300x164.jpg 300w, https:\/\/www.hashtag.al\/wp-content\/uploads\/2021\/04\/rama-17-768x421.jpg 768w, https:\/\/www.hashtag.al\/wp-content\/uploads\/2021\/04\/rama-17-1024x561.jpg 1024w\" sizes=\"auto, (max-width: 1294px) 100vw, 1294px\" \/><\/span><\/p>\n<p><span style=\"color: #000000;\">Kreu i qeveris\u00eb deklaroi se Rruga e Arbrit do jet\u00eb pa pages\u00eb dhe se do sjell\u00eb nj\u00eb zhvillim t\u00eb madh jo vet\u00ebm t\u00eb Dibr\u00ebs por edhe t\u00eb mbar\u00eb vendit. <\/span><\/p>\n<p><span style=\"color: #000000;\">N\u00eb nj\u00eb intervist\u00eb p\u00ebr Report TV, kreu i qeveris\u00eb tha se puna e b\u00ebr\u00eb aty \u00ebsht\u00eb tregues dhe arsye e fort\u00eb p\u00ebr t\u00eb besuar te kompanit\u00eb shqiptare.<\/span><\/p>\n<p><span style=\"color: #000000;\"><em>&#8220;\u00cbsht\u00eb nj\u00eb pun\u00eb komplekse, \u00ebsht\u00eb p\u00ebrdorur nj\u00eb teknologji e koh\u00ebs s\u00eb fundit. Kjo \u00ebsht\u00eb nj\u00eb arsye shum\u00eb e fort\u00eb p\u00ebr t\u00eb besuar t\u00eb kompanit\u00eb shqiptare q\u00eb deri m\u00eb tani kan\u00eb arritur nj\u00eb nivel nd\u00ebrkomb\u00ebtar. Kompania \u00ebsht\u00eb brenda afatit totalisht. Kjo \u00ebsht\u00eb nj\u00eb rrug\u00eb e cila b\u00ebhet me PPP p\u00ebr 2 arsye. S\u00eb pari pasi n\u00eb rast se do t\u00eb shfryt\u00ebzonin buxhetin ton\u00eb do t\u00eb ishte e pamundur dhe do t\u00eb na duhej t\u00eb spostonim shum\u00eb para nga t\u00eb tjera programe t\u00eb r\u00ebnd\u00ebsishme. Ose do t\u00eb prisnim 13 vite p\u00ebr t\u00eb b\u00ebr\u00eb rrug\u00eb ose e b\u00ebjm\u00eb rrug\u00ebn dhe e shlyejm\u00eb p\u00ebr 13 vite. Dhe arsye e dyt\u00eb \u00ebsht\u00eb se rruga do t\u00eb jet\u00eb pa pages\u00eb p\u00ebr njer\u00ebzit dhe mir\u00ebmbajtja do t\u00eb kryhet nga kompania. Pra ne do t\u00eb japim financim edhe p\u00ebr mir\u00ebmbajtje dhe njer\u00ebzit do ta ken\u00eb pa pages\u00eb. &#8220;<\/em> &#8211; tha Rama.<\/span><\/p>\n<p><span style=\"color: #000000;\">Sipas kreut t\u00eb qeveris\u00eb, Rruga e Arbrit bashk\u00eb me at\u00eb t\u00eb Lumit t\u00eb Vlor\u00ebs do i sjellin nj\u00eb zhvillim t\u00eb madh vendit.<\/span><\/p>\n<p><span style=\"color: #000000;\"><em>&#8220;Kjo rrug\u00eb dhe ajo e lumit t\u00eb Vlor\u00ebs jan\u00eb dy akse fantastike t\u00eb nj\u00eb Shqip\u00ebrie q\u00eb nuk e njohim, kam zbuluar k\u00ebt\u00eb zon\u00eb, q\u00eb p\u00ebr 99% e shqiptar\u00ebve do jet\u00eb nj\u00eb parajs\u00eb tok\u00ebsore ku ka varf\u00ebri se ka pasur izolim t\u00eb madh dhe ku mrekullit\u00eb e natyr\u00ebs mund t\u00eb kthehen n\u00eb nj\u00eb aset fantastik p\u00ebr t\u00eb zhvilluar turizmit. Pogromet zhvillimor\u00eb t\u00eb k\u00ebtyre zonave jan\u00eb t\u00eb hapura, ne do t\u00eb kemi 5000 euro p\u00ebr \u00e7do emigrant q\u00eb investon n\u00eb sht\u00ebpin\u00eb e bab\u00ebs apo gjyshit.&#8221; &#8211; <\/em>u shpreh Rama.<\/span><\/p>\n","protected":false,"gt_translate_keys":[{"key":"rendered","format":"html"}]},"excerpt":{"rendered":"<p>Kreu i qeveris\u00eb deklaroi se Rruga e Arbrit do jet\u00eb pa pages\u00eb dhe se do sjell\u00eb nj\u00eb zhvillim t\u00eb madh jo vet\u00ebm t\u00eb Dibr\u00ebs por edhe t\u00eb mbar\u00eb vendit. N\u00eb nj\u00eb intervist\u00eb p\u00ebr Report TV, kreu i qeveris\u00eb tha se puna e b\u00ebr\u00eb aty \u00ebsht\u00eb tregues dhe arsye e fort\u00eb p\u00ebr t\u00eb besuar te kompanit\u00eb [&hellip;]<\/p>\n","protected":false,"gt_translate_keys":[{"key":"rendered","format":"html"}]},"author":51,"featured_media":443136,"comment_status":"open","ping_status":"open","sticky":false,"template":"","format":"standard","meta":{"footnotes":""},"categories":[65,13],"tags":[],"class_list":["post-443135","post","type-post","status-publish","format-standard","has-post-thumbnail","hentry","category-lajme","category-te-fundit"],"gt_translate_keys":[{"key":"link","format":"url"}],"_links":{"self":[{"href":"https:\/\/www.hashtag.al\/index.php\/wp-json\/wp\/v2\/posts\/443135","targetHints":{"allow":["GET"]}}],"collection":[{"href":"https:\/\/www.hashtag.al\/index.php\/wp-json\/wp\/v2\/posts"}],"about":[{"href":"https:\/\/www.hashtag.al\/index.php\/wp-json\/wp\/v2\/types\/post"}],"author":[{"embeddable":true,"href":"https:\/\/www.hashtag.al\/index.php\/wp-json\/wp\/v2\/users\/51"}],"replies":[{"embeddable":true,"href":"https:\/\/www.hashtag.al\/index.php\/wp-json\/wp\/v2\/comments?post=443135"}],"version-history":[{"count":0,"href":"https:\/\/www.hashtag.al\/index.php\/wp-json\/wp\/v2\/posts\/443135\/revisions"}],"wp:featuredmedia":[{"embeddable":true,"href":"https:\/\/www.hashtag.al\/index.php\/wp-json\/wp\/v2\/media\/443136"}],"wp:attachment":[{"href":"https:\/\/www.hashtag.al\/index.php\/wp-json\/wp\/v2\/media?parent=443135"}],"wp:term":[{"taxonomy":"category","embeddable":true,"href":"https:\/\/www.hashtag.al\/index.php\/wp-json\/wp\/v2\/categories?post=443135"},{"taxonomy":"post_tag","embeddable":true,"href":"https:\/\/www.hashtag.al\/index.php\/wp-json\/wp\/v2\/tags?post=443135"}],"curies":[{"name":"wp","href":"https:\/\/api.w.org\/{rel}","templated":true}]}}