{"id":442784,"date":"2021-04-13T10:07:12","date_gmt":"2021-04-13T08:07:12","guid":{"rendered":"https:\/\/hashtag.al\/?p=442784"},"modified":"2021-04-13T10:10:43","modified_gmt":"2021-04-13T08:10:43","slug":"basha-me-te-rinjte-ne-farke-pergjegjesia-ime-kryesore-te-ndaloj-largimin-tuaj-nga-vendi-me-trajnime-e-stazhe-te-paguara","status":"publish","type":"post","link":"https:\/\/www.hashtag.al\/index.php\/2021\/04\/13\/basha-me-te-rinjte-ne-farke-pergjegjesia-ime-kryesore-te-ndaloj-largimin-tuaj-nga-vendi-me-trajnime-e-stazhe-te-paguara\/","title":{"rendered":"Basha me t\u00eb rinjt\u00eb n\u00eb Fark\u00eb: P\u00ebrgjegj\u00ebsia ime kryesore t\u00eb ndaloj largimin tuaj nga vendi, me trajnime e stazhe t\u00eb paguara","gt_translate_keys":[{"key":"rendered","format":"text"}]},"content":{"rendered":"<p><a href=\"https:\/\/hashtag.al\/wp-content\/uploads\/2021\/04\/F.jpg\"><img loading=\"lazy\" decoding=\"async\" class=\"aligncenter size-full wp-image-442786\" src=\"https:\/\/hashtag.al\/wp-content\/uploads\/2021\/04\/F.jpg\" alt=\"\" width=\"1024\" height=\"576\" srcset=\"https:\/\/www.hashtag.al\/wp-content\/uploads\/2021\/04\/F.jpg 1024w, https:\/\/www.hashtag.al\/wp-content\/uploads\/2021\/04\/F-300x169.jpg 300w, https:\/\/www.hashtag.al\/wp-content\/uploads\/2021\/04\/F-768x432.jpg 768w\" sizes=\"auto, (max-width: 1024px) 100vw, 1024px\" \/><\/a><\/p>\n<p><span style=\"color: #000000;\">Kryetari i Partis\u00eb Demokratike Lulzim Basha k\u00ebt\u00eb t\u00eb mart\u00eb ka zhvilluar nj\u00eb tkaim me nj\u00eb grup t\u00eb rinjsh n\u00eb Fark\u00eb, n\u00eb Tiran\u00eb.<\/span><\/p>\n<p><span style=\"color: #000000;\">Ai u prit duartrokitje dhe entuziaz\u00ebm nga t\u00eb rinjt\u00eb, t\u00eb cil\u00ebve u shpjegoi Programin e Partis\u00eb Demokratike.<\/span><\/p>\n<p><span style=\"color: #000000;\">Basha tha se p\u00ebrgjegj\u00ebsia e tij kryesore \u00ebsht\u00eb ndalimi i emigrimit t\u00eb t\u00eb rinjve, t\u00eb cilin tha se do ta nis\u00eb ta b\u00ebj\u00eb duke anuluar s\u00eb pari ligjin p\u00ebr arsimin e lart\u00eb dhe duke u krijuar mund\u00ebsin\u00eb t\u00eb rinjve shqiptar\u00eb q\u00eb asnj\u00ebri t\u00eb mos mbetet i arsimuar.<\/span><\/p>\n<p><em><span style=\"color: #000000;\">\u201cKam ardhur n\u00eb k\u00ebt\u00eb takim pas k\u00ebrkesave t\u00eb p\u00ebrs\u00ebritura prej nj\u00eb kohe t\u00eb gjat\u00eb dhe ju k\u00ebrkoj ndjes\u00eb p\u00ebr munges\u00ebn. Por kam ardhur po k\u00ebshtu p\u00ebr t\u2019ju falenderuar sepse kjo frym\u00eb e ndryshimit q\u00eb ndihet kudo \u00ebsht\u00eb n\u00eb radh\u00eb t\u00eb par\u00eb rezultat i shpirtit tuaj, i fuqis\u00eb suaj, i energjis\u00eb suaj, i besimit tuaj dhe q\u00eb e keni injektuar me sukses t\u00eb plot\u00eb n\u00eb familjen tuaj, n\u00eb shoq\u00ebrin\u00eb tuaj dhe an\u00ebmban\u00eb Tiran\u00ebs e gjith\u00eb Shqip\u00ebris\u00eb.<\/span><\/em><\/p>\n<p><em><span style=\"color: #000000;\">Fitorja e 25 Prillit i takon rinis\u00eb shqiptare, u takon t\u00eb rinjve dhe t\u00eb rejave t\u00eb k\u00ebtij vendi dhe p\u00ebrgjegj\u00ebsia m\u00eb e madhe e imja dhe e ekipit tim pas 25 Prillit \u00ebsht\u00eb ndaj jush. K\u00ebt\u00eb p\u00ebrgjegj\u00ebsi ne do ta p\u00ebrkthejm\u00eb, n\u00eb vepra konkrete q\u00eb do ju ndohmojn\u00eb p\u00ebr t\u00eb zgjidhur disa nga hallet, problemet q\u00eb keni, sfidat dhe pik\u00ebpyetjet e m\u00ebdha q\u00eb ju kan\u00eb munduar k\u00ebto tet\u00eb vite. Sepse me t\u00eb v\u00ebrtet\u00eb kan\u00eb tet\u00eb vite t\u00eb v\u00ebshtira p\u00ebr t\u00eb gjith\u00eb, por kan\u00eb qen\u00eb vite t\u00eb tmerrshme p\u00ebr rinin\u00eb shqiptare. Natyrisht edhe p\u00ebr familjet tuaja. Largimi masiv i shok\u00ebve dhe shoqeve tuaja n\u00eb emigracion e provon k\u00ebtu.<\/span><\/em><\/p>\n<p><em><span style=\"color: #000000;\">A ka plag\u00eb m\u00eb t\u00eb madhe p\u00ebr ju dhe p\u00ebr prind\u00ebrit e atyre q\u00eb nuk i kemi m\u00eb mes nesh? A ka detyr\u00eb m\u00eb t\u00eb r\u00ebnd\u00ebsishme p\u00ebr kryeministrin e ardhsh\u00ebm se sa ta ndal\u00eb k\u00ebt\u00eb plag\u00eb? Kjo plag\u00eb nuk ndalet me llafe, nuk ndalet me premtime boshe nga k\u00ebto q\u00eb kemi d\u00ebgjuar gjat\u00eb k\u00ebtyre tet\u00eb viteve. Kjo plag\u00eb ndalet me veprime t\u00eb vendosura, si\u00e7 do t\u00eb jet\u00eb vendimi im i par\u00eb p\u00ebr t\u00eb anuluar Ligjin p\u00ebr Arsimin e Lart\u00eb dhe p\u00ebr t\u2019i kthyer universitetet shqiptare n\u00eb qendra t\u00eb trajtimit dual, ku t\u00eb mos ket\u00eb bird he bij\u00eb shqiptari q\u00eb t\u00eb mbetet pa studiuar p\u00ebr shkak t\u00eb gjendjes ekonomike t\u00eb familjes s\u00eb vet.<\/span><\/em><\/p>\n<p><span style=\"color: #000000;\"><em>Dhe k\u00ebto masa do t\u00eb mund\u00ebsojn\u00eb q\u00eb \u00e7do i rid he \u00e7do e re q\u00eb d\u00ebshiron t\u00eb ndjek\u00eb Universitetin dhe t\u00eb marr\u00eb nj\u00eb profesion, t\u2019i mund\u00ebsohet kjo. Dhe jo thjesht nj\u00eb diplom\u00eb, por nj\u00eb profesion.\u201d-<\/em> deklaroi Basha.<\/span><\/p>\n<p><span style=\"color: #000000;\"><a href=\"https:\/\/hashtag.al\/wp-content\/uploads\/2021\/04\/basha-Farke.jpg\"><img loading=\"lazy\" decoding=\"async\" class=\"aligncenter size-full wp-image-442785\" src=\"https:\/\/hashtag.al\/wp-content\/uploads\/2021\/04\/basha-Farke.jpg\" alt=\"\" width=\"1024\" height=\"576\" srcset=\"https:\/\/www.hashtag.al\/wp-content\/uploads\/2021\/04\/basha-Farke.jpg 1024w, https:\/\/www.hashtag.al\/wp-content\/uploads\/2021\/04\/basha-Farke-300x169.jpg 300w, https:\/\/www.hashtag.al\/wp-content\/uploads\/2021\/04\/basha-Farke-768x432.jpg 768w\" sizes=\"auto, (max-width: 1024px) 100vw, 1024px\" \/><\/a>Kryedemokrati foli p\u00ebr trajnime, p\u00ebr stazhe t\u00eb paguara si dhe p\u00ebr marrjen e kredive me 0% nga t\u00eb rinjt\u00eb shqiptar\u00eb q\u00eb duan t\u00eb krijojn\u00eb nj\u00eb familje p\u00ebr t\u00eb bler\u00eb nj\u00eb sht\u00ebpi.<\/span><\/p>\n<p><em><span style=\"color: #000000;\">\u201cKam qen\u00eb n\u00eb vazhdim\u00ebsi me BE-n\u00eb, Aleanc\u00ebn e Universiteteve Europiane, q\u00eb kur t\u00eb futeni n\u00eb Universitet gjysm\u00ebn e koh\u00ebs ta keni teori dhe gjysm\u00ebn tjet\u00ebr praktik\u00eb. Dhe pas k\u00ebsaj t\u2019ju ofrohet dhe nj\u00eb stazh i paguar, p\u00ebr t\u00eb b\u00ebr\u00eb t\u00eb mundur kalimin nga auditori drejt tregut t\u00eb pun\u00ebs. Sot kam qen\u00eb n\u00eb biseda me investitor\u00eb europian\u00eb, t\u00eb cil\u00ebt m\u00eb kan\u00eb th\u00ebn\u00eb se: \u2018tre gj\u00ebra duam ne q\u00eb t\u00eb sjellim investime dhe vende pune me paga t\u00eb larta.<\/span><\/em><\/p>\n<p><em><span style=\"color: #000000;\">Ne duam tregun e lir\u00eb, me konkurrenc\u00eb, pa monopole; ne duam taksa t\u00eb ul\u00ebta si n\u00eb vendet e rajonit dhe ne duam forc\u00eb pun\u00ebtore t\u00eb mir\u00ebtrajnuar dhe nj\u00eb rini t\u00eb arsimuar.\u2019<\/span><\/em><\/p>\n<p><em><span style=\"color: #000000;\">Dhe jan\u00eb gati t\u00eb na ndihmojn\u00eb p\u00ebr k\u00ebt\u00eb. Kan\u00eb qen\u00eb gati dhe m\u00eb par\u00eb. Shikoni rinia e Maqedonis\u00eb s\u00eb Veriut ka p\u00ebrfituar dhjet\u00ebra mij\u00ebra vende pune, qindar mij\u00ebra trajnime me parat\u00eb e taksapaguesve europian\u00eb. E nj\u00ebjta gj\u00eb me rinin\u00eb e Serbis\u00eb. Kosova, shteti m\u00eb i ri n\u00eb Bot\u00eb. T\u00eb vetmit q\u00eb s\u2019kemi p\u00ebrfituar jemi ne.<\/span><\/em><\/p>\n<p><span style=\"color: #000000;\"><em>Sepse qeveria e Edi Ram\u00ebs kurr\u00eb nuk e ka patur prioritet rinin\u00eb. Ndaj un\u00eb ju garantoj se k\u00ebsaj l\u00ebvizje t\u00eb madhe rinore q\u00eb i ka dh\u00ebn\u00eb fuqin\u00eb dhe energjin\u00eb bashkimit shqiptar p\u00ebr ndryshim, do t\u2019i p\u00ebrgjigjem me veprime t\u00eb vendosura, duke sjell\u00eb dhe b\u00ebr\u00eb t\u00eb mundur trajnimin professional t\u00eb rinis\u00eb, pun\u00ebsimin tuaj me paga dinjitoze, t\u00eb larta, duke iu dh\u00ebn\u00eb mund\u00ebsi q\u00eb t\u00eb blini nj\u00eb banes\u00eb dhe p\u00ebr 5 mij\u00eb \u00e7ifte t\u00eb reja n\u00eb vit shteti t\u00eb marr\u00eb p\u00ebrsip\u00ebr 100% pages\u00ebn e interesave duke ju ndihmuar t\u00eb themeloni nj\u00eb familje. Sepse t\u00eb rrisni nj\u00eb f\u00ebmij\u00eb n\u00eb Shqip\u00ebri s\u2019ka qen\u00eb kurr\u00eb m\u00eb e v\u00ebshtir\u00eb.<\/em>\u201d- shtoi kryedemokrati.<\/span><\/p>\n","protected":false,"gt_translate_keys":[{"key":"rendered","format":"html"}]},"excerpt":{"rendered":"<p>Kryetari i Partis\u00eb Demokratike Lulzim Basha k\u00ebt\u00eb t\u00eb mart\u00eb ka zhvilluar nj\u00eb tkaim me nj\u00eb grup t\u00eb rinjsh n\u00eb Fark\u00eb, n\u00eb Tiran\u00eb. Ai u prit duartrokitje dhe entuziaz\u00ebm nga t\u00eb rinjt\u00eb, t\u00eb cil\u00ebve u shpjegoi Programin e Partis\u00eb Demokratike. Basha tha se p\u00ebrgjegj\u00ebsia e tij kryesore \u00ebsht\u00eb ndalimi i emigrimit t\u00eb t\u00eb rinjve, t\u00eb cilin [&hellip;]<\/p>\n","protected":false,"gt_translate_keys":[{"key":"rendered","format":"html"}]},"author":30,"featured_media":442785,"comment_status":"open","ping_status":"open","sticky":false,"template":"","format":"standard","meta":{"footnotes":""},"categories":[65,13],"tags":[],"class_list":["post-442784","post","type-post","status-publish","format-standard","has-post-thumbnail","hentry","category-lajme","category-te-fundit"],"gt_translate_keys":[{"key":"link","format":"url"}],"_links":{"self":[{"href":"https:\/\/www.hashtag.al\/index.php\/wp-json\/wp\/v2\/posts\/442784","targetHints":{"allow":["GET"]}}],"collection":[{"href":"https:\/\/www.hashtag.al\/index.php\/wp-json\/wp\/v2\/posts"}],"about":[{"href":"https:\/\/www.hashtag.al\/index.php\/wp-json\/wp\/v2\/types\/post"}],"author":[{"embeddable":true,"href":"https:\/\/www.hashtag.al\/index.php\/wp-json\/wp\/v2\/users\/30"}],"replies":[{"embeddable":true,"href":"https:\/\/www.hashtag.al\/index.php\/wp-json\/wp\/v2\/comments?post=442784"}],"version-history":[{"count":0,"href":"https:\/\/www.hashtag.al\/index.php\/wp-json\/wp\/v2\/posts\/442784\/revisions"}],"wp:featuredmedia":[{"embeddable":true,"href":"https:\/\/www.hashtag.al\/index.php\/wp-json\/wp\/v2\/media\/442785"}],"wp:attachment":[{"href":"https:\/\/www.hashtag.al\/index.php\/wp-json\/wp\/v2\/media?parent=442784"}],"wp:term":[{"taxonomy":"category","embeddable":true,"href":"https:\/\/www.hashtag.al\/index.php\/wp-json\/wp\/v2\/categories?post=442784"},{"taxonomy":"post_tag","embeddable":true,"href":"https:\/\/www.hashtag.al\/index.php\/wp-json\/wp\/v2\/tags?post=442784"}],"curies":[{"name":"wp","href":"https:\/\/api.w.org\/{rel}","templated":true}]}}