{"id":442733,"date":"2021-04-12T22:59:37","date_gmt":"2021-04-12T20:59:37","guid":{"rendered":"https:\/\/hashtag.al\/?p=442733"},"modified":"2021-04-12T22:59:37","modified_gmt":"2021-04-12T20:59:37","slug":"socialisti-i-zhgenjyer-nga-rilindja-ndalon-bashen-do-votoj-per-pd-ne-jemi-te-shkaterruar","status":"publish","type":"post","link":"https:\/\/www.hashtag.al\/index.php\/2021\/04\/12\/socialisti-i-zhgenjyer-nga-rilindja-ndalon-bashen-do-votoj-per-pd-ne-jemi-te-shkaterruar\/","title":{"rendered":"Socialisti i zhg\u00ebnjyer nga Rilindja ndalon Bash\u00ebn: Do votoj p\u00ebr PD-n\u00eb, jemi t\u00eb shkat\u00ebrruar","gt_translate_keys":[{"key":"rendered","format":"text"}]},"content":{"rendered":"<p><span style=\"color: #000000;\"><img loading=\"lazy\" decoding=\"async\" class=\"aligncenter size-full wp-image-442734\" src=\"https:\/\/hashtag.al\/wp-content\/uploads\/2021\/04\/basha-njesia-8.jpeg\" alt=\"\" width=\"1280\" height=\"720\" srcset=\"https:\/\/www.hashtag.al\/wp-content\/uploads\/2021\/04\/basha-njesia-8.jpeg 1280w, https:\/\/www.hashtag.al\/wp-content\/uploads\/2021\/04\/basha-njesia-8-300x169.jpeg 300w, https:\/\/www.hashtag.al\/wp-content\/uploads\/2021\/04\/basha-njesia-8-768x432.jpeg 768w, https:\/\/www.hashtag.al\/wp-content\/uploads\/2021\/04\/basha-njesia-8-1024x576.jpeg 1024w\" sizes=\"auto, (max-width: 1280px) 100vw, 1280px\" \/><\/span><\/p>\n<p><span style=\"color: #000000;\">Kryetari i Partis\u00eb Demokratike Lulzim Basha \u00ebsht\u00eb ndalur n\u00eb nj\u00eb takim me qytetar\u00eb e biznese n\u00eb Nj\u00ebsin\u00eb 8 n\u00eb Tiran\u00eb.<\/span><\/p>\n<p><span style=\"color: #000000;\">Gjat\u00eb takimeve n\u00eb zon\u00ebn e Selvis\u00eb, Basha u has edhe me socialist\u00eb t\u00eb cil\u00ebn shprehen se nuk do votojn\u00eb n\u00eb zgjedhje p\u00ebr PS-n\u00eb dhe do mb\u00ebshtesin Partin\u00eb Demokratike.<\/span><\/p>\n<p><span style=\"color: #000000;\">\u201c<em>Kemi ardhur nga krahu tjet\u00ebr. Jemi ardhje e fuqishme se jemi gjith\u00eb k\u00ebta njer\u00ebz. Na ka zhg\u00ebnjyer, na ka shkat\u00ebrruar, na ka l\u00ebn\u00eb n\u00ebp\u00ebr sht\u00ebpia. Dil nga sht\u00ebpia thot\u00eb se do b\u00ebj\u00eb kulla<\/em>\u201d-tha nj\u00eb qytetar.<\/span><\/p>\n<p><span style=\"color: #000000;\">\u201c<em>Jeni t\u00eb mir\u00eb se ardhur. Jemi n\u00eb k\u00ebt\u00eb betej\u00eb p\u00ebr t\u00eb gjith\u00eb popullin, p\u00ebr t\u00eb djatht\u00eb dhe t\u00eb majt\u00eb. Do e mundim t\u00eb keqen<\/em>\u201d- u p\u00ebrgjigj Basha.<\/span><\/p>\n","protected":false,"gt_translate_keys":[{"key":"rendered","format":"html"}]},"excerpt":{"rendered":"<p>Kryetari i Partis\u00eb Demokratike Lulzim Basha \u00ebsht\u00eb ndalur n\u00eb nj\u00eb takim me qytetar\u00eb e biznese n\u00eb Nj\u00ebsin\u00eb 8 n\u00eb Tiran\u00eb. Gjat\u00eb takimeve n\u00eb zon\u00ebn e Selvis\u00eb, Basha u has edhe me socialist\u00eb t\u00eb cil\u00ebn shprehen se nuk do votojn\u00eb n\u00eb zgjedhje p\u00ebr PS-n\u00eb dhe do mb\u00ebshtesin Partin\u00eb Demokratike. \u201cKemi ardhur nga krahu tjet\u00ebr. Jemi ardhje [&hellip;]<\/p>\n","protected":false,"gt_translate_keys":[{"key":"rendered","format":"html"}]},"author":32,"featured_media":442734,"comment_status":"open","ping_status":"open","sticky":false,"template":"","format":"standard","meta":{"footnotes":""},"categories":[65,13],"tags":[],"class_list":["post-442733","post","type-post","status-publish","format-standard","has-post-thumbnail","hentry","category-lajme","category-te-fundit"],"gt_translate_keys":[{"key":"link","format":"url"}],"_links":{"self":[{"href":"https:\/\/www.hashtag.al\/index.php\/wp-json\/wp\/v2\/posts\/442733","targetHints":{"allow":["GET"]}}],"collection":[{"href":"https:\/\/www.hashtag.al\/index.php\/wp-json\/wp\/v2\/posts"}],"about":[{"href":"https:\/\/www.hashtag.al\/index.php\/wp-json\/wp\/v2\/types\/post"}],"author":[{"embeddable":true,"href":"https:\/\/www.hashtag.al\/index.php\/wp-json\/wp\/v2\/users\/32"}],"replies":[{"embeddable":true,"href":"https:\/\/www.hashtag.al\/index.php\/wp-json\/wp\/v2\/comments?post=442733"}],"version-history":[{"count":0,"href":"https:\/\/www.hashtag.al\/index.php\/wp-json\/wp\/v2\/posts\/442733\/revisions"}],"wp:featuredmedia":[{"embeddable":true,"href":"https:\/\/www.hashtag.al\/index.php\/wp-json\/wp\/v2\/media\/442734"}],"wp:attachment":[{"href":"https:\/\/www.hashtag.al\/index.php\/wp-json\/wp\/v2\/media?parent=442733"}],"wp:term":[{"taxonomy":"category","embeddable":true,"href":"https:\/\/www.hashtag.al\/index.php\/wp-json\/wp\/v2\/categories?post=442733"},{"taxonomy":"post_tag","embeddable":true,"href":"https:\/\/www.hashtag.al\/index.php\/wp-json\/wp\/v2\/tags?post=442733"}],"curies":[{"name":"wp","href":"https:\/\/api.w.org\/{rel}","templated":true}]}}