{"id":442707,"date":"2021-04-12T20:46:19","date_gmt":"2021-04-12T18:46:19","guid":{"rendered":"https:\/\/hashtag.al\/?p=442707"},"modified":"2021-04-12T20:46:19","modified_gmt":"2021-04-12T18:46:19","slug":"e-ndeshkoi-me-te-kuq-ibrahimovicin-arbitri-nuk-do-gjykoje-me-ndeshjet-e-milanit","status":"publish","type":"post","link":"https:\/\/www.hashtag.al\/index.php\/2021\/04\/12\/e-ndeshkoi-me-te-kuq-ibrahimovicin-arbitri-nuk-do-gjykoje-me-ndeshjet-e-milanit\/","title":{"rendered":"E nd\u00ebshkoi me t\u00eb kuq Ibrahimovi\u00e7in, arbitri nuk do gjykoj\u00eb m\u00eb ndeshjet e Milanit","gt_translate_keys":[{"key":"rendered","format":"text"}]},"content":{"rendered":"<p><img loading=\"lazy\" decoding=\"async\" class=\"size-full wp-image-442708\" src=\"https:\/\/hashtag.al\/wp-content\/uploads\/2021\/04\/1002049456.jpg\" alt=\"\" width=\"1200\" height=\"800\" srcset=\"https:\/\/www.hashtag.al\/wp-content\/uploads\/2021\/04\/1002049456.jpg 1200w, https:\/\/www.hashtag.al\/wp-content\/uploads\/2021\/04\/1002049456-300x200.jpg 300w, https:\/\/www.hashtag.al\/wp-content\/uploads\/2021\/04\/1002049456-768x512.jpg 768w, https:\/\/www.hashtag.al\/wp-content\/uploads\/2021\/04\/1002049456-1024x683.jpg 1024w\" sizes=\"auto, (max-width: 1200px) 100vw, 1200px\" \/><\/p>\n<p><span style=\"color: #000000;\">Gjyqtari Fabio Maresca nuk do t\u00eb gjykoj\u00eb ndeshjet e Milanit p\u00ebr nj\u00eb koh\u00eb, pasi AIA raportoi se nuk i p\u00eblqeu m\u00ebnyra se si e menaxhoi situat\u00ebn e Zlatan Ibrahimovicit n\u00eb rastin e nd\u00ebshkimit me karton t\u00eb kuq.<\/span><\/p>\n<p><span style=\"color: #000000;\">Suedezit iu dha nj\u00eb karton i kuq n\u00eb pjes\u00ebn e dyt\u00eb t\u00eb Parma-Milan t\u00eb shtun\u00ebn kur Rossoner\u00ebt ishin 2-0 p\u00ebrpara.<\/span><\/p>\n<p><span style=\"color: #000000;\">Ibrahimovic insistoi q\u00eb\u00a0ai nuk e kishte fyer arbitrin\u00a0, nd\u00ebrsa ai pritet t\u00eb pezullohet me nj\u00eb ndeshje pushim.<\/span><\/p>\n<p><span style=\"color: #000000;\">Il Corriere della Sera raporton se Shoqat\u00ebs s\u00eb Arbitrave Italian\u00eb nuk i ka p\u00eblqyer m\u00ebnyra se si Maresca e trajtoi situat\u00ebn dhe do ta mbaj\u00eb at\u00eb larg nga gjykimi i ndeshjeve t\u00eb Milanit p\u00ebr nj\u00eb koh\u00eb.<\/span><\/p>\n","protected":false,"gt_translate_keys":[{"key":"rendered","format":"html"}]},"excerpt":{"rendered":"<p>Gjyqtari Fabio Maresca nuk do t\u00eb gjykoj\u00eb ndeshjet e Milanit p\u00ebr nj\u00eb koh\u00eb, pasi AIA raportoi se nuk i p\u00eblqeu m\u00ebnyra se si e menaxhoi situat\u00ebn e Zlatan Ibrahimovicit n\u00eb rastin e nd\u00ebshkimit me karton t\u00eb kuq. Suedezit iu dha nj\u00eb karton i kuq n\u00eb pjes\u00ebn e dyt\u00eb t\u00eb Parma-Milan t\u00eb shtun\u00ebn kur Rossoner\u00ebt ishin [&hellip;]<\/p>\n","protected":false,"gt_translate_keys":[{"key":"rendered","format":"html"}]},"author":32,"featured_media":442708,"comment_status":"open","ping_status":"open","sticky":false,"template":"","format":"standard","meta":{"footnotes":""},"categories":[134,13],"tags":[],"class_list":["post-442707","post","type-post","status-publish","format-standard","has-post-thumbnail","hentry","category-sport","category-te-fundit"],"gt_translate_keys":[{"key":"link","format":"url"}],"_links":{"self":[{"href":"https:\/\/www.hashtag.al\/index.php\/wp-json\/wp\/v2\/posts\/442707","targetHints":{"allow":["GET"]}}],"collection":[{"href":"https:\/\/www.hashtag.al\/index.php\/wp-json\/wp\/v2\/posts"}],"about":[{"href":"https:\/\/www.hashtag.al\/index.php\/wp-json\/wp\/v2\/types\/post"}],"author":[{"embeddable":true,"href":"https:\/\/www.hashtag.al\/index.php\/wp-json\/wp\/v2\/users\/32"}],"replies":[{"embeddable":true,"href":"https:\/\/www.hashtag.al\/index.php\/wp-json\/wp\/v2\/comments?post=442707"}],"version-history":[{"count":0,"href":"https:\/\/www.hashtag.al\/index.php\/wp-json\/wp\/v2\/posts\/442707\/revisions"}],"wp:featuredmedia":[{"embeddable":true,"href":"https:\/\/www.hashtag.al\/index.php\/wp-json\/wp\/v2\/media\/442708"}],"wp:attachment":[{"href":"https:\/\/www.hashtag.al\/index.php\/wp-json\/wp\/v2\/media?parent=442707"}],"wp:term":[{"taxonomy":"category","embeddable":true,"href":"https:\/\/www.hashtag.al\/index.php\/wp-json\/wp\/v2\/categories?post=442707"},{"taxonomy":"post_tag","embeddable":true,"href":"https:\/\/www.hashtag.al\/index.php\/wp-json\/wp\/v2\/tags?post=442707"}],"curies":[{"name":"wp","href":"https:\/\/api.w.org\/{rel}","templated":true}]}}