{"id":442433,"date":"2021-04-11T16:51:31","date_gmt":"2021-04-11T14:51:31","guid":{"rendered":"https:\/\/hashtag.al\/?p=442433"},"modified":"2021-04-11T17:15:54","modified_gmt":"2021-04-11T15:15:54","slug":"33-te-shoqeruar-nga-protesta-ne-mirdite-procedohen-ne-gjendje-te-lire","status":"publish","type":"post","link":"https:\/\/www.hashtag.al\/index.php\/2021\/04\/11\/33-te-shoqeruar-nga-protesta-ne-mirdite-procedohen-ne-gjendje-te-lire\/","title":{"rendered":"33 t\u00eb shoq\u00ebruar nga protesta n\u00eb Mirdit\u00eb, procedohen n\u00eb gjendje t\u00eb lir\u00eb","gt_translate_keys":[{"key":"rendered","format":"text"}]},"content":{"rendered":"<p><span style=\"color: #000000;\"><img loading=\"lazy\" decoding=\"async\" class=\"aligncenter size-full wp-image-442434\" src=\"https:\/\/hashtag.al\/wp-content\/uploads\/2021\/04\/vetevendosje2.jpg\" alt=\"\" width=\"1503\" height=\"842\" srcset=\"https:\/\/www.hashtag.al\/wp-content\/uploads\/2021\/04\/vetevendosje2.jpg 1503w, https:\/\/www.hashtag.al\/wp-content\/uploads\/2021\/04\/vetevendosje2-300x168.jpg 300w, https:\/\/www.hashtag.al\/wp-content\/uploads\/2021\/04\/vetevendosje2-768x430.jpg 768w, https:\/\/www.hashtag.al\/wp-content\/uploads\/2021\/04\/vetevendosje2-1024x574.jpg 1024w\" sizes=\"auto, (max-width: 1503px) 100vw, 1503px\" \/><\/span><\/p>\n<p><span style=\"color: #000000;\">33 persona jan\u00eb shoq\u00ebruar nga policia pas protest\u00ebs n\u00eb Mirdit\u00eb. <\/span><\/p>\n<p><span style=\"color: #000000;\">Ata do porocedohen n\u00eb gjendje pasi sipas bluve kan\u00eb protestuar n\u00eb m\u00ebnyr\u00eb t\u00eb paligjshme si dhe kan\u00eb bllokuar qarkullimin e mjeteve pran\u00eb tunelit t\u00eb Kalimashit.<\/span><\/p>\n<p><span style=\"color: #000000;\"> Dhjet\u00ebra banor\u00eb t\u00eb zon\u00ebs si dhe aktivist\u00eb t\u00eb L\u00ebvizjes Vet\u00ebvendosje protestuan dit\u00ebn e sotme kund\u00ebr nd\u00ebrtimit t\u00eb nj\u00eb hidrocentrali dhe nj\u00eb fabrike uji n\u00eb zon\u00eb.<\/span><\/p>\n<p><span style=\"color: #000000;\"><strong>Njoftimi<\/strong><\/span><\/p>\n<p><span style=\"color: #000000;\"><em>&#8220;Organizuan grumbullim dhe manifestim t\u00eb paligjsh\u00ebm, penguan qarkullimin e mjeteve t\u00eb transportit dhe nuk iu bind\u00ebn urdhrit t\u00eb punonj\u00ebsve t\u00eb Policis\u00eb, shoq\u00ebrohen n\u00eb Komisariatin e Policis\u00eb\u00a0 33 shtetas.<\/em><\/span><\/p>\n<p><span style=\"color: #000000;\"><em>Specialist\u00ebt p\u00ebr Hetimin e Krimeve n\u00eb Komisariatin e Policis\u00eb Lezh\u00eb dhe Mirdit\u00eb, n\u00eb p\u00ebrfundim t\u00eb veprimeve t\u00eb kryera n\u00eb lidhje me protest\u00ebn e paligjshme t\u00eb zhvilluar dit\u00ebn e sotme, n\u00eb fshatin Thirr\u00eb, Nj\u00ebsia Administrative Fan\u00eb, Mirdit\u00eb , kan\u00eb filluar procedimin penal n\u00eb gjendje t\u00eb lir\u00eb ndaj 33\u00a0 shtetasve.<\/em><\/span><\/p>\n<p><span style=\"color: #000000;\"><em>K\u00ebta shtetas kan\u00eb protestuar n\u00eb m\u00ebnyr\u00eb t\u00eb paligjshme n\u00eb af\u00ebrsi t\u00eb tunelit t\u00eb Kalimashit, n\u00eb fshatin Thirr\u00eb, Mirdit\u00eb duke bllokuar l\u00ebvizjen e mjeteve n\u00eb aksin Milot-Morin\u00eb, si dhe nuk i\u00a0 jan\u00eb bindur urdhrit t\u00eb punonj\u00ebsit t\u00eb Policis\u00eb p\u00ebr t\u00eb zbllokuar qarkullimin e automjeteve.<\/em><\/span><\/p>\n<p><span style=\"color: #000000;\"><em>Materialet n\u00eb\u00a0 ngarkim t\u00eb tyre do t&#8217;i kalojn\u00eb Prokuroris\u00eb s\u00eb Rrethit Gjyq\u00ebsor Lezh\u00eb, p\u00ebr veprime t\u00eb m\u00ebtejshme p\u00ebr veprat penale &#8220;Organizimi dhe pjes\u00ebmarrja n\u00eb grumbullime dhe manifestime t\u00eb paligjshme&#8221;, Pengimi i qarkullimit t\u00eb mjeteve t\u00eb transportit &#8221; dhe &#8221; Mosbindja ndaj urdhrit t\u00eb punonj\u00ebsit t\u00eb Policis\u00eb s\u00eb rendit publik.&#8221;<\/em><\/span><\/p>\n","protected":false,"gt_translate_keys":[{"key":"rendered","format":"html"}]},"excerpt":{"rendered":"<p>33 persona jan\u00eb shoq\u00ebruar nga policia pas protest\u00ebs n\u00eb Mirdit\u00eb. Ata do porocedohen n\u00eb gjendje pasi sipas bluve kan\u00eb protestuar n\u00eb m\u00ebnyr\u00eb t\u00eb paligjshme si dhe kan\u00eb bllokuar qarkullimin e mjeteve pran\u00eb tunelit t\u00eb Kalimashit. Dhjet\u00ebra banor\u00eb t\u00eb zon\u00ebs si dhe aktivist\u00eb t\u00eb L\u00ebvizjes Vet\u00ebvendosje protestuan dit\u00ebn e sotme kund\u00ebr nd\u00ebrtimit t\u00eb nj\u00eb hidrocentrali dhe [&hellip;]<\/p>\n","protected":false,"gt_translate_keys":[{"key":"rendered","format":"html"}]},"author":51,"featured_media":442434,"comment_status":"open","ping_status":"open","sticky":false,"template":"","format":"standard","meta":{"footnotes":""},"categories":[65,13],"tags":[],"class_list":["post-442433","post","type-post","status-publish","format-standard","has-post-thumbnail","hentry","category-lajme","category-te-fundit"],"gt_translate_keys":[{"key":"link","format":"url"}],"_links":{"self":[{"href":"https:\/\/www.hashtag.al\/index.php\/wp-json\/wp\/v2\/posts\/442433","targetHints":{"allow":["GET"]}}],"collection":[{"href":"https:\/\/www.hashtag.al\/index.php\/wp-json\/wp\/v2\/posts"}],"about":[{"href":"https:\/\/www.hashtag.al\/index.php\/wp-json\/wp\/v2\/types\/post"}],"author":[{"embeddable":true,"href":"https:\/\/www.hashtag.al\/index.php\/wp-json\/wp\/v2\/users\/51"}],"replies":[{"embeddable":true,"href":"https:\/\/www.hashtag.al\/index.php\/wp-json\/wp\/v2\/comments?post=442433"}],"version-history":[{"count":0,"href":"https:\/\/www.hashtag.al\/index.php\/wp-json\/wp\/v2\/posts\/442433\/revisions"}],"wp:featuredmedia":[{"embeddable":true,"href":"https:\/\/www.hashtag.al\/index.php\/wp-json\/wp\/v2\/media\/442434"}],"wp:attachment":[{"href":"https:\/\/www.hashtag.al\/index.php\/wp-json\/wp\/v2\/media?parent=442433"}],"wp:term":[{"taxonomy":"category","embeddable":true,"href":"https:\/\/www.hashtag.al\/index.php\/wp-json\/wp\/v2\/categories?post=442433"},{"taxonomy":"post_tag","embeddable":true,"href":"https:\/\/www.hashtag.al\/index.php\/wp-json\/wp\/v2\/tags?post=442433"}],"curies":[{"name":"wp","href":"https:\/\/api.w.org\/{rel}","templated":true}]}}