{"id":442032,"date":"2021-04-09T17:02:52","date_gmt":"2021-04-09T15:02:52","guid":{"rendered":"https:\/\/hashtag.al\/?p=442032"},"modified":"2021-04-09T17:02:52","modified_gmt":"2021-04-09T15:02:52","slug":"aksidenti-tragjik-ne-republiken-demokratike-te-kongos-digjen-brenda-nje-autobusi-40-persona","status":"publish","type":"post","link":"https:\/\/www.hashtag.al\/index.php\/2021\/04\/09\/aksidenti-tragjik-ne-republiken-demokratike-te-kongos-digjen-brenda-nje-autobusi-40-persona\/","title":{"rendered":"Aksidenti tragjik n\u00eb Republik\u00ebn Demokratike t\u00eb Kongos, digjen brenda nj\u00eb autobusi 40 persona","gt_translate_keys":[{"key":"rendered","format":"text"}]},"content":{"rendered":"<p><span style=\"color: #000000;\"><img loading=\"lazy\" decoding=\"async\" class=\"aligncenter size-full wp-image-442033\" src=\"https:\/\/hashtag.al\/wp-content\/uploads\/2021\/04\/Autobusi-600x355.jpg\" alt=\"\" width=\"600\" height=\"355\" srcset=\"https:\/\/www.hashtag.al\/wp-content\/uploads\/2021\/04\/Autobusi-600x355.jpg 600w, https:\/\/www.hashtag.al\/wp-content\/uploads\/2021\/04\/Autobusi-600x355-300x178.jpg 300w\" sizes=\"auto, (max-width: 600px) 100vw, 600px\" \/><\/span><\/p>\n<p><span style=\"color: #000000;\">Rreth 40 pasagjer\u00eb jan\u00eb djegur p\u00ebr s\u00eb gjalli, pasi nj\u00eb autobus u rrotullua dhe u kaplua nga flaka n\u00eb per\u00ebndim t\u00eb Republik\u00ebs Demokratike t\u00eb Kongos, tha nj\u00eb zyrtar i k\u00ebtij shteti.<\/span><\/p>\n<p><span style=\"color: #000000;\">Aksidenti ndodhi af\u00ebr fshatit Kiwawa, gjasht\u00eb or\u00eb udh\u00ebtim larg kryeqytetit Kinshasa, tha guvernatori i provinc\u00ebs Kwilu, Willy Itshundala.<\/span><\/p>\n<p><span style=\"color: #000000;\">\u201cPothuajse asgj\u00eb nuk mund t\u00eb nxirret. Nga 31 t\u00eb mbijetuar, n\u00ebnt\u00eb jan\u00eb t\u00eb l\u00ebnduar seriozisht\u201d, tha ky zyrtar p\u00ebrmes telefonit p\u00ebr agjencin\u00eb Reuters<\/span><\/p>\n<p><span style=\"color: #000000;\">N\u00eb disa video t\u00eb publikuara n\u00eb rrejte sociale shihet nj\u00eb autobus i kthyer n\u00eb krah duke u djegur dhe disa kokrra pem\u00ebsh t\u00eb shp\u00ebrndara. Agjencia Reuters nuk ka pasur mund\u00ebsi q\u00eb t\u2019i v\u00ebrtetoj\u00eb pamjet.<\/span><\/p>\n<p><span style=\"color: #000000;\">Zhvillimi i transportit n\u00eb Republik\u00ebn Demokratike t\u00eb Kongos \u00ebsht\u00eb mjaft i v\u00ebshtir\u00eb p\u00ebr shkak se terreni dhe klima jan\u00eb t\u00eb pap\u00ebrshtatshme p\u00ebr nd\u00ebrtimin e rrug\u00ebve dhe hekurudhave.<\/span><\/p>\n<p><span style=\"color: #000000;\">Sidoqoft\u00eb, ky shtet i shfryt\u00ebzon m\u00eb shum\u00eb rrug\u00ebt ujore p\u00ebr t\u00eb l\u00ebvizur n\u00ebp\u00ebr territorin e madh t\u00eb shtetit me sip\u00ebrfaqe prej 2 milion\u00eb e 345 mij\u00eb kilometrash katror\u00eb.<\/span><\/p>\n<p>&nbsp;<\/p>\n","protected":false,"gt_translate_keys":[{"key":"rendered","format":"html"}]},"excerpt":{"rendered":"<p>Rreth 40 pasagjer\u00eb jan\u00eb djegur p\u00ebr s\u00eb gjalli, pasi nj\u00eb autobus u rrotullua dhe u kaplua nga flaka n\u00eb per\u00ebndim t\u00eb Republik\u00ebs Demokratike t\u00eb Kongos, tha nj\u00eb zyrtar i k\u00ebtij shteti. Aksidenti ndodhi af\u00ebr fshatit Kiwawa, gjasht\u00eb or\u00eb udh\u00ebtim larg kryeqytetit Kinshasa, tha guvernatori i provinc\u00ebs Kwilu, Willy Itshundala. \u201cPothuajse asgj\u00eb nuk mund t\u00eb nxirret. [&hellip;]<\/p>\n","protected":false,"gt_translate_keys":[{"key":"rendered","format":"html"}]},"author":32,"featured_media":442033,"comment_status":"open","ping_status":"open","sticky":false,"template":"","format":"standard","meta":{"footnotes":""},"categories":[6,13],"tags":[],"class_list":["post-442032","post","type-post","status-publish","format-standard","has-post-thumbnail","hentry","category-nderkombetare","category-te-fundit"],"gt_translate_keys":[{"key":"link","format":"url"}],"_links":{"self":[{"href":"https:\/\/www.hashtag.al\/index.php\/wp-json\/wp\/v2\/posts\/442032","targetHints":{"allow":["GET"]}}],"collection":[{"href":"https:\/\/www.hashtag.al\/index.php\/wp-json\/wp\/v2\/posts"}],"about":[{"href":"https:\/\/www.hashtag.al\/index.php\/wp-json\/wp\/v2\/types\/post"}],"author":[{"embeddable":true,"href":"https:\/\/www.hashtag.al\/index.php\/wp-json\/wp\/v2\/users\/32"}],"replies":[{"embeddable":true,"href":"https:\/\/www.hashtag.al\/index.php\/wp-json\/wp\/v2\/comments?post=442032"}],"version-history":[{"count":0,"href":"https:\/\/www.hashtag.al\/index.php\/wp-json\/wp\/v2\/posts\/442032\/revisions"}],"wp:featuredmedia":[{"embeddable":true,"href":"https:\/\/www.hashtag.al\/index.php\/wp-json\/wp\/v2\/media\/442033"}],"wp:attachment":[{"href":"https:\/\/www.hashtag.al\/index.php\/wp-json\/wp\/v2\/media?parent=442032"}],"wp:term":[{"taxonomy":"category","embeddable":true,"href":"https:\/\/www.hashtag.al\/index.php\/wp-json\/wp\/v2\/categories?post=442032"},{"taxonomy":"post_tag","embeddable":true,"href":"https:\/\/www.hashtag.al\/index.php\/wp-json\/wp\/v2\/tags?post=442032"}],"curies":[{"name":"wp","href":"https:\/\/api.w.org\/{rel}","templated":true}]}}