{"id":441876,"date":"2021-04-09T08:26:53","date_gmt":"2021-04-09T06:26:53","guid":{"rendered":"https:\/\/hashtag.al\/?p=441876"},"modified":"2021-04-09T08:26:24","modified_gmt":"2021-04-09T06:26:24","slug":"krejtesisht-cullak-burri-hyn-ne-fushen-e-blerte-ne-sfiden-granda-man-united-foto","status":"publish","type":"post","link":"https:\/\/www.hashtag.al\/index.php\/2021\/04\/09\/krejtesisht-cullak-burri-hyn-ne-fushen-e-blerte-ne-sfiden-granda-man-united-foto\/","title":{"rendered":"Krejt\u00ebsisht \u00e7ullak, burri hyn n\u00eb fush\u00ebn e blert\u00eb n\u00eb sfid\u00ebn Granda-Man.United (Foto)","gt_translate_keys":[{"key":"rendered","format":"text"}]},"content":{"rendered":"<p><img loading=\"lazy\" decoding=\"async\" class=\"aligncenter size-full wp-image-441877\" src=\"https:\/\/hashtag.al\/wp-content\/uploads\/2021\/04\/nudo1.jpg\" alt=\"\" width=\"842\" height=\"490\" srcset=\"https:\/\/www.hashtag.al\/wp-content\/uploads\/2021\/04\/nudo1.jpg 842w, https:\/\/www.hashtag.al\/wp-content\/uploads\/2021\/04\/nudo1-300x175.jpg 300w, https:\/\/www.hashtag.al\/wp-content\/uploads\/2021\/04\/nudo1-768x447.jpg 768w, https:\/\/www.hashtag.al\/wp-content\/uploads\/2021\/04\/nudo1-250x145.jpg 250w\" sizes=\"auto, (max-width: 842px) 100vw, 842px\" \/><\/p>\n<p>Gjat\u00eb ndeshjes Granada-Manchester United, e vlefshme p\u00ebr \u00e7erekfinalet e Europa League, ka ndodhur di\u00e7ka e habitshme.<\/p>\n<p>Edhe pse nuk ka tifoz\u00eb t\u00eb pranish\u00ebm n\u00eb stadium, nj\u00eb burr\u00eb, krejt\u00ebsisht nudo, u fut n\u00eb fush\u00eb, duke b\u00ebr\u00eb q\u00eb t\u00eb nd\u00ebrpritej p\u00ebrballja p\u00ebr disa minuta.<\/p>\n<p><img loading=\"lazy\" decoding=\"async\" class=\"aligncenter size-full wp-image-441879\" src=\"https:\/\/hashtag.al\/wp-content\/uploads\/2021\/04\/cA_maramartA_nez-granadac21-3-1-scaled.jpg\" alt=\"\" width=\"2560\" height=\"1707\" srcset=\"https:\/\/www.hashtag.al\/wp-content\/uploads\/2021\/04\/cA_maramartA_nez-granadac21-3-1-scaled.jpg 2560w, https:\/\/www.hashtag.al\/wp-content\/uploads\/2021\/04\/cA_maramartA_nez-granadac21-3-1-scaled-300x200.jpg 300w, https:\/\/www.hashtag.al\/wp-content\/uploads\/2021\/04\/cA_maramartA_nez-granadac21-3-1-scaled-768x512.jpg 768w, https:\/\/www.hashtag.al\/wp-content\/uploads\/2021\/04\/cA_maramartA_nez-granadac21-3-1-scaled-1024x683.jpg 1024w\" sizes=\"auto, (max-width: 2560px) 100vw, 2560px\" \/>Nuk dihet se si ka arritur ky person t\u00eb futet n\u00eb stadiumin \u201cNuevo Estadio de Los C\u00e1rmenes\u201d p\u00ebr shkak edhe t\u00eb mbylljes s\u00eb stadiumeve p\u00ebr tifoz\u00ebt tashm\u00eb prej nj\u00eb viti.<\/p>\n<p><img loading=\"lazy\" decoding=\"async\" class=\"aligncenter size-full wp-image-441880\" src=\"https:\/\/hashtag.al\/wp-content\/uploads\/2021\/04\/0_Granada-CF-v-Manchester-United-UEFA-Europa-League-Quarter-Final-Leg-One.jpg\" alt=\"\" width=\"615\" height=\"433\" srcset=\"https:\/\/www.hashtag.al\/wp-content\/uploads\/2021\/04\/0_Granada-CF-v-Manchester-United-UEFA-Europa-League-Quarter-Final-Leg-One.jpg 615w, https:\/\/www.hashtag.al\/wp-content\/uploads\/2021\/04\/0_Granada-CF-v-Manchester-United-UEFA-Europa-League-Quarter-Final-Leg-One-300x211.jpg 300w, https:\/\/www.hashtag.al\/wp-content\/uploads\/2021\/04\/0_Granada-CF-v-Manchester-United-UEFA-Europa-League-Quarter-Final-Leg-One-570x400.jpg 570w, https:\/\/www.hashtag.al\/wp-content\/uploads\/2021\/04\/0_Granada-CF-v-Manchester-United-UEFA-Europa-League-Quarter-Final-Leg-One-614x433.jpg 614w, https:\/\/www.hashtag.al\/wp-content\/uploads\/2021\/04\/0_Granada-CF-v-Manchester-United-UEFA-Europa-League-Quarter-Final-Leg-One-360x252.jpg 360w\" sizes=\"auto, (max-width: 615px) 100vw, 615px\" \/><\/p>\n","protected":false,"gt_translate_keys":[{"key":"rendered","format":"html"}]},"excerpt":{"rendered":"<p>Gjat\u00eb ndeshjes Granada-Manchester United, e vlefshme p\u00ebr \u00e7erekfinalet e Europa League, ka ndodhur di\u00e7ka e habitshme. Edhe pse nuk ka tifoz\u00eb t\u00eb pranish\u00ebm n\u00eb stadium, nj\u00eb burr\u00eb, krejt\u00ebsisht nudo, u fut n\u00eb fush\u00eb, duke b\u00ebr\u00eb q\u00eb t\u00eb nd\u00ebrpritej p\u00ebrballja p\u00ebr disa minuta. Nuk dihet se si ka arritur ky person t\u00eb futet n\u00eb stadiumin \u201cNuevo [&hellip;]<\/p>\n","protected":false,"gt_translate_keys":[{"key":"rendered","format":"html"}]},"author":32,"featured_media":441880,"comment_status":"open","ping_status":"open","sticky":false,"template":"","format":"standard","meta":{"footnotes":""},"categories":[53,13],"tags":[],"class_list":["post-441876","post","type-post","status-publish","format-standard","has-post-thumbnail","hentry","category-fast-foodi","category-te-fundit"],"gt_translate_keys":[{"key":"link","format":"url"}],"_links":{"self":[{"href":"https:\/\/www.hashtag.al\/index.php\/wp-json\/wp\/v2\/posts\/441876","targetHints":{"allow":["GET"]}}],"collection":[{"href":"https:\/\/www.hashtag.al\/index.php\/wp-json\/wp\/v2\/posts"}],"about":[{"href":"https:\/\/www.hashtag.al\/index.php\/wp-json\/wp\/v2\/types\/post"}],"author":[{"embeddable":true,"href":"https:\/\/www.hashtag.al\/index.php\/wp-json\/wp\/v2\/users\/32"}],"replies":[{"embeddable":true,"href":"https:\/\/www.hashtag.al\/index.php\/wp-json\/wp\/v2\/comments?post=441876"}],"version-history":[{"count":0,"href":"https:\/\/www.hashtag.al\/index.php\/wp-json\/wp\/v2\/posts\/441876\/revisions"}],"wp:featuredmedia":[{"embeddable":true,"href":"https:\/\/www.hashtag.al\/index.php\/wp-json\/wp\/v2\/media\/441880"}],"wp:attachment":[{"href":"https:\/\/www.hashtag.al\/index.php\/wp-json\/wp\/v2\/media?parent=441876"}],"wp:term":[{"taxonomy":"category","embeddable":true,"href":"https:\/\/www.hashtag.al\/index.php\/wp-json\/wp\/v2\/categories?post=441876"},{"taxonomy":"post_tag","embeddable":true,"href":"https:\/\/www.hashtag.al\/index.php\/wp-json\/wp\/v2\/tags?post=441876"}],"curies":[{"name":"wp","href":"https:\/\/api.w.org\/{rel}","templated":true}]}}