{"id":441822,"date":"2021-04-08T17:46:37","date_gmt":"2021-04-08T15:46:37","guid":{"rendered":"https:\/\/hashtag.al\/?p=441822"},"modified":"2021-04-08T17:46:37","modified_gmt":"2021-04-08T15:46:37","slug":"nje-sulltan-dhe-nje-divan","status":"publish","type":"post","link":"https:\/\/www.hashtag.al\/index.php\/2021\/04\/08\/nje-sulltan-dhe-nje-divan\/","title":{"rendered":"Nj\u00eb sulltan dhe nj\u00eb divan","gt_translate_keys":[{"key":"rendered","format":"text"}]},"content":{"rendered":"<p><span style=\"color: #000000;\"><em><strong><img loading=\"lazy\" decoding=\"async\" class=\"aligncenter size-full wp-image-441824\" src=\"https:\/\/hashtag.al\/wp-content\/uploads\/2021\/04\/WhatsApp-Image-2021-04-08-at-17.44.35-1.jpeg\" alt=\"\" width=\"1280\" height=\"866\" srcset=\"https:\/\/www.hashtag.al\/wp-content\/uploads\/2021\/04\/WhatsApp-Image-2021-04-08-at-17.44.35-1.jpeg 1280w, https:\/\/www.hashtag.al\/wp-content\/uploads\/2021\/04\/WhatsApp-Image-2021-04-08-at-17.44.35-1-300x203.jpeg 300w, https:\/\/www.hashtag.al\/wp-content\/uploads\/2021\/04\/WhatsApp-Image-2021-04-08-at-17.44.35-1-768x520.jpeg 768w, https:\/\/www.hashtag.al\/wp-content\/uploads\/2021\/04\/WhatsApp-Image-2021-04-08-at-17.44.35-1-1024x693.jpeg 1024w\" sizes=\"auto, (max-width: 1280px) 100vw, 1280px\" \/><\/strong><\/em><\/span><\/p>\n<p><span style=\"color: #000000;\"><em><strong>Nga Edon Qesari<\/strong><\/em><\/span><\/p>\n<p><span style=\"color: #000000;\">Bashkimi Evropian dhe Turqia, si\u00e7 edhe dihet gjer\u00ebsisht, nuk jan\u00eb n\u00eb periudh\u00ebn m\u00eb t\u00eb lumtur t\u00eb marr\u00ebdh\u00ebnies s\u00eb tyre diplomatike. <\/span><\/p>\n<p><span style=\"color: #000000;\">Nj\u00eb gjendjeje t\u00eb till\u00eb, t\u00eb ardhur p\u00ebr shkaq\u00eb politike (q\u00eb do t\u00eb ishte fort e m\u00ebrzitshme, si\u00e7 dhe pezmatuese, t\u00eb renditeshin k\u00ebtu), i shtohet edhe sikleti i paqart\u00ebsis\u00eb institucionale t\u00eb t\u00eb parit \u2013 i cili as vet\u00eb nuk e di se \u00e7far\u00eb \u00ebsht\u00eb, k\u00eb ka n\u00eb krye dhe si t\u00eb sillet brenda kornizave t\u00eb prera protokollare.<\/span><\/p>\n<p><span style=\"color: #000000;\">Dje dy krer\u00ebt institucional\u00eb m\u00eb t\u00eb lart\u00eb t\u00eb BE-s\u00eb, Presidentja e Komisionit Evropian, znj. Ursula von der Leyen dhe Presidenti i K\u00ebshillit Evropian z. Charles Michel zhvilluan nj\u00eb vizit\u00eb n\u00eb Ankara, e me k\u00ebt\u00eb rast pat\u00ebn nj\u00eb takim me Presidentin e Turqis\u00eb, z. Recep Tayyip Erdo\u011fan.<\/span><\/p>\n<p><span style=\"color: #000000;\">Ky i fundit, e din\u00eb t\u00eb gjith\u00eb \u2013 besoj se edhe krer\u00ebt evropian\u00eb! \u2013 mban mbi kok\u00eb dy kurora institucionale n\u00eb vendin e vet: at\u00eb t\u00eb kreut t\u00eb shtetit si dhe at\u00eb t\u00eb kreut t\u00eb qeveris\u00eb. <\/span><\/p>\n<p><span style=\"color: #000000;\">P\u00ebrkund\u00ebr, homolog\u00ebt e tij evropian\u00eb nuk e kan\u00eb shum\u00eb t\u00eb qart\u00eb se \u00e7far\u00eb roli luajn\u00eb; duke qen\u00eb se Presidenti i Komisionit \u00ebsht\u00eb, pak a shum\u00eb, n\u00eb krye t\u00eb nj\u00eb lloj ekzekutivi t\u00eb Bashkimit Evropian, nd\u00ebrsa Presidenti i K\u00ebshillit \u00ebsht\u00eb n\u00eb krye t\u00eb nj\u00eb legjislativi por q\u00eb mbledh bashk\u00eb gjith\u00eb krer\u00ebt e ekzekutiv\u00ebve an\u00ebtar\u00eb t\u00eb Bashkimit Evropian (n\u00eb mbledhjet e t\u00eb cilit \u00ebsht\u00eb i pranish\u00ebm, sidoqoft\u00eb, edhe Presidenti i Komisionit!).<\/span><\/p>\n<p><span style=\"color: #000000;\">\u00cbsht\u00eb b\u00ebr\u00eb e qart\u00eb se mes dy roleve, ai q\u00eb ka pushtet politik m\u00eb t\u00eb madh, \u00ebsht\u00eb Presidenti i Komisionit; nga ana tjet\u00ebr, mbetet e gjith\u00ebpranuar se figura m\u00eb e lart\u00eb p\u00ebrfaq\u00ebsuese n\u00eb \u00e7\u00ebshtjet nd\u00ebrkomb\u00ebtare \u00ebsht\u00eb ajo e Presidentit t\u00eb K\u00ebshillit \u2013 edhe pse Bashkimi Evropian, n\u00eb \u00e7\u00ebshtje nd\u00ebrkomb\u00ebtare \u00ebsht\u00eb nj\u00ebfar\u00eblloj rebus-i: nuk \u00ebsht\u00eb shtet, nuk \u00ebsht\u00eb organizat\u00eb, nuk p\u00ebrfaq\u00ebson politikat e jashtme t\u00eb vendeve an\u00ebtare dhe as nuk shprehet p\u00ebr to. <\/span><\/p>\n<p><span style=\"color: #000000;\">N\u00eb m\u00ebnyr\u00eb konvencionale \u00ebsht\u00eb r\u00ebn\u00eb dakord se dy figurat jan\u00eb n\u00eb ep\u00ebrsi t\u00eb barabart\u00eb institucionale kundrejt gjith\u00eb aparatit publik evropian.<\/span><\/p>\n<p><span style=\"color: #000000;\">Kthehemi tek vizita:<\/span><\/p>\n<p><span style=\"color: #000000;\">Erdo\u011fan-i, si pak pusht q\u00eb \u00ebsht\u00eb, i priti dy krer\u00ebt institucional\u00eb i mb\u00ebshtetur mbi protokollin vetjak: nj\u00eb karrige e lar\u00eb n\u00eb ar p\u00ebr Kreun e Shtetit (pra p\u00ebr veten), si dhe nj\u00eb divan paksa t\u00eb ve\u00e7uar p\u00ebr figur\u00ebn e dyt\u00eb menj\u00ebher\u00eb pas tij, at\u00eb t\u00eb ministrit t\u00eb jasht\u00ebm t\u00eb Turqis\u00eb. <\/span><\/p>\n<p><span style=\"color: #000000;\">E nj\u00ebjta gj\u00eb u ofrua edhe p\u00ebr mysafir\u00ebt, t\u00eb cil\u00ebt, duke qen\u00eb se q\u00eb n\u00eb nisje nuk e din\u00eb se kush \u00ebsht\u00eb mbi k\u00eb, nuk arrit\u00ebn ta zgjidhnin rebus-in as para Erdo\u011fan-it q\u00eb nuk humbi rast pa e shkalafitur pak dekorin e dob\u00ebt evropian.<\/span><\/p>\n<p><span style=\"color: #000000;\">K\u00ebshtu, z. Michel, Presidenti i K\u00ebshillit rendi t\u00eb ulej ball\u00eb Presidentit turk, nd\u00ebrsa znj. Von der Leyen mbeti si pem\u00eb dhe u ul n\u00eb divanin e vendosur n\u00eb nj\u00eb cep.<\/span><\/p>\n<p><span style=\"color: #000000;\">N\u00eb fund, gjith\u00e7ka mori p\u00ebrmasat e nj\u00eb p\u00ebrleshjeje bashk\u00ebshortore, duke qen\u00eb se me t\u2019u kthyer n\u00eb kasolle dy liderat evropian\u00eb nis\u00ebn t\u00eb grinden me tone \u201cE di ti se kush jam un\u00eb, apo jo?\u201d. <\/span><\/p>\n<p><span style=\"color: #000000;\">Nj\u00eb pjes\u00eb e Parlamentit Evropian u ngrit e indinjuar n\u00eb mb\u00ebshtetje t\u00eb znj. Von der Leyen, q\u00eb nuk u respektua n\u00eb cil\u00ebsin\u00eb e vet institucionale (por as n\u00eb terma xhentilese gjinore), e nj\u00eb pjes\u00eb, krah z. Michel, nxori p\u00ebrpara letrat e martes\u00ebs duke theksuar se kryefamiljari \u00ebsht\u00eb Presidenti i K\u00ebshillit.<\/span><\/p>\n<p><span style=\"color: #000000;\">Me pak fjal\u00eb, vajt\u00ebn t\u2019i gjuanin gomarit dhe p\u00ebrfunduan duke i r\u00ebn\u00eb samarit. Gallata e b\u00ebr\u00eb nga Erdo\u011fan-i thon\u00eb se ushton ende, nga korridoret e Ankaras\u00eb e deri n\u00eb Bosfor.<\/span><\/p>\n","protected":false,"gt_translate_keys":[{"key":"rendered","format":"html"}]},"excerpt":{"rendered":"<p>Nga Edon Qesari Bashkimi Evropian dhe Turqia, si\u00e7 edhe dihet gjer\u00ebsisht, nuk jan\u00eb n\u00eb periudh\u00ebn m\u00eb t\u00eb lumtur t\u00eb marr\u00ebdh\u00ebnies s\u00eb tyre diplomatike. Nj\u00eb gjendjeje t\u00eb till\u00eb, t\u00eb ardhur p\u00ebr shkaq\u00eb politike (q\u00eb do t\u00eb ishte fort e m\u00ebrzitshme, si\u00e7 dhe pezmatuese, t\u00eb renditeshin k\u00ebtu), i shtohet edhe sikleti i paqart\u00ebsis\u00eb institucionale t\u00eb t\u00eb parit [&hellip;]<\/p>\n","protected":false,"gt_translate_keys":[{"key":"rendered","format":"html"}]},"author":51,"featured_media":441823,"comment_status":"open","ping_status":"open","sticky":false,"template":"","format":"standard","meta":{"footnotes":""},"categories":[23],"tags":[],"class_list":["post-441822","post","type-post","status-publish","format-standard","has-post-thumbnail","hentry","category-editorial"],"gt_translate_keys":[{"key":"link","format":"url"}],"_links":{"self":[{"href":"https:\/\/www.hashtag.al\/index.php\/wp-json\/wp\/v2\/posts\/441822","targetHints":{"allow":["GET"]}}],"collection":[{"href":"https:\/\/www.hashtag.al\/index.php\/wp-json\/wp\/v2\/posts"}],"about":[{"href":"https:\/\/www.hashtag.al\/index.php\/wp-json\/wp\/v2\/types\/post"}],"author":[{"embeddable":true,"href":"https:\/\/www.hashtag.al\/index.php\/wp-json\/wp\/v2\/users\/51"}],"replies":[{"embeddable":true,"href":"https:\/\/www.hashtag.al\/index.php\/wp-json\/wp\/v2\/comments?post=441822"}],"version-history":[{"count":0,"href":"https:\/\/www.hashtag.al\/index.php\/wp-json\/wp\/v2\/posts\/441822\/revisions"}],"wp:featuredmedia":[{"embeddable":true,"href":"https:\/\/www.hashtag.al\/index.php\/wp-json\/wp\/v2\/media\/441823"}],"wp:attachment":[{"href":"https:\/\/www.hashtag.al\/index.php\/wp-json\/wp\/v2\/media?parent=441822"}],"wp:term":[{"taxonomy":"category","embeddable":true,"href":"https:\/\/www.hashtag.al\/index.php\/wp-json\/wp\/v2\/categories?post=441822"},{"taxonomy":"post_tag","embeddable":true,"href":"https:\/\/www.hashtag.al\/index.php\/wp-json\/wp\/v2\/tags?post=441822"}],"curies":[{"name":"wp","href":"https:\/\/api.w.org\/{rel}","templated":true}]}}