{"id":441765,"date":"2021-04-08T13:22:19","date_gmt":"2021-04-08T11:22:19","guid":{"rendered":"https:\/\/hashtag.al\/?p=441765"},"modified":"2021-04-08T13:25:05","modified_gmt":"2021-04-08T11:25:05","slug":"rama-metes-ilir-plani-yt-me-saliun-per-bllokimin-e-vaksinimit-deshtoi-dokrrat-me-auditime-vazhdoji-me-leshkon-ne-skutat-e-ofl-se","status":"publish","type":"post","link":"https:\/\/www.hashtag.al\/index.php\/2021\/04\/08\/rama-metes-ilir-plani-yt-me-saliun-per-bllokimin-e-vaksinimit-deshtoi-dokrrat-me-auditime-vazhdoji-me-leshkon-ne-skutat-e-ofl-se\/","title":{"rendered":"Rama-Met\u00ebs: Ilir, plani yt me Saliun p\u00ebr bllokimin e vaksinimit d\u00ebshtoi, dokrrat me auditime vazhdoji me Leshkon n\u00eb skutat e OFL-s\u00eb","gt_translate_keys":[{"key":"rendered","format":"text"}]},"content":{"rendered":"<p><span style=\"color: #000000;\"><img loading=\"lazy\" decoding=\"async\" class=\"aligncenter size-full wp-image-441767\" src=\"https:\/\/hashtag.al\/wp-content\/uploads\/2021\/04\/rama2-1.jpg\" alt=\"\" width=\"1280\" height=\"720\" srcset=\"https:\/\/www.hashtag.al\/wp-content\/uploads\/2021\/04\/rama2-1.jpg 1280w, https:\/\/www.hashtag.al\/wp-content\/uploads\/2021\/04\/rama2-1-300x169.jpg 300w, https:\/\/www.hashtag.al\/wp-content\/uploads\/2021\/04\/rama2-1-768x432.jpg 768w, https:\/\/www.hashtag.al\/wp-content\/uploads\/2021\/04\/rama2-1-1024x576.jpg 1024w\" sizes=\"auto, (max-width: 1280px) 100vw, 1280px\" \/><\/span><\/p>\n<p><span style=\"color: #000000;\">Kryeministri Rama ka sh\u00ebnjestruar presidentin Meta dhe ish-kryeministrin Berisha n\u00eb nj\u00eb postim tijin n\u00eb Twitter. <\/span><\/p>\n<p><span style=\"color: #000000;\">Kreu i qeveris\u00eb shkruan se plani i tij dhe Berish\u00ebs e bllokimin e vaksinimit dhe rikthimin e rrumpall\u00ebs n\u00eb prag t\u00eb zgjedhjeve ka d\u00ebshtuar. <\/span><\/p>\n<p><span style=\"color: #000000;\">Po k\u00ebshtu, Rama shkruan se dokrrat me auditime, Meta mund t\u2019i vijoj\u00eb n\u00eb skutat e OFL-s\u00eb me Leshkon e Leskon.<\/span><\/p>\n<p><span style=\"color: #000000;\"><em>&#8220;Ilir kam nj\u00eb lajm t\u00eb keq p\u00ebr ty: Vaksinat vijn\u00eb sot dhe fluturimet rifillojn\u00eb normalisht nes\u00ebr! Plani yt me Saliun p\u00ebr bllokimin e vaksinimit e rikthimin e Rrunpall\u00ebs n\u00eb prag t\u00eb zgjedhjeve d\u00ebshtoi! Dokrrat me reflektime e auditime, vazhdoji me Leshkon dhe Leskon n\u00eb skutat e OFL.&#8221; &#8211; <\/em>shkruan Rama.<\/span><\/p>\n<p><span style=\"color: #000000;\">Reagimi i kreut t\u00eb qeveris\u00eb vjen pasi presidenti Meta urdh\u00ebroi KLSH-n\u00eb q\u00eb t\u00eb nis\u00eb nj\u00eb audutim t\u00eb plot\u00eb ndaj kompanis\u00eb Albcontrol pas situat\u00ebs s\u00eb krijuar n\u00eb aeroportin e Rinasit dit\u00ebn e djeshme.<\/span><\/p>\n<p><span style=\"color: #000000;\">Dit\u00ebn e djeshme kryeministri Rama akuzoi Met\u00ebn e Berish\u00ebn si organizator\u00ebt e bllokimit t\u00eb aeroportit t\u00eb Rinasit.<\/span><\/p>\n<p><span style=\"color: #000000;\"><img loading=\"lazy\" decoding=\"async\" class=\"aligncenter size-full wp-image-441766\" src=\"https:\/\/hashtag.al\/wp-content\/uploads\/2021\/04\/ramameta.jpg\" alt=\"\" width=\"730\" height=\"370\" srcset=\"https:\/\/www.hashtag.al\/wp-content\/uploads\/2021\/04\/ramameta.jpg 730w, https:\/\/www.hashtag.al\/wp-content\/uploads\/2021\/04\/ramameta-300x152.jpg 300w\" sizes=\"auto, (max-width: 730px) 100vw, 730px\" \/><\/span><\/p>\n","protected":false,"gt_translate_keys":[{"key":"rendered","format":"html"}]},"excerpt":{"rendered":"<p>Kryeministri Rama ka sh\u00ebnjestruar presidentin Meta dhe ish-kryeministrin Berisha n\u00eb nj\u00eb postim tijin n\u00eb Twitter. Kreu i qeveris\u00eb shkruan se plani i tij dhe Berish\u00ebs e bllokimin e vaksinimit dhe rikthimin e rrumpall\u00ebs n\u00eb prag t\u00eb zgjedhjeve ka d\u00ebshtuar. Po k\u00ebshtu, Rama shkruan se dokrrat me auditime, Meta mund t\u2019i vijoj\u00eb n\u00eb skutat e OFL-s\u00eb [&hellip;]<\/p>\n","protected":false,"gt_translate_keys":[{"key":"rendered","format":"html"}]},"author":51,"featured_media":441767,"comment_status":"open","ping_status":"open","sticky":false,"template":"","format":"standard","meta":{"footnotes":""},"categories":[65,13],"tags":[],"class_list":["post-441765","post","type-post","status-publish","format-standard","has-post-thumbnail","hentry","category-lajme","category-te-fundit"],"gt_translate_keys":[{"key":"link","format":"url"}],"_links":{"self":[{"href":"https:\/\/www.hashtag.al\/index.php\/wp-json\/wp\/v2\/posts\/441765","targetHints":{"allow":["GET"]}}],"collection":[{"href":"https:\/\/www.hashtag.al\/index.php\/wp-json\/wp\/v2\/posts"}],"about":[{"href":"https:\/\/www.hashtag.al\/index.php\/wp-json\/wp\/v2\/types\/post"}],"author":[{"embeddable":true,"href":"https:\/\/www.hashtag.al\/index.php\/wp-json\/wp\/v2\/users\/51"}],"replies":[{"embeddable":true,"href":"https:\/\/www.hashtag.al\/index.php\/wp-json\/wp\/v2\/comments?post=441765"}],"version-history":[{"count":0,"href":"https:\/\/www.hashtag.al\/index.php\/wp-json\/wp\/v2\/posts\/441765\/revisions"}],"wp:featuredmedia":[{"embeddable":true,"href":"https:\/\/www.hashtag.al\/index.php\/wp-json\/wp\/v2\/media\/441767"}],"wp:attachment":[{"href":"https:\/\/www.hashtag.al\/index.php\/wp-json\/wp\/v2\/media?parent=441765"}],"wp:term":[{"taxonomy":"category","embeddable":true,"href":"https:\/\/www.hashtag.al\/index.php\/wp-json\/wp\/v2\/categories?post=441765"},{"taxonomy":"post_tag","embeddable":true,"href":"https:\/\/www.hashtag.al\/index.php\/wp-json\/wp\/v2\/tags?post=441765"}],"curies":[{"name":"wp","href":"https:\/\/api.w.org\/{rel}","templated":true}]}}