{"id":441755,"date":"2021-04-08T13:04:08","date_gmt":"2021-04-08T11:04:08","guid":{"rendered":"https:\/\/hashtag.al\/?p=441755"},"modified":"2021-04-08T13:23:23","modified_gmt":"2021-04-08T11:23:23","slug":"une-humbas-punen-cfare-thone-pasagjeret-e-bllokuar-ne-aeroport-pas-greves-se-kontrolloreve","status":"publish","type":"post","link":"https:\/\/www.hashtag.al\/index.php\/2021\/04\/08\/une-humbas-punen-cfare-thone-pasagjeret-e-bllokuar-ne-aeroport-pas-greves-se-kontrolloreve\/","title":{"rendered":"\u201cUn\u00eb humbas pun\u00ebn\u201d &#8211; \u00c7far\u00eb thon\u00eb pasagjer\u00ebt e bllokuar n\u00eb aeroport pas grev\u00ebs s\u00eb kontrollor\u00ebve","gt_translate_keys":[{"key":"rendered","format":"text"}]},"content":{"rendered":"<p><a href=\"https:\/\/hashtag.al\/wp-content\/uploads\/2021\/04\/pasagjeret-Rinas.jpg\"><img loading=\"lazy\" decoding=\"async\" class=\"aligncenter size-full wp-image-441759\" src=\"https:\/\/hashtag.al\/wp-content\/uploads\/2021\/04\/pasagjeret-Rinas.jpg\" alt=\"\" width=\"1804\" height=\"660\" srcset=\"https:\/\/www.hashtag.al\/wp-content\/uploads\/2021\/04\/pasagjeret-Rinas.jpg 1804w, https:\/\/www.hashtag.al\/wp-content\/uploads\/2021\/04\/pasagjeret-Rinas-300x110.jpg 300w, https:\/\/www.hashtag.al\/wp-content\/uploads\/2021\/04\/pasagjeret-Rinas-768x281.jpg 768w, https:\/\/www.hashtag.al\/wp-content\/uploads\/2021\/04\/pasagjeret-Rinas-1024x375.jpg 1024w\" sizes=\"auto, (max-width: 1804px) 100vw, 1804px\" \/><\/a><\/p>\n<p><span style=\"color: #000000;\">Me mij\u00ebra qytetar\u00eb jan\u00eb n\u00eb pritje t\u00eb rinisjes s\u00eb fluturimeve n\u00eb aeroportin e Rinasit, t\u00eb cilat u bllokuan pas grev\u00ebs s\u00eb kontrollor\u00ebve t\u00eb trafikut ajror duke krijuar nj\u00eb rast t\u00eb paprecedent.<\/span><\/p>\n<p><span style=\"color: #000000;\">N\u00eb aeroport po presin burra, gra, pleq e f\u00ebmij\u00eb, t\u00eb cil\u00ebt kan\u00eb prer\u00eb biletat p\u00ebr t\u00eb udh\u00ebtuar, por p\u00ebr shkak t\u00eb anulimit t\u00eb fluturimeve n\u00eb moment t\u00eb fundit, kan\u00eb mbetur n\u00eb Rinas.<\/span><\/p>\n<p><span style=\"color: #000000;\">Deri pak m\u00eb par\u00eb ishin anuluar fluturimi p\u00ebr n\u00eb Bergamo, Stamboll dhe n\u00eb Piza. Por tanim\u00eb mbeten t\u00eb anuluara t\u00eb gjitha fluturimet komerciale t\u00eb parashikuara p\u00ebr sot.<\/span><\/p>\n<p><span style=\"color: #000000;\"><em>\u201cNe nuk kemi faj p\u00ebr problemin q\u00eb kan\u00eb k\u00ebta. Ne kemi pun\u00eb, jemi familjar\u00eb.<\/em>\u201d- tregon nj\u00eb nga qytetar\u00ebt q\u00eb jan\u00eb n\u00eb pritje, p\u00ebr \u201cBalkanweb\u201d.<\/span><\/p>\n<p><iframe loading=\"lazy\" title=\"\u201cS\u2019ka avion, do iki n\u00eb sht\u00ebpi\u201d,pasagjer\u00ebt bllokohen pas protestave n\u00eb aeroport:Kemi 2 jav\u00eb q\u00eb ...\" width=\"1170\" height=\"658\" src=\"https:\/\/www.youtube.com\/embed\/JoYuJHg-fyA?feature=oembed\" frameborder=\"0\" allow=\"accelerometer; autoplay; clipboard-write; encrypted-media; gyroscope; picture-in-picture\" allowfullscreen><\/iframe><\/p>\n<p><span style=\"color: #000000;\">Sa i p\u00ebrket protest\u00ebs s\u00eb kontrollor\u00ebve, ata shprehen se mund t\u00eb ken\u00eb arsyet e veta dhe nuk i paragjykojn\u00eb, por ama ata s\u2019mund t\u00eb humbasin vendet e pun\u00ebs vet\u00ebm p\u00ebr shkak t\u00eb k\u00ebsaj.<\/span><\/p>\n<p><em><span style=\"color: #000000;\">\u201cP\u00ebr momentin jam pa plan. Kompania thot\u00eb rri n\u00eb hotel, ndonj\u00eb informat\u00eb m\u00eb t\u00eb sakt\u00eb nuk kemi. Fluturimin e kishim dje n\u00eb or\u00ebn 13:00, mb\u00ebrrit\u00ebm n\u00eb 11:00, b\u00ebm\u00eb check-in, por u anulua.<\/span><\/em><br \/>\n<span style=\"color: #000000;\"><em>Sa i p\u00ebrket protest\u00ebs, kjo mund t\u00eb m\u00eb ndodh\u00eb dhe mua se edhe un\u00eb jam familjar dhe f\u00ebmij\u00ebt i mbaj me k\u00ebt\u00eb rrog\u00eb. Ata kan\u00eb arsyet e veta pse e kan\u00eb marr\u00eb k\u00ebt\u00eb vendim dhe nuk kam asnj\u00eb koment negativ t\u2019i shpreh, por q\u00eb t\u00eb b\u00ebhet zhbllokimi sa m\u00eb i shpejt\u00eb, t\u00eb na tregojn\u00eb o t\u00eb shkojm\u00eb me traget, ose n\u00eb Kosov\u00eb, q\u00eb mos t\u00eb mbetemi k\u00ebtu. Un\u00eb e humb pun\u00ebn, kam dhe takim n\u00eb Itali p\u00ebr dokumente familjare. E mira \u00ebsht\u00eb nj\u00eb zgjidhje.\u201d<\/em>&#8211; thot\u00eb nj\u00eb tjet\u00ebr qytetar.<\/span><\/p>\n<p><iframe loading=\"lazy\" title=\"\u201cAta kan\u00eb arsyet e veta,si paragjykojm\u00eb\u201d,qytetar\u00ebt flasin pas anulimit t\u00eb fluturimeve:Shteti duhet..\" width=\"1170\" height=\"658\" src=\"https:\/\/www.youtube.com\/embed\/eop8AreinKY?feature=oembed\" frameborder=\"0\" allow=\"accelerometer; autoplay; clipboard-write; encrypted-media; gyroscope; picture-in-picture\" allowfullscreen><\/iframe><\/p>\n<p><span style=\"color: #000000;\">P\u00ebrve\u00e7 atyre q\u00eb k\u00ebrkojn\u00eb t\u00eb udh\u00ebtojn\u00eb p\u00ebr pun\u00eb, ka edhe nga ata q\u00eb udh\u00ebtojn\u00eb p\u00ebr arsye sh\u00ebndet\u00ebsore apo p\u00ebr \u00e7\u00ebshtje dokumentesh. Nj\u00eb pjes\u00eb e qytetar\u00ebve nga Shqip\u00ebria jan\u00eb kthyer n\u00eb sht\u00ebpit\u00eb e tyre, mir\u00ebpo ata nga Kosova apo n\u00eb qytete t\u00eb larg\u00ebta t\u00eb vendit, jan\u00eb t\u00eb detyruar t\u00eb q\u00ebndrojn\u00eb n\u00eb hotele.<\/span><\/p>\n<p><span style=\"color: #000000;\">Nj\u00eb pjes\u00eb e tyre po shqyrtojn\u00eb mund\u00ebsin\u00eb e t\u00eb udh\u00ebtuarit me traget, t\u00eb pakt\u00ebn ata q\u00eb kan\u00eb si destinacion Italin\u00eb.<\/span><\/p>\n<p><span style=\"color: #000000;\">Ministrja e Infrastruktur\u00ebs dhe e Energjis\u00eb Belinda Balluku sapo doli n\u00eb nj\u00eb deklarat\u00eb p\u00ebr mediet nga Rinasi, ku dha lajmin se do t\u00eb riniste menj\u00ebher\u00eb puna n\u00eb aeroport, mir\u00ebpo vet\u00ebm p\u00ebr ato fluturime q\u00eb jan\u00eb thelb\u00ebsore: Ku p\u00ebrfshihen udh\u00ebtimet p\u00ebr arsye diplomatike, shtet\u00ebrore, ushtarake, humanitare, emergjente. Por p\u00ebr udh\u00ebtimet komerciale po punohet q\u00eb t\u00eb rinisin t\u00eb premten.<\/span><\/p>\n<p><span style=\"color: #000000;\">K\u00ebshtu q\u00eb p\u00ebrgjat\u00eb gjith\u00eb dit\u00ebs s\u00eb sotme, t\u00eb gjitha fluturimet komerciale do t\u00eb vijojn\u00eb t\u00eb mbeten t\u00eb pezulluara, duke i l\u00ebn\u00eb qytetar\u00ebt n\u00eb pritje.<\/span><\/p>\n","protected":false,"gt_translate_keys":[{"key":"rendered","format":"html"}]},"excerpt":{"rendered":"<p>Me mij\u00ebra qytetar\u00eb jan\u00eb n\u00eb pritje t\u00eb rinisjes s\u00eb fluturimeve n\u00eb aeroportin e Rinasit, t\u00eb cilat u bllokuan pas grev\u00ebs s\u00eb kontrollor\u00ebve t\u00eb trafikut ajror duke krijuar nj\u00eb rast t\u00eb paprecedent. N\u00eb aeroport po presin burra, gra, pleq e f\u00ebmij\u00eb, t\u00eb cil\u00ebt kan\u00eb prer\u00eb biletat p\u00ebr t\u00eb udh\u00ebtuar, por p\u00ebr shkak t\u00eb anulimit t\u00eb fluturimeve [&hellip;]<\/p>\n","protected":false,"gt_translate_keys":[{"key":"rendered","format":"html"}]},"author":30,"featured_media":441759,"comment_status":"open","ping_status":"open","sticky":false,"template":"","format":"standard","meta":{"footnotes":""},"categories":[65,13],"tags":[],"class_list":["post-441755","post","type-post","status-publish","format-standard","has-post-thumbnail","hentry","category-lajme","category-te-fundit"],"gt_translate_keys":[{"key":"link","format":"url"}],"_links":{"self":[{"href":"https:\/\/www.hashtag.al\/index.php\/wp-json\/wp\/v2\/posts\/441755","targetHints":{"allow":["GET"]}}],"collection":[{"href":"https:\/\/www.hashtag.al\/index.php\/wp-json\/wp\/v2\/posts"}],"about":[{"href":"https:\/\/www.hashtag.al\/index.php\/wp-json\/wp\/v2\/types\/post"}],"author":[{"embeddable":true,"href":"https:\/\/www.hashtag.al\/index.php\/wp-json\/wp\/v2\/users\/30"}],"replies":[{"embeddable":true,"href":"https:\/\/www.hashtag.al\/index.php\/wp-json\/wp\/v2\/comments?post=441755"}],"version-history":[{"count":0,"href":"https:\/\/www.hashtag.al\/index.php\/wp-json\/wp\/v2\/posts\/441755\/revisions"}],"wp:featuredmedia":[{"embeddable":true,"href":"https:\/\/www.hashtag.al\/index.php\/wp-json\/wp\/v2\/media\/441759"}],"wp:attachment":[{"href":"https:\/\/www.hashtag.al\/index.php\/wp-json\/wp\/v2\/media?parent=441755"}],"wp:term":[{"taxonomy":"category","embeddable":true,"href":"https:\/\/www.hashtag.al\/index.php\/wp-json\/wp\/v2\/categories?post=441755"},{"taxonomy":"post_tag","embeddable":true,"href":"https:\/\/www.hashtag.al\/index.php\/wp-json\/wp\/v2\/tags?post=441755"}],"curies":[{"name":"wp","href":"https:\/\/api.w.org\/{rel}","templated":true}]}}