{"id":441707,"date":"2021-04-08T11:38:41","date_gmt":"2021-04-08T09:38:41","guid":{"rendered":"https:\/\/hashtag.al\/?p=441707"},"modified":"2021-04-08T11:41:01","modified_gmt":"2021-04-08T09:41:01","slug":"je-kukull-rama-pyet-bashen-nga-dropulli-cfare-mendon-per-bllokimin-e-aeroportit-pak-dite-para-stervitjes-me-te-madhe-ushtarake","status":"publish","type":"post","link":"https:\/\/www.hashtag.al\/index.php\/2021\/04\/08\/je-kukull-rama-pyet-bashen-nga-dropulli-cfare-mendon-per-bllokimin-e-aeroportit-pak-dite-para-stervitjes-me-te-madhe-ushtarake\/","title":{"rendered":"&#8220;Je kukull&#8221;- Rama pyet Bash\u00ebn nga Dropulli: \u00c7far\u00eb mendon p\u00ebr bllokimin e aeroportit, pak dit\u00eb para st\u00ebrvitjes m\u00eb t\u00eb madhe ushtarake","gt_translate_keys":[{"key":"rendered","format":"text"}]},"content":{"rendered":"<p><a href=\"https:\/\/hashtag.al\/wp-content\/uploads\/2021\/04\/e.jpg\"><img loading=\"lazy\" decoding=\"async\" class=\"aligncenter size-full wp-image-441691\" src=\"https:\/\/hashtag.al\/wp-content\/uploads\/2021\/04\/e.jpg\" alt=\"\" width=\"975\" height=\"525\" srcset=\"https:\/\/www.hashtag.al\/wp-content\/uploads\/2021\/04\/e.jpg 975w, https:\/\/www.hashtag.al\/wp-content\/uploads\/2021\/04\/e-300x162.jpg 300w, https:\/\/www.hashtag.al\/wp-content\/uploads\/2021\/04\/e-768x414.jpg 768w\" sizes=\"auto, (max-width: 975px) 100vw, 975px\" \/><\/a><\/p>\n<p><span style=\"color: #000000;\">Nga nj\u00eb takim n\u00eb Dropull, kryeministri Edi Rama ka pyetur kreun e opozit\u00ebs Lulzim Basha se \u00e7far\u00eb mendon p\u00ebr bllokimin e aeroportit.<\/span><\/p>\n<p><span style=\"color: #000000;\">Ai e ka quajtur Bash\u00ebn nj\u00eb \u201ckukull\u201d, pasi m\u00eb her\u00ebt kishte faj\u00ebsuar presidentin Ilir Meta dhe ish-kryeministrin Sali Berisha p\u00ebr situat\u00ebn e krijuar n\u00eb aeroportin e Rinasit, q\u00eb Rama e ka konsideruar nj\u00eb<em> \u201cp\u00ebrpjekje \u00e7mendurake p\u00ebr t\u00eb marr\u00eb peng vendin\u201d.<\/em><\/span><\/p>\n<p><span style=\"color: #000000;\">Rama konfirmoi se bllokimi vjen pak jav\u00eb para st\u00ebrvitjes m\u00eb t\u00eb madhe ushtarake t\u00eb b\u00ebr\u00eb ndonj\u00ebher\u00eb n\u00eb rajon me NATO-n e SHBA-t\u00eb, dhe se kjo situat\u00eb po e kthen Shqip\u00ebrin\u00eb n\u00eb \u201clolo\u201d.<\/span><\/p>\n<p><span style=\"color: #000000;\"><em>\u201cAjo q\u00eb ka ndodhur \u00ebsht\u00eb nj\u00eb kamban\u00eb alarmi p\u00ebr t\u00eb gjith\u00eb p\u00ebr t\u00eb kuptuar at\u00eb q\u00eb un\u00eb po e p\u00ebrs\u00ebris. Lulzim Basha \u00ebsht\u00eb nj\u00eb kukull, ku \u00ebsht\u00eb Lulzim Basha? \u00c7far\u00eb mendon ai p\u00ebr \u00e7\u00ebshtjen e aeroportit, \u00e7far\u00eb mendon ai p\u00ebr bllokimin e k\u00ebtij aktiviteti jetik? \u00c7far\u00eb mendon ai p\u00ebr pengmarrjen e kull\u00ebs s\u00eb kontrollit ajror t\u00eb Shqip\u00ebris\u00eb, vet\u00ebm pak jav\u00eb para st\u00ebrvitjes ushtarake m\u00eb t\u00eb madhe t\u00eb b\u00ebr\u00eb ndonj\u00ebher\u00eb n\u00eb gjith\u00eb rajonin ton\u00eb me NATO-n dhe forcat e SHBA-ve. Si mund t\u00eb b\u00ebhet Shqip\u00ebria lolo? Ku duan t\u00eb din\u00eb ata. Kan\u00eb kaq vite q\u00eb angazhohen vet\u00ebm p\u00ebr k\u00ebt\u00eb. Logjik\u00eb \u00e7etash, pirat\u00ebsh.\u201d-<\/em> deklaroi Rama.<\/span><\/p>\n<p><a href=\"https:\/\/hashtag.al\/wp-content\/uploads\/2021\/04\/rama-7.jpg\"><img loading=\"lazy\" decoding=\"async\" class=\"aligncenter size-full wp-image-441694\" src=\"https:\/\/hashtag.al\/wp-content\/uploads\/2021\/04\/rama-7.jpg\" alt=\"\" width=\"970\" height=\"530\" srcset=\"https:\/\/www.hashtag.al\/wp-content\/uploads\/2021\/04\/rama-7.jpg 970w, https:\/\/www.hashtag.al\/wp-content\/uploads\/2021\/04\/rama-7-300x164.jpg 300w, https:\/\/www.hashtag.al\/wp-content\/uploads\/2021\/04\/rama-7-768x420.jpg 768w\" sizes=\"auto, (max-width: 970px) 100vw, 970px\" \/><\/a><\/p>\n","protected":false,"gt_translate_keys":[{"key":"rendered","format":"html"}]},"excerpt":{"rendered":"<p>Nga nj\u00eb takim n\u00eb Dropull, kryeministri Edi Rama ka pyetur kreun e opozit\u00ebs Lulzim Basha se \u00e7far\u00eb mendon p\u00ebr bllokimin e aeroportit. Ai e ka quajtur Bash\u00ebn nj\u00eb \u201ckukull\u201d, pasi m\u00eb her\u00ebt kishte faj\u00ebsuar presidentin Ilir Meta dhe ish-kryeministrin Sali Berisha p\u00ebr situat\u00ebn e krijuar n\u00eb aeroportin e Rinasit, q\u00eb Rama e ka konsideruar nj\u00eb [&hellip;]<\/p>\n","protected":false,"gt_translate_keys":[{"key":"rendered","format":"html"}]},"author":30,"featured_media":441691,"comment_status":"open","ping_status":"open","sticky":false,"template":"","format":"standard","meta":{"footnotes":""},"categories":[65,13],"tags":[],"class_list":["post-441707","post","type-post","status-publish","format-standard","has-post-thumbnail","hentry","category-lajme","category-te-fundit"],"gt_translate_keys":[{"key":"link","format":"url"}],"_links":{"self":[{"href":"https:\/\/www.hashtag.al\/index.php\/wp-json\/wp\/v2\/posts\/441707","targetHints":{"allow":["GET"]}}],"collection":[{"href":"https:\/\/www.hashtag.al\/index.php\/wp-json\/wp\/v2\/posts"}],"about":[{"href":"https:\/\/www.hashtag.al\/index.php\/wp-json\/wp\/v2\/types\/post"}],"author":[{"embeddable":true,"href":"https:\/\/www.hashtag.al\/index.php\/wp-json\/wp\/v2\/users\/30"}],"replies":[{"embeddable":true,"href":"https:\/\/www.hashtag.al\/index.php\/wp-json\/wp\/v2\/comments?post=441707"}],"version-history":[{"count":0,"href":"https:\/\/www.hashtag.al\/index.php\/wp-json\/wp\/v2\/posts\/441707\/revisions"}],"wp:featuredmedia":[{"embeddable":true,"href":"https:\/\/www.hashtag.al\/index.php\/wp-json\/wp\/v2\/media\/441691"}],"wp:attachment":[{"href":"https:\/\/www.hashtag.al\/index.php\/wp-json\/wp\/v2\/media?parent=441707"}],"wp:term":[{"taxonomy":"category","embeddable":true,"href":"https:\/\/www.hashtag.al\/index.php\/wp-json\/wp\/v2\/categories?post=441707"},{"taxonomy":"post_tag","embeddable":true,"href":"https:\/\/www.hashtag.al\/index.php\/wp-json\/wp\/v2\/tags?post=441707"}],"curies":[{"name":"wp","href":"https:\/\/api.w.org\/{rel}","templated":true}]}}