{"id":441598,"date":"2021-04-07T21:38:30","date_gmt":"2021-04-07T19:38:30","guid":{"rendered":"https:\/\/hashtag.al\/?p=441598"},"modified":"2021-04-07T21:38:30","modified_gmt":"2021-04-07T19:38:30","slug":"aksident-te-rruga-e-kavajes-makina-humb-kontrollin-dhe-perplas-makinat-e-parkuara","status":"publish","type":"post","link":"https:\/\/www.hashtag.al\/index.php\/2021\/04\/07\/aksident-te-rruga-e-kavajes-makina-humb-kontrollin-dhe-perplas-makinat-e-parkuara\/","title":{"rendered":"Aksident te Rruga e Kavaj\u00ebs, makina humb kontrollin dhe p\u00ebrplas makinat e parkuara","gt_translate_keys":[{"key":"rendered","format":"text"}]},"content":{"rendered":"<p><span style=\"color: #000000;\"><img loading=\"lazy\" decoding=\"async\" class=\"aligncenter size-full wp-image-292939\" src=\"https:\/\/hashtag.al\/wp-content\/uploads\/2019\/04\/aksident-naten-policia.jpg\" alt=\"\" width=\"900\" height=\"635\" srcset=\"https:\/\/www.hashtag.al\/wp-content\/uploads\/2019\/04\/aksident-naten-policia.jpg 900w, https:\/\/www.hashtag.al\/wp-content\/uploads\/2019\/04\/aksident-naten-policia-300x212.jpg 300w, https:\/\/www.hashtag.al\/wp-content\/uploads\/2019\/04\/aksident-naten-policia-768x542.jpg 768w\" sizes=\"auto, (max-width: 900px) 100vw, 900px\" \/><\/span><\/p>\n<p><span style=\"color: #000000;\">Nj\u00eb aksident ka ndodhur mbr\u00ebmjen e sotme n\u00eb Rrug\u00ebn e Kavaj\u00ebs ku nj\u00eb mjet ka p\u00ebrplasur disa automjete t\u00eb parkuara.<\/span><\/p>\n<p><span style=\"color: #000000;\">Aksidenti ndodhur rreth or\u00ebs 20:35, n\u00eb rrug\u00ebn e \u201cKavaj\u00ebs\u201d, ku shtetasi L. B., 21 vje\u00e7, ka humbur kontrollin e mjetit dhe \u00ebsht\u00eb\u00a0p\u00ebrplasur me disa mjete t\u00eb parkuara aty n\u00eb af\u00ebrsi.<\/span><\/p>\n<p><span style=\"color: #000000;\">Si pasoj\u00eb e aksidentit \u00ebsht\u00eb d\u00ebmtuar drejtuesi i mjetit dhe pasagjerja n\u00eb mjet shtetasja A. A., 19 vje\u00e7e, t\u00eb cil\u00ebt ndodhen n\u00eb spital, n\u00ebn kujdesin e mjek\u00ebve.<\/span><\/p>\n<p><span style=\"color: #000000;\">Vijon puna nga grupi hetimor p\u00ebr sqarimin e rrethanave t\u00eb ngjarjes.<\/span><\/p>\n","protected":false,"gt_translate_keys":[{"key":"rendered","format":"html"}]},"excerpt":{"rendered":"<p>Nj\u00eb aksident ka ndodhur mbr\u00ebmjen e sotme n\u00eb Rrug\u00ebn e Kavaj\u00ebs ku nj\u00eb mjet ka p\u00ebrplasur disa automjete t\u00eb parkuara. Aksidenti ndodhur rreth or\u00ebs 20:35, n\u00eb rrug\u00ebn e \u201cKavaj\u00ebs\u201d, ku shtetasi L. B., 21 vje\u00e7, ka humbur kontrollin e mjetit dhe \u00ebsht\u00eb\u00a0p\u00ebrplasur me disa mjete t\u00eb parkuara aty n\u00eb af\u00ebrsi. Si pasoj\u00eb e aksidentit \u00ebsht\u00eb [&hellip;]<\/p>\n","protected":false,"gt_translate_keys":[{"key":"rendered","format":"html"}]},"author":32,"featured_media":292939,"comment_status":"open","ping_status":"open","sticky":false,"template":"","format":"standard","meta":{"footnotes":""},"categories":[65,13],"tags":[],"class_list":["post-441598","post","type-post","status-publish","format-standard","has-post-thumbnail","hentry","category-lajme","category-te-fundit"],"gt_translate_keys":[{"key":"link","format":"url"}],"_links":{"self":[{"href":"https:\/\/www.hashtag.al\/index.php\/wp-json\/wp\/v2\/posts\/441598","targetHints":{"allow":["GET"]}}],"collection":[{"href":"https:\/\/www.hashtag.al\/index.php\/wp-json\/wp\/v2\/posts"}],"about":[{"href":"https:\/\/www.hashtag.al\/index.php\/wp-json\/wp\/v2\/types\/post"}],"author":[{"embeddable":true,"href":"https:\/\/www.hashtag.al\/index.php\/wp-json\/wp\/v2\/users\/32"}],"replies":[{"embeddable":true,"href":"https:\/\/www.hashtag.al\/index.php\/wp-json\/wp\/v2\/comments?post=441598"}],"version-history":[{"count":0,"href":"https:\/\/www.hashtag.al\/index.php\/wp-json\/wp\/v2\/posts\/441598\/revisions"}],"wp:featuredmedia":[{"embeddable":true,"href":"https:\/\/www.hashtag.al\/index.php\/wp-json\/wp\/v2\/media\/292939"}],"wp:attachment":[{"href":"https:\/\/www.hashtag.al\/index.php\/wp-json\/wp\/v2\/media?parent=441598"}],"wp:term":[{"taxonomy":"category","embeddable":true,"href":"https:\/\/www.hashtag.al\/index.php\/wp-json\/wp\/v2\/categories?post=441598"},{"taxonomy":"post_tag","embeddable":true,"href":"https:\/\/www.hashtag.al\/index.php\/wp-json\/wp\/v2\/tags?post=441598"}],"curies":[{"name":"wp","href":"https:\/\/api.w.org\/{rel}","templated":true}]}}