{"id":441587,"date":"2021-04-07T20:44:54","date_gmt":"2021-04-07T18:44:54","guid":{"rendered":"https:\/\/hashtag.al\/?p=441587"},"modified":"2021-04-07T20:45:28","modified_gmt":"2021-04-07T18:45:28","slug":"rama-apel-kontrolloreve-kush-nuk-kthehet-ne-pune-neser-nuk-gjen-me-vend-ne-albcontrol","status":"publish","type":"post","link":"https:\/\/www.hashtag.al\/index.php\/2021\/04\/07\/rama-apel-kontrolloreve-kush-nuk-kthehet-ne-pune-neser-nuk-gjen-me-vend-ne-albcontrol\/","title":{"rendered":"Rama apel kontrollor\u00ebve: Kush nuk kthehet n\u00eb pun\u00eb nes\u00ebr, nuk gjen m\u00eb vend n\u00eb Albcontrol","gt_translate_keys":[{"key":"rendered","format":"text"}]},"content":{"rendered":"<p><img loading=\"lazy\" decoding=\"async\" class=\"aligncenter size-full wp-image-441488\" src=\"https:\/\/hashtag.al\/wp-content\/uploads\/2021\/04\/Edi_Rama_me_gisht-780x439.jpg\" alt=\"\" width=\"780\" height=\"439\" srcset=\"https:\/\/www.hashtag.al\/wp-content\/uploads\/2021\/04\/Edi_Rama_me_gisht-780x439.jpg 780w, https:\/\/www.hashtag.al\/wp-content\/uploads\/2021\/04\/Edi_Rama_me_gisht-780x439-300x169.jpg 300w, https:\/\/www.hashtag.al\/wp-content\/uploads\/2021\/04\/Edi_Rama_me_gisht-780x439-768x432.jpg 768w\" sizes=\"auto, (max-width: 780px) 100vw, 780px\" \/><\/p>\n<p>&nbsp;<\/p>\n<p><span style=\"color: #000000;\">Kryeministri Edi Rama me an\u00eb t\u00eb nj\u00eb apeli nga rrjetet sociale ka ushtruar presion ndaj kontrollor\u00ebve t\u00eb Albecontrol.<\/span><\/p>\n<p><span style=\"color: #000000;\">Rama i b\u00ebn thirrje kontrollorve t\u00eb kthehen n\u00eb pun\u00eb nes\u00ebr ndryshe nuk do gjejn\u00eb m\u00eb vend n\u00eb Albcontrol.<\/span><\/p>\n<p><span style=\"color: #000000;\">Ka vdekur koha e \u201cRrumpall\u00ebs\u201d thot\u00eb Rama.<\/span><\/p>\n<p><span style=\"color: #000000;\">\u201c<em>Apel p\u00ebr kontrollor\u00ebt e Rinasit: Ndahuni nga ata q\u00eb ju fut\u00ebn n\u00eb k\u00ebt\u00eb loj\u00eb t\u00eb \u00e7mendur me zjarrin! Braktisini n\u00eb rrug\u00ebn e tyre qorre organizator\u00ebt e kallzuar penalisht! Kush nuk kthehet n\u00eb pun\u00eb nes\u00ebr, nuk do gjej\u00eb m\u00eb vend n\u00eb Albcontrol. Koha e Rrumpall\u00ebs ka vdekur dhe nuk kthehet!\u201d-<\/em>shkruan Rama.<\/span><\/p>\n","protected":false,"gt_translate_keys":[{"key":"rendered","format":"html"}]},"excerpt":{"rendered":"<p>&nbsp; Kryeministri Edi Rama me an\u00eb t\u00eb nj\u00eb apeli nga rrjetet sociale ka ushtruar presion ndaj kontrollor\u00ebve t\u00eb Albecontrol. Rama i b\u00ebn thirrje kontrollorve t\u00eb kthehen n\u00eb pun\u00eb nes\u00ebr ndryshe nuk do gjejn\u00eb m\u00eb vend n\u00eb Albcontrol. Ka vdekur koha e \u201cRrumpall\u00ebs\u201d thot\u00eb Rama. \u201cApel p\u00ebr kontrollor\u00ebt e Rinasit: Ndahuni nga ata q\u00eb ju fut\u00ebn [&hellip;]<\/p>\n","protected":false,"gt_translate_keys":[{"key":"rendered","format":"html"}]},"author":32,"featured_media":440436,"comment_status":"open","ping_status":"open","sticky":false,"template":"","format":"standard","meta":{"footnotes":""},"categories":[65,13],"tags":[],"class_list":["post-441587","post","type-post","status-publish","format-standard","has-post-thumbnail","hentry","category-lajme","category-te-fundit"],"gt_translate_keys":[{"key":"link","format":"url"}],"_links":{"self":[{"href":"https:\/\/www.hashtag.al\/index.php\/wp-json\/wp\/v2\/posts\/441587","targetHints":{"allow":["GET"]}}],"collection":[{"href":"https:\/\/www.hashtag.al\/index.php\/wp-json\/wp\/v2\/posts"}],"about":[{"href":"https:\/\/www.hashtag.al\/index.php\/wp-json\/wp\/v2\/types\/post"}],"author":[{"embeddable":true,"href":"https:\/\/www.hashtag.al\/index.php\/wp-json\/wp\/v2\/users\/32"}],"replies":[{"embeddable":true,"href":"https:\/\/www.hashtag.al\/index.php\/wp-json\/wp\/v2\/comments?post=441587"}],"version-history":[{"count":0,"href":"https:\/\/www.hashtag.al\/index.php\/wp-json\/wp\/v2\/posts\/441587\/revisions"}],"wp:featuredmedia":[{"embeddable":true,"href":"https:\/\/www.hashtag.al\/index.php\/wp-json\/wp\/v2\/media\/440436"}],"wp:attachment":[{"href":"https:\/\/www.hashtag.al\/index.php\/wp-json\/wp\/v2\/media?parent=441587"}],"wp:term":[{"taxonomy":"category","embeddable":true,"href":"https:\/\/www.hashtag.al\/index.php\/wp-json\/wp\/v2\/categories?post=441587"},{"taxonomy":"post_tag","embeddable":true,"href":"https:\/\/www.hashtag.al\/index.php\/wp-json\/wp\/v2\/tags?post=441587"}],"curies":[{"name":"wp","href":"https:\/\/api.w.org\/{rel}","templated":true}]}}