{"id":441580,"date":"2021-04-07T20:18:45","date_gmt":"2021-04-07T18:18:45","guid":{"rendered":"https:\/\/hashtag.al\/?p=441580"},"modified":"2021-04-07T20:37:20","modified_gmt":"2021-04-07T18:37:20","slug":"meta-i-pergjigjet-stresit-isha-me-covid-prandaj-nuk-dola-ne-proteste","status":"publish","type":"post","link":"https:\/\/www.hashtag.al\/index.php\/2021\/04\/07\/meta-i-pergjigjet-stresit-isha-me-covid-prandaj-nuk-dola-ne-proteste\/","title":{"rendered":"Meta i p\u00ebrgjigjet Stresit: Isha me Covid prandaj nuk dola n\u00eb protest\u00eb","gt_translate_keys":[{"key":"rendered","format":"text"}]},"content":{"rendered":"<p><span style=\"color: #000000;\"><img loading=\"lazy\" decoding=\"async\" class=\"aligncenter size-full wp-image-441581\" src=\"https:\/\/hashtag.al\/wp-content\/uploads\/2021\/04\/meta-stresi.jpeg\" alt=\"\" width=\"1211\" height=\"1131\" srcset=\"https:\/\/www.hashtag.al\/wp-content\/uploads\/2021\/04\/meta-stresi.jpeg 1211w, https:\/\/www.hashtag.al\/wp-content\/uploads\/2021\/04\/meta-stresi-300x280.jpeg 300w, https:\/\/www.hashtag.al\/wp-content\/uploads\/2021\/04\/meta-stresi-768x717.jpeg 768w, https:\/\/www.hashtag.al\/wp-content\/uploads\/2021\/04\/meta-stresi-1024x956.jpeg 1024w\" sizes=\"auto, (max-width: 1211px) 100vw, 1211px\" \/><\/span><\/p>\n<p><span style=\"color: #000000;\">Presidenti Ilir Meta i ka kthyer p\u00ebrgjigje pas gati 4 muajsh thirrjeve t\u00eb k\u00ebng\u00ebtarit me nofk\u00ebn \u201cStresi\u201d t\u00eb b\u00ebra nga ai gjat\u00eb protestave t\u00eb dhjetorit p\u00ebr shkak t\u00eb vrasjes s\u00eb Klodian Rash\u00ebs nga efektivi i policis\u00eb.<\/span><\/p>\n<p><span style=\"color: #000000;\">Meta gjat\u00eb konferenc\u00ebs s\u00eb sotme nga Vlora tha se ka qen\u00eb me Covid-19 kur b\u00ebheshin protestat p\u00ebr vrasjen e Klodian Rash\u00ebs.<\/span><\/p>\n<p><span style=\"color: #000000;\">Kreu i Shtetit shtoi se gjat\u00eb asaj kohe Rama e akuzonte at\u00eb se po nxiste minoren\u00ebt p\u00ebr protest\u00eb.<\/span><\/p>\n<p><span style=\"color: #000000;\">\u201c<em>Si\u00e7 iu kam th\u00ebn\u00eb edhe kontrollor\u00ebve, p\u00ebr shkak t\u00eb pandemis\u00eb, duhet t\u00eb jeni realist tek zgjidhja. Paga sa vendet e rajonit duhet t\u00eb japim, q\u00eb siguria komb\u00ebtare t\u00eb mos cenohet. Tensioni \u00ebsht\u00eb marr\u00ebzi. Ftoj ambasador\u00ebt e huaj q\u00eb t\u00eb b\u00ebjm\u00eb konferenc\u00eb online dhe t\u00eb gjejm\u00eb zgjidhje. Kur b\u00ebheshin protestat p\u00ebr vrasjen e Klodian Rash\u00ebs nga policia, isha tek Rezidenca e Presidenc\u00ebs, i infektuar me Covid.<\/em><\/span><\/p>\n<p><span style=\"color: #000000;\"><em>Kur Stresi me nj\u00eb thirrje po rr\u00ebzonte qeverin\u00eb, Rama m\u00eb akuzonin mua se nxisja minoren\u00ebt. Nuk fola sepse nuk doja q\u00eb t\u00eb p\u00ebrfshihesha, duke qen\u00eb se shum\u00eb njer\u00ebz vuajn\u00eb edhe sot nga Covid-19. Kontrollor\u00ebt kan\u00eb t\u00eb drejt\u00eb p\u00ebr zgjidhje. Zgjidhje daneze nuk ka, por si n\u00eb Kosov\u00eb e n\u00eb Maqedoni t\u00eb Veriut ka<\/em>\u201d-deklaroi Meta.<\/span><\/p>\n<p><span style=\"color: #000000;\">\u201c<em>O Ilir Meta, o president ku je? Ku je? A do ta \u00e7osh popullin a jo? Ne nuk ikim asnj\u00eb, k\u00ebtu do t\u00eb rrim\u00eb. K\u00ebta jan\u00eb m\u00ebsuar me protesta pleqsh, jo me \u00e7una t\u00eb rinj!\u201d,<\/em> ishte thirrja pikante e Stresit p\u00ebr kreun e shtetit.<\/span><\/p>\n<div class=\"embed-responsive embed-responsive-16by9\"><\/div>\n<p><iframe loading=\"lazy\" title=\"YouTube video player\" src=\"https:\/\/www.youtube.com\/embed\/6LgOtEYGecA\" width=\"800\" height=\"400\" frameborder=\"0\" allowfullscreen=\"allowfullscreen\"><\/iframe><\/p>\n","protected":false,"gt_translate_keys":[{"key":"rendered","format":"html"}]},"excerpt":{"rendered":"<p>Presidenti Ilir Meta i ka kthyer p\u00ebrgjigje pas gati 4 muajsh thirrjeve t\u00eb k\u00ebng\u00ebtarit me nofk\u00ebn \u201cStresi\u201d t\u00eb b\u00ebra nga ai gjat\u00eb protestave t\u00eb dhjetorit p\u00ebr shkak t\u00eb vrasjes s\u00eb Klodian Rash\u00ebs nga efektivi i policis\u00eb. Meta gjat\u00eb konferenc\u00ebs s\u00eb sotme nga Vlora tha se ka qen\u00eb me Covid-19 kur b\u00ebheshin protestat p\u00ebr vrasjen e [&hellip;]<\/p>\n","protected":false,"gt_translate_keys":[{"key":"rendered","format":"html"}]},"author":32,"featured_media":441582,"comment_status":"open","ping_status":"open","sticky":false,"template":"","format":"standard","meta":{"footnotes":""},"categories":[65,13],"tags":[],"class_list":["post-441580","post","type-post","status-publish","format-standard","has-post-thumbnail","hentry","category-lajme","category-te-fundit"],"gt_translate_keys":[{"key":"link","format":"url"}],"_links":{"self":[{"href":"https:\/\/www.hashtag.al\/index.php\/wp-json\/wp\/v2\/posts\/441580","targetHints":{"allow":["GET"]}}],"collection":[{"href":"https:\/\/www.hashtag.al\/index.php\/wp-json\/wp\/v2\/posts"}],"about":[{"href":"https:\/\/www.hashtag.al\/index.php\/wp-json\/wp\/v2\/types\/post"}],"author":[{"embeddable":true,"href":"https:\/\/www.hashtag.al\/index.php\/wp-json\/wp\/v2\/users\/32"}],"replies":[{"embeddable":true,"href":"https:\/\/www.hashtag.al\/index.php\/wp-json\/wp\/v2\/comments?post=441580"}],"version-history":[{"count":0,"href":"https:\/\/www.hashtag.al\/index.php\/wp-json\/wp\/v2\/posts\/441580\/revisions"}],"wp:featuredmedia":[{"embeddable":true,"href":"https:\/\/www.hashtag.al\/index.php\/wp-json\/wp\/v2\/media\/441582"}],"wp:attachment":[{"href":"https:\/\/www.hashtag.al\/index.php\/wp-json\/wp\/v2\/media?parent=441580"}],"wp:term":[{"taxonomy":"category","embeddable":true,"href":"https:\/\/www.hashtag.al\/index.php\/wp-json\/wp\/v2\/categories?post=441580"},{"taxonomy":"post_tag","embeddable":true,"href":"https:\/\/www.hashtag.al\/index.php\/wp-json\/wp\/v2\/tags?post=441580"}],"curies":[{"name":"wp","href":"https:\/\/api.w.org\/{rel}","templated":true}]}}