{"id":441578,"date":"2021-04-07T20:05:55","date_gmt":"2021-04-07T18:05:55","guid":{"rendered":"https:\/\/hashtag.al\/?p=441578"},"modified":"2021-04-07T20:05:55","modified_gmt":"2021-04-07T18:05:55","slug":"meta-per-situaten-ne-rinas-ftoj-qeverine-kontrolloret-dhe-nderkombetaret-te-gjejme-nje-zgjidhje","status":"publish","type":"post","link":"https:\/\/www.hashtag.al\/index.php\/2021\/04\/07\/meta-per-situaten-ne-rinas-ftoj-qeverine-kontrolloret-dhe-nderkombetaret-te-gjejme-nje-zgjidhje\/","title":{"rendered":"Meta p\u00ebr situat\u00ebn n\u00eb Rinas: Ftoj Qeverin\u00eb, kontrollor\u00ebt dhe nd\u00ebrkomb\u00ebtar\u00ebt t\u00eb gjejm\u00eb nj\u00eb zgjidhje","gt_translate_keys":[{"key":"rendered","format":"text"}]},"content":{"rendered":"<p><span style=\"color: #000000;\"><img loading=\"lazy\" decoding=\"async\" class=\"aligncenter size-full wp-image-441576\" src=\"https:\/\/hashtag.al\/wp-content\/uploads\/2021\/04\/meta.png\" alt=\"\" width=\"1402\" height=\"693\" srcset=\"https:\/\/www.hashtag.al\/wp-content\/uploads\/2021\/04\/meta.png 1402w, https:\/\/www.hashtag.al\/wp-content\/uploads\/2021\/04\/meta-300x148.png 300w, https:\/\/www.hashtag.al\/wp-content\/uploads\/2021\/04\/meta-768x380.png 768w, https:\/\/www.hashtag.al\/wp-content\/uploads\/2021\/04\/meta-1024x506.png 1024w\" sizes=\"auto, (max-width: 1402px) 100vw, 1402px\" \/><\/span><\/p>\n<p><span style=\"color: #000000;\">Presidenti i Republik\u00ebs, Ilir Meta n\u00ebp\u00ebrmjet nj\u00eb deklarate p\u00ebr shtyp nga Vlora p\u00ebr situat\u00ebn e krijuar nga greva e kontrollor\u00ebve n\u00eb Rinas ka ftuar n\u00eb nj\u00eb dialog t\u00eb p\u00ebrbashk\u00ebt pal\u00ebt s\u00eb bashku me vendet e NATO-s\u00eb p\u00ebr t\u00eb gjetur nj\u00eb zgjidhje.<\/span><\/p>\n<p><span style=\"color: #000000;\">\u201c<em>Meqen\u00ebse jemi n\u00eb k\u00ebt\u00eb situat\u00eb un\u00eb do ftoj kryeministrin, e ftoj ministren, ftoj sindikat\u00ebn t\u00eb b\u00ebjm\u00eb, meq\u00eb jemi n\u00eb kushte pandemie, ftoj dhe p\u00ebrfaq\u00ebsuesit e vendeve t\u00eb NATO-s, SHBA, BE dhe t\u00eb institucioneve europiane t\u00eb kontrollit ajror, ndaj t\u00eb cilave kemi detyrime. Si\u00e7 iu kam th\u00ebn\u00eb edhe kontrollor\u00ebve, p\u00ebr shkak t\u00eb pandemis\u00eb, duhet t\u00eb jeni realist tek zgjidhja. Paga sa vendet e rajonit duhet t\u00eb japim, q\u00eb siguria komb\u00ebtare t\u00eb mos cenohet. Tensioni \u00ebsht\u00eb marr\u00ebzi. Ftoj ambasador\u00ebt e huaj q\u00eb t\u00eb b\u00ebjm\u00eb konferenc\u00eb online dhe t\u00eb gjejm\u00eb zgjidhje.\u201d-<\/em>tha Meta.<\/span><\/p>\n","protected":false,"gt_translate_keys":[{"key":"rendered","format":"html"}]},"excerpt":{"rendered":"<p>Presidenti i Republik\u00ebs, Ilir Meta n\u00ebp\u00ebrmjet nj\u00eb deklarate p\u00ebr shtyp nga Vlora p\u00ebr situat\u00ebn e krijuar nga greva e kontrollor\u00ebve n\u00eb Rinas ka ftuar n\u00eb nj\u00eb dialog t\u00eb p\u00ebrbashk\u00ebt pal\u00ebt s\u00eb bashku me vendet e NATO-s\u00eb p\u00ebr t\u00eb gjetur nj\u00eb zgjidhje. \u201cMeqen\u00ebse jemi n\u00eb k\u00ebt\u00eb situat\u00eb un\u00eb do ftoj kryeministrin, e ftoj ministren, ftoj sindikat\u00ebn [&hellip;]<\/p>\n","protected":false,"gt_translate_keys":[{"key":"rendered","format":"html"}]},"author":32,"featured_media":441576,"comment_status":"open","ping_status":"open","sticky":false,"template":"","format":"standard","meta":{"footnotes":""},"categories":[65,13],"tags":[],"class_list":["post-441578","post","type-post","status-publish","format-standard","has-post-thumbnail","hentry","category-lajme","category-te-fundit"],"gt_translate_keys":[{"key":"link","format":"url"}],"_links":{"self":[{"href":"https:\/\/www.hashtag.al\/index.php\/wp-json\/wp\/v2\/posts\/441578","targetHints":{"allow":["GET"]}}],"collection":[{"href":"https:\/\/www.hashtag.al\/index.php\/wp-json\/wp\/v2\/posts"}],"about":[{"href":"https:\/\/www.hashtag.al\/index.php\/wp-json\/wp\/v2\/types\/post"}],"author":[{"embeddable":true,"href":"https:\/\/www.hashtag.al\/index.php\/wp-json\/wp\/v2\/users\/32"}],"replies":[{"embeddable":true,"href":"https:\/\/www.hashtag.al\/index.php\/wp-json\/wp\/v2\/comments?post=441578"}],"version-history":[{"count":0,"href":"https:\/\/www.hashtag.al\/index.php\/wp-json\/wp\/v2\/posts\/441578\/revisions"}],"wp:featuredmedia":[{"embeddable":true,"href":"https:\/\/www.hashtag.al\/index.php\/wp-json\/wp\/v2\/media\/441576"}],"wp:attachment":[{"href":"https:\/\/www.hashtag.al\/index.php\/wp-json\/wp\/v2\/media?parent=441578"}],"wp:term":[{"taxonomy":"category","embeddable":true,"href":"https:\/\/www.hashtag.al\/index.php\/wp-json\/wp\/v2\/categories?post=441578"},{"taxonomy":"post_tag","embeddable":true,"href":"https:\/\/www.hashtag.al\/index.php\/wp-json\/wp\/v2\/tags?post=441578"}],"curies":[{"name":"wp","href":"https:\/\/api.w.org\/{rel}","templated":true}]}}