{"id":441575,"date":"2021-04-07T19:47:59","date_gmt":"2021-04-07T17:47:59","guid":{"rendered":"https:\/\/hashtag.al\/?p=441575"},"modified":"2021-04-07T19:47:59","modified_gmt":"2021-04-07T17:47:59","slug":"meta-kontrolloreve-i-kam-kerkuar-te-vijonin-punen-qeveria-ta-zgjidhte-me-dialog-dhe-jo-me-presion","status":"publish","type":"post","link":"https:\/\/www.hashtag.al\/index.php\/2021\/04\/07\/meta-kontrolloreve-i-kam-kerkuar-te-vijonin-punen-qeveria-ta-zgjidhte-me-dialog-dhe-jo-me-presion\/","title":{"rendered":"Meta: Kontrollor\u00ebve i kam k\u00ebrkuar t\u00eb vijonin pun\u00ebn, qeveria ta zgjidhte me dialog dhe jo me presion","gt_translate_keys":[{"key":"rendered","format":"text"}]},"content":{"rendered":"<p><span style=\"color: #000000;\"><img loading=\"lazy\" decoding=\"async\" class=\"aligncenter size-full wp-image-441576\" src=\"https:\/\/hashtag.al\/wp-content\/uploads\/2021\/04\/meta.png\" alt=\"\" width=\"1402\" height=\"693\" srcset=\"https:\/\/www.hashtag.al\/wp-content\/uploads\/2021\/04\/meta.png 1402w, https:\/\/www.hashtag.al\/wp-content\/uploads\/2021\/04\/meta-300x148.png 300w, https:\/\/www.hashtag.al\/wp-content\/uploads\/2021\/04\/meta-768x380.png 768w, https:\/\/www.hashtag.al\/wp-content\/uploads\/2021\/04\/meta-1024x506.png 1024w\" sizes=\"auto, (max-width: 1402px) 100vw, 1402px\" \/><\/span><\/p>\n<p><span style=\"color: #000000;\">Presidenti i Republik\u00ebs, Ilir Meta ka nga Vlora n\u00eb nj\u00eb konferenc\u00eb p\u00ebr shtyp p\u00ebr situat\u00ebn e krijuar nga punonj\u00ebsit e Albcontrol t\u00eb cil\u00ebt kan\u00eb dal\u00eb n\u00eb grev\u00eb duke bllokuar fluturimet n\u00eb Rinas.<\/span><\/p>\n<p><span style=\"color: #000000;\">\u201c<em>I kam b\u00ebr\u00eb me dije kontrollor\u00ebve q\u00eb t\u00eb vijojn\u00eb pun\u00ebn me p\u00ebrgjegjshm\u00ebri p\u00ebr kontrollin e hap\u00ebsir\u00ebs ajrore. N\u00eb \u00e7do koh\u00eb duhet t\u00eb garantohet puna dhe kontrolli me cil\u00ebsi<\/em>\u201d-deklaroi Meta.<\/span><\/p>\n<p><span style=\"color: #000000;\">M\u00eb tej Kreu i Shtetit shtoi se n\u00eb m\u00ebnyr\u00eb zyrtare i ka k\u00ebrkuar qeveris\u00eb q\u00eb ta zgjidh\u00eb problematik\u00ebn me dialog.<\/span><\/p>\n<p><span style=\"color: #000000;\">\u201c<em>U kam th\u00ebn\u00eb do vazhdoni pun\u00ebn pavar\u00ebsisht nga c\u00ebnimi i t\u00eb drejtave tuaja. Kam k\u00ebrkuar zyrtarisht q\u00eb organet dhe qeveria t\u2019i japin zgjidhje me qet\u00ebsi dhe dialog k\u00ebsaj problematike t\u00eb krijuar edhe p\u00ebr shkak t\u00eb situat\u00ebs s\u00eb pandemis\u00eb. Qeveria nuk mori asnj\u00eb mas\u00eb por vijoi t\u00eb b\u00ebnte presion<\/em>\u201d-tha Presidenti.<\/span><\/p>\n","protected":false,"gt_translate_keys":[{"key":"rendered","format":"html"}]},"excerpt":{"rendered":"<p>Presidenti i Republik\u00ebs, Ilir Meta ka nga Vlora n\u00eb nj\u00eb konferenc\u00eb p\u00ebr shtyp p\u00ebr situat\u00ebn e krijuar nga punonj\u00ebsit e Albcontrol t\u00eb cil\u00ebt kan\u00eb dal\u00eb n\u00eb grev\u00eb duke bllokuar fluturimet n\u00eb Rinas. \u201cI kam b\u00ebr\u00eb me dije kontrollor\u00ebve q\u00eb t\u00eb vijojn\u00eb pun\u00ebn me p\u00ebrgjegjshm\u00ebri p\u00ebr kontrollin e hap\u00ebsir\u00ebs ajrore. N\u00eb \u00e7do koh\u00eb duhet t\u00eb garantohet [&hellip;]<\/p>\n","protected":false,"gt_translate_keys":[{"key":"rendered","format":"html"}]},"author":32,"featured_media":441576,"comment_status":"open","ping_status":"open","sticky":false,"template":"","format":"standard","meta":{"footnotes":""},"categories":[65,13],"tags":[],"class_list":["post-441575","post","type-post","status-publish","format-standard","has-post-thumbnail","hentry","category-lajme","category-te-fundit"],"gt_translate_keys":[{"key":"link","format":"url"}],"_links":{"self":[{"href":"https:\/\/www.hashtag.al\/index.php\/wp-json\/wp\/v2\/posts\/441575","targetHints":{"allow":["GET"]}}],"collection":[{"href":"https:\/\/www.hashtag.al\/index.php\/wp-json\/wp\/v2\/posts"}],"about":[{"href":"https:\/\/www.hashtag.al\/index.php\/wp-json\/wp\/v2\/types\/post"}],"author":[{"embeddable":true,"href":"https:\/\/www.hashtag.al\/index.php\/wp-json\/wp\/v2\/users\/32"}],"replies":[{"embeddable":true,"href":"https:\/\/www.hashtag.al\/index.php\/wp-json\/wp\/v2\/comments?post=441575"}],"version-history":[{"count":0,"href":"https:\/\/www.hashtag.al\/index.php\/wp-json\/wp\/v2\/posts\/441575\/revisions"}],"wp:featuredmedia":[{"embeddable":true,"href":"https:\/\/www.hashtag.al\/index.php\/wp-json\/wp\/v2\/media\/441576"}],"wp:attachment":[{"href":"https:\/\/www.hashtag.al\/index.php\/wp-json\/wp\/v2\/media?parent=441575"}],"wp:term":[{"taxonomy":"category","embeddable":true,"href":"https:\/\/www.hashtag.al\/index.php\/wp-json\/wp\/v2\/categories?post=441575"},{"taxonomy":"post_tag","embeddable":true,"href":"https:\/\/www.hashtag.al\/index.php\/wp-json\/wp\/v2\/tags?post=441575"}],"curies":[{"name":"wp","href":"https:\/\/api.w.org\/{rel}","templated":true}]}}