{"id":441549,"date":"2021-04-07T18:00:36","date_gmt":"2021-04-07T16:00:36","guid":{"rendered":"https:\/\/hashtag.al\/?p=441549"},"modified":"2021-04-07T18:02:02","modified_gmt":"2021-04-07T16:02:02","slug":"balluku-greva-e-kontrolloreve-ne-rinas-e-jashteligjshme-elemente-brenda-tyre-te-lidhur-me-fushaten-i-kemi-kallezuar-ne-prokurori","status":"publish","type":"post","link":"https:\/\/www.hashtag.al\/index.php\/2021\/04\/07\/balluku-greva-e-kontrolloreve-ne-rinas-e-jashteligjshme-elemente-brenda-tyre-te-lidhur-me-fushaten-i-kemi-kallezuar-ne-prokurori\/","title":{"rendered":"Balluku: Greva e kontrollor\u00ebve n\u00eb Rinas e jasht\u00ebligjshme, element\u00eb brenda tyre t\u00eb lidhur me fushat\u00ebn, i kemi kall\u00ebzuar n\u00eb prokurori","gt_translate_keys":[{"key":"rendered","format":"text"}]},"content":{"rendered":"<p><span style=\"color: #000000;\"><img loading=\"lazy\" decoding=\"async\" class=\"aligncenter size-full wp-image-441550\" src=\"https:\/\/hashtag.al\/wp-content\/uploads\/2021\/04\/ballukushqiptarja.jpg\" alt=\"\" width=\"1004\" height=\"462\" srcset=\"https:\/\/www.hashtag.al\/wp-content\/uploads\/2021\/04\/ballukushqiptarja.jpg 1004w, https:\/\/www.hashtag.al\/wp-content\/uploads\/2021\/04\/ballukushqiptarja-300x138.jpg 300w, https:\/\/www.hashtag.al\/wp-content\/uploads\/2021\/04\/ballukushqiptarja-768x353.jpg 768w\" sizes=\"auto, (max-width: 1004px) 100vw, 1004px\" \/><\/span><\/p>\n<p><span style=\"color: #000000;\">Ministrja e Infrastruktur\u00ebs deklaroi sot se kontrollor\u00ebt e aeroportit t\u00eb Rinasit po b\u00ebjn\u00eb nj\u00eb grev\u00eb t\u00eb paligjshme. <\/span><\/p>\n<p><span style=\"color: #000000;\">N\u00eb nj\u00eb intervist\u00eb p\u00ebr Report TV, Balluku theksoi se b\u00ebhet fjal\u00eb p\u00ebr nj\u00eb veprim politik dhe se nj\u00eb pjes\u00eb e atyre q\u00eb jan\u00eb p\u00ebrfshir\u00eb n\u00eb k\u00ebt\u00eb \u00e7\u00ebshtje jan\u00eb element\u00eb q\u00eb kryejn\u00eb funksion n\u00eb fushat\u00eb dhe jan\u00eb kall\u00ebzuar n\u00eb prokurori.<\/span><\/p>\n<p><span style=\"color: #000000;\"><em>\u201cKjo \u00ebsht\u00eb nj\u00eb grev\u00eb e jasht\u00ebligjshme pasi pamund\u00ebsia p\u00ebr t\u00eb punuar nuk u ndodh t\u00eb gjith\u00ebve n\u00eb t\u00eb nj\u00ebjt\u00ebn or\u00eb, jan\u00eb munduar t\u00eb mos shkelin ligjin, por ai \u00ebsht\u00eb shkelur me t\u00eb dyja k\u00ebmb\u00ebt. Dhe kjo \u00ebsht\u00eb patjet\u00ebr politike, pasi kemi d\u00ebgjuar q\u00eb mbr\u00ebm\u00eb n\u00eb dark\u00eb mallkimet dhe sharjet e Berish\u00ebs se si duhet t\u00eb paguheshin njer\u00ebzit dhe pse duhej t\u00eb mbyllej Rinasi. Ju keni b\u00ebr\u00eb tendera dhe nuk keni dh\u00ebn\u00eb rrogat, t\u00eb dashur qytetar ata paguhen edhe n\u00eb koh\u00eb pandemie me mbi 2000 dollar\u00eb dhe fondet p\u00ebr t\u00eb b\u00ebr\u00eb tendera nuk ka pasur. Politika patjet\u00ebr q\u00eb \u00ebsht\u00eb pasi kemi informacion t\u00eb sakt\u00eb p\u00ebr element\u00eb q\u00eb kryejn\u00eb\u00a0 funksion n\u00eb k\u00ebt\u00eb fushat\u00eb dhe ne i kemi d\u00ebrguar n\u00eb prokurori, jan\u00eb njer\u00ebz q\u00eb jan\u00eb t\u00eb lidhur n\u00eb k\u00ebt\u00eb moment me politik\u00ebn dhe po ndikojn\u00eb n\u00eb jet\u00ebn e t\u00eb gjith\u00eb shqiptar\u00ebve.\u201d<\/em> \u2013 tha Balluku.<\/span><\/p>\n<p><span style=\"color: #000000;\">M\u00eb her\u00ebt ministrja tha se ndaj kontrollor\u00ebve q\u00eb kund\u00ebrshtojn\u00eb kthimin n\u00eb pun\u00eb do merret masa drastike ligjore. <\/span><\/p>\n<p><span style=\"color: #000000;\">T\u00eb \u00a0nj\u00ebjtin q\u00ebndrim mbajti pak m\u00eb von\u00eb edhe kryeministri Rama i cili tha se organizator\u00ebt do kall\u00ebzoheshin penalisht nd\u00ebrsa t\u00eb tjer\u00ebt duhet t\u00eb vendosnin menj\u00ebher\u00eb pa humbur koh\u00eb n\u00ebse do ktheheshin n\u00eb pun\u00eb apo do p\u00ebrballeshin me ligjin.<\/span><\/p>\n","protected":false,"gt_translate_keys":[{"key":"rendered","format":"html"}]},"excerpt":{"rendered":"<p>Ministrja e Infrastruktur\u00ebs deklaroi sot se kontrollor\u00ebt e aeroportit t\u00eb Rinasit po b\u00ebjn\u00eb nj\u00eb grev\u00eb t\u00eb paligjshme. N\u00eb nj\u00eb intervist\u00eb p\u00ebr Report TV, Balluku theksoi se b\u00ebhet fjal\u00eb p\u00ebr nj\u00eb veprim politik dhe se nj\u00eb pjes\u00eb e atyre q\u00eb jan\u00eb p\u00ebrfshir\u00eb n\u00eb k\u00ebt\u00eb \u00e7\u00ebshtje jan\u00eb element\u00eb q\u00eb kryejn\u00eb funksion n\u00eb fushat\u00eb dhe jan\u00eb kall\u00ebzuar n\u00eb [&hellip;]<\/p>\n","protected":false,"gt_translate_keys":[{"key":"rendered","format":"html"}]},"author":51,"featured_media":441550,"comment_status":"open","ping_status":"open","sticky":false,"template":"","format":"standard","meta":{"footnotes":""},"categories":[65,13],"tags":[],"class_list":["post-441549","post","type-post","status-publish","format-standard","has-post-thumbnail","hentry","category-lajme","category-te-fundit"],"gt_translate_keys":[{"key":"link","format":"url"}],"_links":{"self":[{"href":"https:\/\/www.hashtag.al\/index.php\/wp-json\/wp\/v2\/posts\/441549","targetHints":{"allow":["GET"]}}],"collection":[{"href":"https:\/\/www.hashtag.al\/index.php\/wp-json\/wp\/v2\/posts"}],"about":[{"href":"https:\/\/www.hashtag.al\/index.php\/wp-json\/wp\/v2\/types\/post"}],"author":[{"embeddable":true,"href":"https:\/\/www.hashtag.al\/index.php\/wp-json\/wp\/v2\/users\/51"}],"replies":[{"embeddable":true,"href":"https:\/\/www.hashtag.al\/index.php\/wp-json\/wp\/v2\/comments?post=441549"}],"version-history":[{"count":0,"href":"https:\/\/www.hashtag.al\/index.php\/wp-json\/wp\/v2\/posts\/441549\/revisions"}],"wp:featuredmedia":[{"embeddable":true,"href":"https:\/\/www.hashtag.al\/index.php\/wp-json\/wp\/v2\/media\/441550"}],"wp:attachment":[{"href":"https:\/\/www.hashtag.al\/index.php\/wp-json\/wp\/v2\/media?parent=441549"}],"wp:term":[{"taxonomy":"category","embeddable":true,"href":"https:\/\/www.hashtag.al\/index.php\/wp-json\/wp\/v2\/categories?post=441549"},{"taxonomy":"post_tag","embeddable":true,"href":"https:\/\/www.hashtag.al\/index.php\/wp-json\/wp\/v2\/tags?post=441549"}],"curies":[{"name":"wp","href":"https:\/\/api.w.org\/{rel}","templated":true}]}}