{"id":441544,"date":"2021-04-07T17:36:08","date_gmt":"2021-04-07T15:36:08","guid":{"rendered":"https:\/\/hashtag.al\/?p=441544"},"modified":"2021-04-07T17:36:08","modified_gmt":"2021-04-07T15:36:08","slug":"duam-vetem-te-punojme-asgje-tjeter-eshte-ceshtje-mbijetese-perleshje-te-ashpra-ne-rome-kunder-kufizimeve-covid-19-video","status":"publish","type":"post","link":"https:\/\/www.hashtag.al\/index.php\/2021\/04\/07\/duam-vetem-te-punojme-asgje-tjeter-eshte-ceshtje-mbijetese-perleshje-te-ashpra-ne-rome-kunder-kufizimeve-covid-19-video\/","title":{"rendered":"\u201cDuam vet\u00ebm t\u00eb punojm\u00eb, asgj\u00eb tjet\u00ebr. \u00cbsht\u00eb \u00e7\u00ebshtje mbijetese\u201d \u2013 P\u00ebrleshje t\u00eb ashpra n\u00eb Rom\u00eb kund\u00ebr kufizimeve Covid-19 (Video)","gt_translate_keys":[{"key":"rendered","format":"text"}]},"content":{"rendered":"<p><span style=\"color: #000000;\"><span style=\"font-family: Impact, Chicago;\"><img loading=\"lazy\" decoding=\"async\" class=\"aligncenter size-full wp-image-441545\" src=\"https:\/\/hashtag.al\/wp-content\/uploads\/2021\/04\/rome-e1617809447173.jpg\" alt=\"\" width=\"976\" height=\"480\" srcset=\"https:\/\/www.hashtag.al\/wp-content\/uploads\/2021\/04\/rome-e1617809447173.jpg 976w, https:\/\/www.hashtag.al\/wp-content\/uploads\/2021\/04\/rome-e1617809447173-300x148.jpg 300w, https:\/\/www.hashtag.al\/wp-content\/uploads\/2021\/04\/rome-e1617809447173-768x378.jpg 768w\" sizes=\"auto, (max-width: 976px) 100vw, 976px\" \/><\/span><\/span><\/p>\n<p><span style=\"color: #000000;\">Qindra pronar\u00eb biznesesh e punonj\u00ebs restorantesh e lokalesh n\u00eb kryeqytetin italian\u00eb jan\u00eb p\u00ebrleshur me policin\u00eb. Ata u mblodh\u00ebn jasht\u00eb godin\u00ebs s\u00eb Parlamentit Italian n\u00eb Rom\u00eb p\u00ebr t\u00eb kund\u00ebrshtuar kufizimet Covid-19 q\u00eb tani p\u00ebr tani i detyrojn\u00eb t\u2019i mbajn\u00eb mbyllur veprimtarit\u00eb e tyre. <\/span><\/p>\n<p><span style=\"color: #000000;\">Protesta u kthye n\u00eb dhun\u00eb nd\u00ebrsa demonstruesit u p\u00ebrplas\u00ebn me policin\u00eb, \u00a0ku u l\u00ebnduan dy polic\u00eb dhe t\u00eb pakt\u00ebn nj\u00eb protestues. Nj\u00eb num\u00ebr personash ende i pap\u00ebrcaktuar \u00ebsht\u00eb arrestuar nga policia gjat\u00eb p\u00ebrleshjeve. <\/span><\/p>\n<p><span style=\"color: #000000;\">T\u00eb udh\u00ebhequr nga \u2018Movimento Imprese Italiane\u2019 (L\u00ebvizja Italiane e Biznesit), protestuesit lidh\u00ebn veten me pranga dhe zinxhir\u00eb dhe brohorisnin p\u00ebr liri.<\/span><\/p>\n<p><span style=\"color: #000000;\"><em>\u201cNe i vendosim zinxhir\u00eb vetvetes sepse nuk mund ta pranojm\u00eb k\u00ebt\u00eb situat\u00eb. Ne duam t\u00eb rimarrim pun\u00ebn dhe lirin\u00eb ton\u00eb.\u201d<\/em> &#8211; tha nj\u00eb protestues.<\/span><\/p>\n<p><span style=\"color: #000000;\">Baret dhe restorantet jan\u00eb t\u00eb hapura vet\u00ebm p\u00ebr t\u00eb dor\u00ebzuar ushqime apo kafe p\u00ebr personat q\u00eb i marrin me vete n\u00eb p\u00ebrputhje me kufizimet e tanishm\u00eb teksa zonat \u2018e kuqe\u2019 dhe \u2018portokalli\u2019 q\u00ebndrojn\u00eb t\u00eb mbyllura gjat\u00eb nat\u00ebs.<\/span><\/p>\n<p><span style=\"color: #000000;\"><em>\u201cNe k\u00ebrkojm\u00eb q\u00eb t&#8217;i jepet fund menj\u00ebher\u00eb bllokimit komb\u00ebtar. Ne k\u00ebrkojm\u00eb q\u00eb t&#8217;i jepet fund menj\u00ebher\u00eb ngjyrosjes s\u00eb rajoneve t\u00eb ndryshme. Dhe ne k\u00ebrkojm\u00eb hapjen e menj\u00ebhershme, pa kufizime p\u00ebr njer\u00ebzit ose koh\u00ebn t\u00eb t\u00eb gjith\u00eb veprimtaris\u00eb tregtare. Pavar\u00ebsisht nga statistikat q\u00eb lidhen me s\u00ebmundjen. Duam t\u00eb punojm\u00eb, asgj\u00eb tjet\u00ebr.\u201d<\/em> \u2013 vijoi protestuesi.<\/span><\/p>\n<p><span style=\"color: #000000;\">Disa pronar\u00eb restorantesh thuhet se po kund\u00ebrshtonin urdhrat e qeveris\u00eb duke premtuar t\u00eb hapnin dyert e institucioneve t\u00eb tyre nga 7 Prilli megjith\u00eb kufizimet, si \u2018nj\u00eb \u00e7\u00ebshtje mbijetese\u2019.<\/span><\/p>\n<div style=\"width: 854px;\" class=\"wp-video\"><video class=\"wp-video-shortcode\" id=\"video-441544-1\" width=\"854\" height=\"480\" preload=\"metadata\" controls=\"controls\"><source type=\"video\/mp4\" src=\"https:\/\/hashtag.al\/wp-content\/uploads\/2021\/04\/files_2021.04_606d73ab203027277242fe2e.mp4?_=1\" \/><a href=\"https:\/\/hashtag.al\/wp-content\/uploads\/2021\/04\/files_2021.04_606d73ab203027277242fe2e.mp4\">https:\/\/hashtag.al\/wp-content\/uploads\/2021\/04\/files_2021.04_606d73ab203027277242fe2e.mp4<\/a><\/video><\/div>\n","protected":false,"gt_translate_keys":[{"key":"rendered","format":"html"}]},"excerpt":{"rendered":"<p>Qindra pronar\u00eb biznesesh e punonj\u00ebs restorantesh e lokalesh n\u00eb kryeqytetin italian\u00eb jan\u00eb p\u00ebrleshur me policin\u00eb. Ata u mblodh\u00ebn jasht\u00eb godin\u00ebs s\u00eb Parlamentit Italian n\u00eb Rom\u00eb p\u00ebr t\u00eb kund\u00ebrshtuar kufizimet Covid-19 q\u00eb tani p\u00ebr tani i detyrojn\u00eb t\u2019i mbajn\u00eb mbyllur veprimtarit\u00eb e tyre. Protesta u kthye n\u00eb dhun\u00eb nd\u00ebrsa demonstruesit u p\u00ebrplas\u00ebn me policin\u00eb, \u00a0ku u [&hellip;]<\/p>\n","protected":false,"gt_translate_keys":[{"key":"rendered","format":"html"}]},"author":51,"featured_media":441545,"comment_status":"open","ping_status":"open","sticky":false,"template":"","format":"standard","meta":{"footnotes":""},"categories":[6],"tags":[],"class_list":["post-441544","post","type-post","status-publish","format-standard","has-post-thumbnail","hentry","category-nderkombetare"],"gt_translate_keys":[{"key":"link","format":"url"}],"_links":{"self":[{"href":"https:\/\/www.hashtag.al\/index.php\/wp-json\/wp\/v2\/posts\/441544","targetHints":{"allow":["GET"]}}],"collection":[{"href":"https:\/\/www.hashtag.al\/index.php\/wp-json\/wp\/v2\/posts"}],"about":[{"href":"https:\/\/www.hashtag.al\/index.php\/wp-json\/wp\/v2\/types\/post"}],"author":[{"embeddable":true,"href":"https:\/\/www.hashtag.al\/index.php\/wp-json\/wp\/v2\/users\/51"}],"replies":[{"embeddable":true,"href":"https:\/\/www.hashtag.al\/index.php\/wp-json\/wp\/v2\/comments?post=441544"}],"version-history":[{"count":0,"href":"https:\/\/www.hashtag.al\/index.php\/wp-json\/wp\/v2\/posts\/441544\/revisions"}],"wp:featuredmedia":[{"embeddable":true,"href":"https:\/\/www.hashtag.al\/index.php\/wp-json\/wp\/v2\/media\/441545"}],"wp:attachment":[{"href":"https:\/\/www.hashtag.al\/index.php\/wp-json\/wp\/v2\/media?parent=441544"}],"wp:term":[{"taxonomy":"category","embeddable":true,"href":"https:\/\/www.hashtag.al\/index.php\/wp-json\/wp\/v2\/categories?post=441544"},{"taxonomy":"post_tag","embeddable":true,"href":"https:\/\/www.hashtag.al\/index.php\/wp-json\/wp\/v2\/tags?post=441544"}],"curies":[{"name":"wp","href":"https:\/\/api.w.org\/{rel}","templated":true}]}}