{"id":441479,"date":"2021-04-07T13:39:07","date_gmt":"2021-04-07T11:39:07","guid":{"rendered":"https:\/\/hashtag.al\/?p=441479"},"modified":"2021-04-07T15:48:40","modified_gmt":"2021-04-07T13:48:40","slug":"balluku-paralajmeron-masa-ligjore-ndaj-kontrolloreve-ajrore-i-ben-thirrje-metes-te-shprehet","status":"publish","type":"post","link":"https:\/\/www.hashtag.al\/index.php\/2021\/04\/07\/balluku-paralajmeron-masa-ligjore-ndaj-kontrolloreve-ajrore-i-ben-thirrje-metes-te-shprehet\/","title":{"rendered":"Balluku: Do marrim masa drastike ndaj kontrollor\u00ebve ajror\u00eb, u b\u00ebj thirrje t&#8217;i kthehen pun\u00ebs","gt_translate_keys":[{"key":"rendered","format":"text"}]},"content":{"rendered":"<p><span style=\"color: #000000;\"><img loading=\"lazy\" decoding=\"async\" class=\"aligncenter size-full wp-image-441480\" src=\"https:\/\/hashtag.al\/wp-content\/uploads\/2021\/04\/balluku3.jpg\" alt=\"\" width=\"1290\" height=\"628\" srcset=\"https:\/\/www.hashtag.al\/wp-content\/uploads\/2021\/04\/balluku3.jpg 1290w, https:\/\/www.hashtag.al\/wp-content\/uploads\/2021\/04\/balluku3-300x146.jpg 300w, https:\/\/www.hashtag.al\/wp-content\/uploads\/2021\/04\/balluku3-768x374.jpg 768w, https:\/\/www.hashtag.al\/wp-content\/uploads\/2021\/04\/balluku3-1024x499.jpg 1024w\" sizes=\"auto, (max-width: 1290px) 100vw, 1290px\" \/><\/span><\/p>\n<p><span style=\"color: #000000;\">Gjat\u00eb konferenc\u00ebs p\u00ebr shtyp ministrja e Infrastruktur\u00ebs Balluku i b\u00ebri thirrje Met\u00ebs q\u00eb t\u00eb shprehet p\u00ebr situat\u00ebn e krijuar duke theksuar se nga greva e kontrollor\u00ebve ajror\u00eb n\u00eb vend \u00ebsht\u00eb cenuar siguria komb\u00ebtare e vendit. <\/span><\/p>\n<p><span style=\"color: #000000;\">Po k\u00ebshtu ajo lajm\u00ebroi marrjen e masave ligjore ndaj kontrollor\u00ebve si dhe u b\u00ebri thirrje atyre q\u00eb t\u00eb kthehen n\u00eb vendet e pun\u00ebs p\u00ebr t\u00eb p\u00ebrmbyshur detyrimet e t\u00eb rikthimin e normalitetit.<\/span><\/p>\n<p><span style=\"color: #000000;\"><em>\u201cI k\u00ebrkoj Presidentit t\u00eb Republik\u00ebs q\u00eb t\u00eb shprehet publikisht p\u00ebr k\u00ebt\u00eb situat\u00eb. A mundet shteti t\u00eb kompensoj\u00eb punonj\u00ebsit kur shteti nuk i ka futur kurr\u00eb duart. Meta i di mir\u00eb t\u00eb gjitha pasi edhe i ka takuar kontrollor\u00ebt ajror\u00eb.\u00a0Meta i ka t\u00eb gjitha t\u00eb dh\u00ebnat, i ka edhe pagat para 2020, edhe sot. A mundet shteti t\u00eb kapet peng nga nj\u00eb grup njer\u00ebzish q\u00eb t\u00eb k\u00ebrkojn\u00eb t\u00eb marrin 15 rroga sa \u00e7\u2019merr nj\u00eb shqiptar? 4 mij\u00eb e 400 dollar\u00eb, p\u00ebr nj\u00eb person, do t\u00eb ishin nj\u00ebsoj sa 14 shqiptar\u00eb. Dikush mbr\u00ebm\u00eb gjat\u00eb negociatave kishte th\u00ebn\u00eb, poe 60 jemi ne nuk u b\u00eb nami. Jo, ju doni sa 600 shqiptar\u00eb.\u00a0Ne do na duhet t\u00eb marrim disa masa ligjore t\u00eb cilat nuk jan\u00eb t\u00eb mira as p\u00ebr punonj\u00ebsit dhe as p\u00ebr navigikimin ajror n\u00eb vend. Dialogu ka qen\u00eb i vijuesh\u00ebm me kontrollor\u00ebt prej disa koh\u00ebsh. I kemi paraqitur t\u00eb gjith\u00eb skenar\u00ebt sesi do vijohej me trafikun ajror n\u00eb baz\u00eb t\u00eb numrit t\u00eb fluturimeve. Kjo situat\u00eb r\u00ebndon \u00e7do qytetar t\u00eb Shqip\u00ebris\u00eb c\u00ebnon sigurin\u00eb komb\u00ebtare. Do marrim masa t\u00eb shtetit ligjor dhe u b\u00ebj thirrje kontrollor\u00ebve q\u00eb t\u00eb kthehen n\u00eb detyr\u00eb dhe t\u00eb stabilizojn\u00eb situat\u00ebn dhe t\u00eb b\u00ebjn\u00eb detyr\u00ebn p\u00ebr t\u00eb cil\u00ebn jan\u00eb paguar gjith\u00eb k\u00ebto vite.\u201d<\/em>\u2013 tha Balluku.<\/span><\/p>\n","protected":false,"gt_translate_keys":[{"key":"rendered","format":"html"}]},"excerpt":{"rendered":"<p>Gjat\u00eb konferenc\u00ebs p\u00ebr shtyp ministrja e Infrastruktur\u00ebs Balluku i b\u00ebri thirrje Met\u00ebs q\u00eb t\u00eb shprehet p\u00ebr situat\u00ebn e krijuar duke theksuar se nga greva e kontrollor\u00ebve ajror\u00eb n\u00eb vend \u00ebsht\u00eb cenuar siguria komb\u00ebtare e vendit. Po k\u00ebshtu ajo lajm\u00ebroi marrjen e masave ligjore ndaj kontrollor\u00ebve si dhe u b\u00ebri thirrje atyre q\u00eb t\u00eb kthehen n\u00eb [&hellip;]<\/p>\n","protected":false,"gt_translate_keys":[{"key":"rendered","format":"html"}]},"author":51,"featured_media":441480,"comment_status":"open","ping_status":"open","sticky":false,"template":"","format":"standard","meta":{"footnotes":""},"categories":[22,65,13],"tags":[],"class_list":["post-441479","post","type-post","status-publish","format-standard","has-post-thumbnail","hentry","category-ballina","category-lajme","category-te-fundit"],"gt_translate_keys":[{"key":"link","format":"url"}],"_links":{"self":[{"href":"https:\/\/www.hashtag.al\/index.php\/wp-json\/wp\/v2\/posts\/441479","targetHints":{"allow":["GET"]}}],"collection":[{"href":"https:\/\/www.hashtag.al\/index.php\/wp-json\/wp\/v2\/posts"}],"about":[{"href":"https:\/\/www.hashtag.al\/index.php\/wp-json\/wp\/v2\/types\/post"}],"author":[{"embeddable":true,"href":"https:\/\/www.hashtag.al\/index.php\/wp-json\/wp\/v2\/users\/51"}],"replies":[{"embeddable":true,"href":"https:\/\/www.hashtag.al\/index.php\/wp-json\/wp\/v2\/comments?post=441479"}],"version-history":[{"count":0,"href":"https:\/\/www.hashtag.al\/index.php\/wp-json\/wp\/v2\/posts\/441479\/revisions"}],"wp:featuredmedia":[{"embeddable":true,"href":"https:\/\/www.hashtag.al\/index.php\/wp-json\/wp\/v2\/media\/441480"}],"wp:attachment":[{"href":"https:\/\/www.hashtag.al\/index.php\/wp-json\/wp\/v2\/media?parent=441479"}],"wp:term":[{"taxonomy":"category","embeddable":true,"href":"https:\/\/www.hashtag.al\/index.php\/wp-json\/wp\/v2\/categories?post=441479"},{"taxonomy":"post_tag","embeddable":true,"href":"https:\/\/www.hashtag.al\/index.php\/wp-json\/wp\/v2\/tags?post=441479"}],"curies":[{"name":"wp","href":"https:\/\/api.w.org\/{rel}","templated":true}]}}